{"id":1644,"date":"2015-03-09T06:34:08","date_gmt":"2015-03-09T05:34:08","guid":{"rendered":"http:\/\/www.milosnicylasu.olsztyn.pl\/?p=1644"},"modified":"2015-03-09T06:54:54","modified_gmt":"2015-03-09T05:54:54","slug":"nowosci-na-stronie-lesne-zarty","status":"publish","type":"post","link":"https:\/\/www.milosnicylasu.olsztyn.pl\/?p=1644","title":{"rendered":"Nowo\u015bci na stronie &#8221; Le\u015bne&#8221; \u017carty i nie tylko"},"content":{"rendered":"<p>Na stronie &#8221; Le\u015bne&#8221; \u017carty i nie tylko \u00a0&#8211; nowo\u015bci przes\u0142ane przez Marzenk\u0119 Kicowsk\u0105 Jaro\u0144 i Waldka Chrzanowskiego.<\/p>\n<p>A dla zach\u0119ty do zajrzenia na stronk\u0119 &#8211; jeden z \u017cart\u00f3w Marzenki<\/p>\n<p><strong>Wolne<\/strong><br \/>\nPostanowi\u0142em wzi\u0105\u0107 kr\u00f3tki urlop. Uzmys\u0142owi\u0142em sobie jednak, \u017ce przecie\u017c wszystko ju\u017c wybra\u0142em. Ba, chyba nawet zalegam szefowi dzie\u0144 lub dwa. Pomy\u015bla\u0142em, \u017ce chyba najszybciej zmi\u0119kcz\u0119 bossowe serce, gdy zrobi\u0119 co\u015b tak g\u0142upiego \u017ce ten zacznie si\u0119 nade mn\u0105 litowa\u0107! No, bo przem\u0119czony jestem, przepracowany i zaczyna mi odbija\u0107. Samo \u017cycie, nie?<br \/>\nNast\u0119pnego dnia przyszed\u0142em troch\u0119 wcze\u015bniej do pracy. Rozejrza\u0142em si\u0119 dooko\u0142a. MAM!!!! Odbi\u0142em si\u0119 od pod\u0142ogi, poszybowa\u0142em w kierunku \u017cyrandola, z\u0142apa\u0142em go mocno&#8230; i &#8211; wisz\u0119! Wchodzi Ba\u015bka, kole\u017canka z biurka obok i rozdziawia g\u0119b\u0119 patrz\u0105c na mnie do g\u00f3ry.<br \/>\n&#8211; Ciiiii &#8211; szepcz\u0119 konspiracyjnie &#8211; r\u017cn\u0119 psychola, bo chc\u0119 kilka dni wolnego od starego. Gram \u017car\u00f3w\u0119, rozumiesz?<br \/>\nKilka sekund p\u00f3\u017aniej wchodzi szef. Ju\u017c od progu huczy swoim basem, co ja tam robi\u0119 u g\u00f3ry. &#8211; Ja jestem \u017car\u00f3wka! &#8211; wypiszcza\u0142em.<br \/>\n&#8211; Stary, no co ty, chyba ci\u0119 co\u015b straszy! We\u017a lepiej kilka dni wolnego i jed\u017a si\u0119 gdzie\u015b przewietrzy\u0107. Wdzi\u0119cznie sfrun\u0105\u0142em i zaczynam si\u0119 pakowa\u0107. Ale widz\u0119 \u017ce Ba\u015bka te\u017c zaczyna si\u0119 pakowa\u0107!<br \/>\nGdy szef j\u0105 pyta &#8222;a pani dok\u0105d?&#8221; &#8211; Ba\u015bka odpowiada:<br \/>\n&#8211; No przecie\u017c nie b\u0119d\u0119 pracowa\u0142a po ciemku!<b><\/b><\/p>\n<p><b>\u00a0<\/b><\/p>\n","protected":false},"excerpt":{"rendered":"<p>Na stronie &#8221; Le\u015bne&#8221; \u017carty i nie tylko \u00a0&#8211; nowo\u015bci przes\u0142ane przez Marzenk\u0119 Kicowsk\u0105 Jaro\u0144 i Waldka Chrzanowskiego. A dla zach\u0119ty do zajrzenia na stronk\u0119 &#8211; jeden z \u017cart\u00f3w Marzenki Wolne Postanowi\u0142em wzi\u0105\u0107 kr\u00f3tki urlop. Uzmys\u0142owi\u0142em sobie jednak, \u017ce przecie\u017c wszystko ju\u017c wybra\u0142em. Ba, chyba nawet zalegam szefowi dzie\u0144 lub dwa. Pomy\u015bla\u0142em, \u017ce chyba najszybciej [&hellip;]<\/p>\n","protected":false},"author":1,"featured_media":0,"comment_status":"open","ping_status":"open","sticky":false,"template":"","format":"standard","meta":{"footnotes":""},"categories":[1,9],"tags":[],"class_list":["post-1644","post","type-post","status-publish","format-standard","hentry","category-bez-kategorii","category-ciekawostki"],"_links":{"self":[{"href":"https:\/\/www.milosnicylasu.olsztyn.pl\/index.php?rest_route=\/wp\/v2\/posts\/1644","targetHints":{"allow":["GET"]}}],"collection":[{"href":"https:\/\/www.milosnicylasu.olsztyn.pl\/index.php?rest_route=\/wp\/v2\/posts"}],"about":[{"href":"https:\/\/www.milosnicylasu.olsztyn.pl\/index.php?rest_route=\/wp\/v2\/types\/post"}],"author":[{"embeddable":true,"href":"https:\/\/www.milosnicylasu.olsztyn.pl\/index.php?rest_route=\/wp\/v2\/users\/1"}],"replies":[{"embeddable":true,"href":"https:\/\/www.milosnicylasu.olsztyn.pl\/index.php?rest_route=%2Fwp%2Fv2%2Fcomments&post=1644"}],"version-history":[{"count":5,"href":"https:\/\/www.milosnicylasu.olsztyn.pl\/index.php?rest_route=\/wp\/v2\/posts\/1644\/revisions"}],"predecessor-version":[{"id":1650,"href":"https:\/\/www.milosnicylasu.olsztyn.pl\/index.php?rest_route=\/wp\/v2\/posts\/1644\/revisions\/1650"}],"wp:attachment":[{"href":"https:\/\/www.milosnicylasu.olsztyn.pl\/index.php?rest_route=%2Fwp%2Fv2%2Fmedia&parent=1644"}],"wp:term":[{"taxonomy":"category","embeddable":true,"href":"https:\/\/www.milosnicylasu.olsztyn.pl\/index.php?rest_route=%2Fwp%2Fv2%2Fcategories&post=1644"},{"taxonomy":"post_tag","embeddable":true,"href":"https:\/\/www.milosnicylasu.olsztyn.pl\/index.php?rest_route=%2Fwp%2Fv2%2Ftags&post=1644"}],"curies":[{"name":"wp","href":"https:\/\/api.w.org\/{rel}","templated":true}]}}