{"id":1657,"date":"2015-03-12T21:51:05","date_gmt":"2015-03-12T20:51:05","guid":{"rendered":"http:\/\/www.milosnicylasu.olsztyn.pl\/?p=1657"},"modified":"2015-03-12T21:52:43","modified_gmt":"2015-03-12T20:52:43","slug":"w-sobote-14-03-2015-sprzatamy-las","status":"publish","type":"post","link":"https:\/\/www.milosnicylasu.olsztyn.pl\/?p=1657","title":{"rendered":"W sobot\u0119 14.03.2015 sprz\u0105tamy las"},"content":{"rendered":"<p>W sobot\u0119 14 marca zapraszamy na sprz\u0105tanie Arboretum i Lasu Kudypskiego.<\/p>\n<p>Zbi\u00f3rka \u00a0o <strong>godzinie 9.00 na p\u0119tli autobus\u00f3w w Dajtkach. <\/strong>Osoby, kt\u00f3re wezm\u0105 udzia\u0142 \u00a0 \u00a0w sprz\u0105taniu, b\u0119d\u0105 mia\u0142y dofinansowanie do wyjazdu 21 marca do Nadle\u015bnictwa Mr\u0105gowo.<\/p>\n<p>Informujemy,\u017ce \u00a0jest jeszcze kilka miejsc na wyjazd do Mr\u0105gowa. Ch\u0119tnych prosimy \u00a0 \u00a0 \u00a0 \u00a0o kontakt z Anatolem Leszczy\u0144skim tel. 731 722 095 , najp\u00f3\u017aniej do poniedzia\u0142ku do godziny 10.00.<\/p>\n","protected":false},"excerpt":{"rendered":"<p>W sobot\u0119 14 marca zapraszamy na sprz\u0105tanie Arboretum i Lasu Kudypskiego. Zbi\u00f3rka \u00a0o godzinie 9.00 na p\u0119tli autobus\u00f3w w Dajtkach. Osoby, kt\u00f3re wezm\u0105 udzia\u0142 \u00a0 \u00a0w sprz\u0105taniu, b\u0119d\u0105 mia\u0142y dofinansowanie do wyjazdu 21 marca do Nadle\u015bnictwa Mr\u0105gowo. Informujemy,\u017ce \u00a0jest jeszcze kilka miejsc na wyjazd do Mr\u0105gowa. Ch\u0119tnych prosimy \u00a0 \u00a0 \u00a0 \u00a0o kontakt z Anatolem [&hellip;]<\/p>\n","protected":false},"author":1,"featured_media":0,"comment_status":"open","ping_status":"open","sticky":false,"template":"","format":"standard","meta":{"footnotes":""},"categories":[1,2,5],"tags":[],"class_list":["post-1657","post","type-post","status-publish","format-standard","hentry","category-bez-kategorii","category-rajdy","category-wycieczki"],"_links":{"self":[{"href":"https:\/\/www.milosnicylasu.olsztyn.pl\/index.php?rest_route=\/wp\/v2\/posts\/1657","targetHints":{"allow":["GET"]}}],"collection":[{"href":"https:\/\/www.milosnicylasu.olsztyn.pl\/index.php?rest_route=\/wp\/v2\/posts"}],"about":[{"href":"https:\/\/www.milosnicylasu.olsztyn.pl\/index.php?rest_route=\/wp\/v2\/types\/post"}],"author":[{"embeddable":true,"href":"https:\/\/www.milosnicylasu.olsztyn.pl\/index.php?rest_route=\/wp\/v2\/users\/1"}],"replies":[{"embeddable":true,"href":"https:\/\/www.milosnicylasu.olsztyn.pl\/index.php?rest_route=%2Fwp%2Fv2%2Fcomments&post=1657"}],"version-history":[{"count":2,"href":"https:\/\/www.milosnicylasu.olsztyn.pl\/index.php?rest_route=\/wp\/v2\/posts\/1657\/revisions"}],"predecessor-version":[{"id":1659,"href":"https:\/\/www.milosnicylasu.olsztyn.pl\/index.php?rest_route=\/wp\/v2\/posts\/1657\/revisions\/1659"}],"wp:attachment":[{"href":"https:\/\/www.milosnicylasu.olsztyn.pl\/index.php?rest_route=%2Fwp%2Fv2%2Fmedia&parent=1657"}],"wp:term":[{"taxonomy":"category","embeddable":true,"href":"https:\/\/www.milosnicylasu.olsztyn.pl\/index.php?rest_route=%2Fwp%2Fv2%2Fcategories&post=1657"},{"taxonomy":"post_tag","embeddable":true,"href":"https:\/\/www.milosnicylasu.olsztyn.pl\/index.php?rest_route=%2Fwp%2Fv2%2Ftags&post=1657"}],"curies":[{"name":"wp","href":"https:\/\/api.w.org\/{rel}","templated":true}]}}