{"id":1660,"date":"2015-03-14T18:38:19","date_gmt":"2015-03-14T17:38:19","guid":{"rendered":"http:\/\/www.milosnicylasu.olsztyn.pl\/?p=1660"},"modified":"2015-03-14T18:38:19","modified_gmt":"2015-03-14T17:38:19","slug":"wiosna-juz-tuz","status":"publish","type":"post","link":"https:\/\/www.milosnicylasu.olsztyn.pl\/?p=1660","title":{"rendered":"Wiosna ju\u017c &#8211; tu\u017c"},"content":{"rendered":"<p><span style=\"color: #333333; font-style: normal; line-height: 24.375px;\">Gdyby kto\u015b mia\u0142 w\u0105tpliwo\u015bci czy daleko do wiosny, to zapraszam do zobaczenia zdj\u0119\u0107, kt\u00f3re zrobi\u0142 \u00a0Tolek Leszczy\u0144ski \u00a013 marca 2015 r., na dzia\u0142ce, nad rzek\u0105 Wad\u0105g w\u00a0<\/span><span style=\"color: #333333; font-style: normal; line-height: 24.375px;\">Olsztynie.<\/span><\/p>\n<p><img loading=\"lazy\" decoding=\"async\" class=\"alignleft size-medium wp-image-1661\" style=\"color: #333333; font-style: normal; line-height: 24.375px; margin-top: 0.4em;\" alt=\"P3130514-www\" src=\"http:\/\/www.milosnicylasu.olsztyn.pl\/wp-content\/uploads\/2015\/03\/P3130514-www-300x225.jpg\" width=\"300\" height=\"225\" srcset=\"https:\/\/www.milosnicylasu.olsztyn.pl\/wp-content\/uploads\/2015\/03\/P3130514-www-300x225.jpg 300w, https:\/\/www.milosnicylasu.olsztyn.pl\/wp-content\/uploads\/2015\/03\/P3130514-www-400x300.jpg 400w, https:\/\/www.milosnicylasu.olsztyn.pl\/wp-content\/uploads\/2015\/03\/P3130514-www.jpg 1024w\" sizes=\"auto, (max-width: 300px) 100vw, 300px\" \/><\/p>\n<p><span style=\"color: #333333; font-style: normal; line-height: 24.375px;\">.<\/span><span style=\"color: #333333; font-style: normal; line-height: 24.375px;\"><a href=\"http:\/\/www.milosnicylasu.olsztyn.pl\/wp-content\/uploads\/2015\/03\/P3130531-www.jpg\" data-rel=\"lightbox-image-0\" data-magnific_type=\"image\" data-rl_title=\"\" data-rl_caption=\"\" title=\"\"><br \/>\n<\/a><\/span><\/p>\n<p><b>Stokrotka pospolita<\/b>, s. \u0142\u0105kowa, s. trwa\u0142a (<i>Bellis perennis<\/i>) \u2013 gatunek\u00a0ro\u015bliny z rodziny astrowatych. Wyst\u0119puje na wi\u0119kszo\u015bci obszaru Europy, w Azji Zachodniej i Azerbejd\u017canie, oraz Libii.\u00a0Rozprzestrzenia si\u0119 te\u017c gdzieniegdzie poza tym obszarem rodzimego wyst\u0119powania. Jest\u00a0pospolita na terenie ca\u0142ej\u00a0<span style=\"color: #333333; font-style: normal; line-height: 24.375px;\">Polski.\u00a0<\/span><\/p>\n<p>&nbsp;<\/p>\n<p><img loading=\"lazy\" decoding=\"async\" class=\"size-medium wp-image-1665 alignright\" style=\"border-color: #bbbbbb; margin-top: 0.4em; background: #eeeeee;\" alt=\"P3130531-www\" src=\"http:\/\/www.milosnicylasu.olsztyn.pl\/wp-content\/uploads\/2015\/03\/P3130531-www-300x225.jpg\" width=\"300\" height=\"225\" srcset=\"https:\/\/www.milosnicylasu.olsztyn.pl\/wp-content\/uploads\/2015\/03\/P3130531-www-300x225.jpg 300w, https:\/\/www.milosnicylasu.olsztyn.pl\/wp-content\/uploads\/2015\/03\/P3130531-www-400x300.jpg 400w, https:\/\/www.milosnicylasu.olsztyn.pl\/wp-content\/uploads\/2015\/03\/P3130531-www.jpg 1024w\" sizes=\"auto, (max-width: 300px) 100vw, 300px\" \/><\/p>\n<p><b>Mahonia<\/b>, o\u015bcia\u0142 (<i>Mahonia<\/i> Nutt.) \u2013 rodzaj krzew\u00f3w\u00a0wyst\u0119puj\u0105cych naturalnie w Azji Wschodniej, Ameryce P\u00f3\u0142nocnej i \u015arodkowej. Znanych jest ok. 50 gatunk\u00f3w. <a title=\"Gatunek typowy\" href=\"http:\/\/pl.wikipedia.org\/wiki\/Gatunek_typowy\">Gatunek typowy<\/a>: <a title=\"Mahonia pospolita\" href=\"http:\/\/pl.wikipedia.org\/wiki\/Mahonia_pospolita\">mahonia pospolita<\/a> <i>M. aquifolium<\/i> (Pursh) Nuttall (<i>typ. cons.<\/i>).<\/p>\n<p>&nbsp;<\/p>\n<p><strong>Krokusy<\/strong> s\u0105 jednymi z najwcze\u015bniej kwitn\u0105cych <span style=\"color: #333333; font-style: normal; line-height: 24.375px;\">\u00a0wiosn\u0105 ro\u015blin<\/span>. Ich nazwa \u0142aci\u0144ska pochodzi od ich nazwy starogreckiej \u2013 krokos. Nale\u017c\u0105 do wieloletnich ro\u015blin bulwiastych. Najpopularniejsze w uprawie s\u0105 krokusy wielkokwiatowe.<\/p>\n<p>Krokusy zakwitaj\u0105 w III \u2013 czasem wtedy, gdy jeszcze le\u017cy \u015bnieg. Kwiaty i li\u015bcie wyrastaj\u0105 wprost z niewielkich bulw przybyszowych, pokrytych charakterystycznymi siateczkowatymi \u0142uskami. W\u0105skie li\u015bcie rosn\u0105 silnie dopiero po kwitnieniu. Kwiaty,w\u00a0zale\u017cno\u015bci od odmiany, maj\u0105 barw\u0119 fioletow\u0105, niebiesk\u0105, liliow\u0105, \u017c\u00f3\u0142t\u0105, bia\u0142\u0105, mog\u0105 by\u0107 tak\u017ce dwubarwne (paskowane).<\/p>\n<p>Krokusy wymagaj\u0105 gleby pr\u00f3chniczej, \u0142atwo nagrzewaj\u0105cej si\u0119, przepuszczalnej i dostatecznie wilgotnej, o odczynie lekko kwa\u015bnym (\u017ale znosz\u0105 nadmiar wapnia). Na glebie lekkiej, piaszczysto-gliniastej i ja\u0142owej przyrosty bulw s\u0105 niewielkie i ro\u015bliny mog\u0105 nie zakwitn\u0105\u0107.<\/p>\n<p><img loading=\"lazy\" decoding=\"async\" class=\"alignleft size-medium wp-image-1662\" alt=\"P3130516-www\" src=\"http:\/\/www.milosnicylasu.olsztyn.pl\/wp-content\/uploads\/2015\/03\/P3130516-www-300x225.jpg\" width=\"300\" height=\"225\" srcset=\"https:\/\/www.milosnicylasu.olsztyn.pl\/wp-content\/uploads\/2015\/03\/P3130516-www-300x225.jpg 300w, https:\/\/www.milosnicylasu.olsztyn.pl\/wp-content\/uploads\/2015\/03\/P3130516-www-400x300.jpg 400w, https:\/\/www.milosnicylasu.olsztyn.pl\/wp-content\/uploads\/2015\/03\/P3130516-www.jpg 1024w\" sizes=\"auto, (max-width: 300px) 100vw, 300px\" \/><\/p>\n<p>Najlepiej rosn\u0105 na s\u0142onecznym b\u0105d\u017a lekko ocienionym stanowisku.<br \/>\nBulwy krokus\u00f3w nale\u017cy sadzi\u0107 we IX i na pocz\u0105tku X.<\/p>\n<p>G\u0142\u0119boko\u015b\u0107 sadzenia zale\u017cy od wielko\u015bci bulw: ma\u0142e sadzimy na 5\u20136 cm, du\u017ce na oko\u0142o 8 cm. Odst\u0119p mi\u0119dzy bulwami powinien wynosi\u0107 10\u201315 cm.Bulwy krokus\u00f3w s\u0105 jednoroczne \u2013 w miejsce bulwy matecznej powstaj\u0105 liczne bulwy potomne. Wykopuje si\u0119 je co 3\u20134 lata, najcz\u0119\u015bciej na pocz\u0105tku lub w po\u0142owie VI (nale\u017cy poczeka\u0107, a\u017c li\u015bcie zaczn\u0105 zasycha\u0107). Po wykopaniu nale\u017cy je przesuszy\u0107 w temperaturze 20\u201325\u00b0C, nast\u0119pnie oczy\u015bci\u0107 i oddzieli\u0107 bulwy przybyszowe. Do momentu sadzenia oczyszczone bulwy przechowuje si\u0119 w przewiewnym miejscu zapewniaj\u0105c 17\u201320\u00b0C.<\/p>\n<p><img loading=\"lazy\" decoding=\"async\" class=\"alignleft size-medium wp-image-1664\" alt=\"P3130536-www\" src=\"http:\/\/www.milosnicylasu.olsztyn.pl\/wp-content\/uploads\/2015\/03\/P3130536-www-300x225.jpg\" width=\"300\" height=\"225\" srcset=\"https:\/\/www.milosnicylasu.olsztyn.pl\/wp-content\/uploads\/2015\/03\/P3130536-www-300x225.jpg 300w, https:\/\/www.milosnicylasu.olsztyn.pl\/wp-content\/uploads\/2015\/03\/P3130536-www-400x300.jpg 400w, https:\/\/www.milosnicylasu.olsztyn.pl\/wp-content\/uploads\/2015\/03\/P3130536-www.jpg 1024w\" sizes=\"auto, (max-width: 300px) 100vw, 300px\" \/><\/p>\n<p>&nbsp;<\/p>\n<p>A to zagadka. Co to za ro\u015blina?<\/p>\n","protected":false},"excerpt":{"rendered":"<p>Gdyby kto\u015b mia\u0142 w\u0105tpliwo\u015bci czy daleko do wiosny, to zapraszam do zobaczenia zdj\u0119\u0107, kt\u00f3re zrobi\u0142 \u00a0Tolek Leszczy\u0144ski \u00a013 marca 2015 r., na dzia\u0142ce, nad rzek\u0105 Wad\u0105g w\u00a0Olsztynie. . Stokrotka pospolita, s. \u0142\u0105kowa, s. trwa\u0142a (Bellis perennis) \u2013 gatunek\u00a0ro\u015bliny z rodziny astrowatych. Wyst\u0119puje na wi\u0119kszo\u015bci obszaru Europy, w Azji Zachodniej i Azerbejd\u017canie, oraz Libii.\u00a0Rozprzestrzenia si\u0119 te\u017c [&hellip;]<\/p>\n","protected":false},"author":1,"featured_media":0,"comment_status":"open","ping_status":"open","sticky":false,"template":"","format":"standard","meta":{"footnotes":""},"categories":[1,9],"tags":[],"class_list":["post-1660","post","type-post","status-publish","format-standard","hentry","category-bez-kategorii","category-ciekawostki"],"_links":{"self":[{"href":"https:\/\/www.milosnicylasu.olsztyn.pl\/index.php?rest_route=\/wp\/v2\/posts\/1660","targetHints":{"allow":["GET"]}}],"collection":[{"href":"https:\/\/www.milosnicylasu.olsztyn.pl\/index.php?rest_route=\/wp\/v2\/posts"}],"about":[{"href":"https:\/\/www.milosnicylasu.olsztyn.pl\/index.php?rest_route=\/wp\/v2\/types\/post"}],"author":[{"embeddable":true,"href":"https:\/\/www.milosnicylasu.olsztyn.pl\/index.php?rest_route=\/wp\/v2\/users\/1"}],"replies":[{"embeddable":true,"href":"https:\/\/www.milosnicylasu.olsztyn.pl\/index.php?rest_route=%2Fwp%2Fv2%2Fcomments&post=1660"}],"version-history":[{"count":1,"href":"https:\/\/www.milosnicylasu.olsztyn.pl\/index.php?rest_route=\/wp\/v2\/posts\/1660\/revisions"}],"predecessor-version":[{"id":1666,"href":"https:\/\/www.milosnicylasu.olsztyn.pl\/index.php?rest_route=\/wp\/v2\/posts\/1660\/revisions\/1666"}],"wp:attachment":[{"href":"https:\/\/www.milosnicylasu.olsztyn.pl\/index.php?rest_route=%2Fwp%2Fv2%2Fmedia&parent=1660"}],"wp:term":[{"taxonomy":"category","embeddable":true,"href":"https:\/\/www.milosnicylasu.olsztyn.pl\/index.php?rest_route=%2Fwp%2Fv2%2Fcategories&post=1660"},{"taxonomy":"post_tag","embeddable":true,"href":"https:\/\/www.milosnicylasu.olsztyn.pl\/index.php?rest_route=%2Fwp%2Fv2%2Ftags&post=1660"}],"curies":[{"name":"wp","href":"https:\/\/api.w.org\/{rel}","templated":true}]}}