{"id":1667,"date":"2015-03-16T10:08:49","date_gmt":"2015-03-16T09:08:49","guid":{"rendered":"http:\/\/www.milosnicylasu.olsztyn.pl\/?p=1667"},"modified":"2015-03-16T10:19:43","modified_gmt":"2015-03-16T09:19:43","slug":"pracowita-sobota-w-lesie-kudypskim-i-arboretum","status":"publish","type":"post","link":"https:\/\/www.milosnicylasu.olsztyn.pl\/?p=1667","title":{"rendered":"Pracowita sobota w Lesie Kudypskim i Arboretum"},"content":{"rendered":"<p><img loading=\"lazy\" decoding=\"async\" class=\"alignleft size-medium wp-image-1675\" alt=\"P3130534-www\" src=\"http:\/\/www.milosnicylasu.olsztyn.pl\/wp-content\/uploads\/2015\/03\/P3130534-www-300x225.jpg\" width=\"300\" height=\"225\" srcset=\"https:\/\/www.milosnicylasu.olsztyn.pl\/wp-content\/uploads\/2015\/03\/P3130534-www-300x225.jpg 300w, https:\/\/www.milosnicylasu.olsztyn.pl\/wp-content\/uploads\/2015\/03\/P3130534-www-400x300.jpg 400w, https:\/\/www.milosnicylasu.olsztyn.pl\/wp-content\/uploads\/2015\/03\/P3130534-www.jpg 1024w\" sizes=\"auto, (max-width: 300px) 100vw, 300px\" \/><a href=\"http:\/\/www.milosnicylasu.olsztyn.pl\/wp-content\/uploads\/2015\/03\/P3140546-wwww.jpg\" data-rel=\"lightbox-image-0\" data-magnific_type=\"image\" data-rl_title=\"\" data-rl_caption=\"\" title=\"\"><img loading=\"lazy\" decoding=\"async\" class=\"size-medium wp-image-1669 alignright\" alt=\"P3140546-wwww\" src=\"http:\/\/www.milosnicylasu.olsztyn.pl\/wp-content\/uploads\/2015\/03\/P3140546-wwww-300x225.jpg\" width=\"300\" height=\"225\" srcset=\"https:\/\/www.milosnicylasu.olsztyn.pl\/wp-content\/uploads\/2015\/03\/P3140546-wwww-300x225.jpg 300w, https:\/\/www.milosnicylasu.olsztyn.pl\/wp-content\/uploads\/2015\/03\/P3140546-wwww-400x300.jpg 400w, https:\/\/www.milosnicylasu.olsztyn.pl\/wp-content\/uploads\/2015\/03\/P3140546-wwww.jpg 1024w\" sizes=\"auto, (max-width: 300px) 100vw, 300px\" \/><\/a>Prognozy pogody na sobot\u0119 14 marca 2015 r. podawane przez r\u00f3\u017cne stacje telewizyjne nie by\u0142y optymistyczne &#8211; zimno, deszcz, wiatr&#8230;. Ale potwierdzi\u0142o si\u0119,\u017ce : &#8222;telewizja k\u0142amie&#8221;, by\u0142o co prawda pochmurnie, ale zero deszczu i zacisznie, jak to w lesie. Tym razem by\u0142a bardzo liczna ekipa sprz\u0105taj\u0105cych &#8211; 36 cz\u0142onk\u00f3w Ko\u0142a Mi\u0142o\u015bnik\u00f3w Lasu i Militari\u00f3w LOK przy ATW w Olsztynie oraz 8 os\u00f3b &#8211; dzieci i wnuki naszych cz\u0142onk\u00f3w. Szczeg\u00f3lnie cieszy udzia\u0142 m\u0142odego pokolenia, s\u0105 tak ch\u0119tni do pracy i wnosz\u0105 wiele rado\u015bci. Okaza\u0142o si\u0119,\u017ce las bardzo \u0142\u0105czy pokolenia. Podobnie jak w poprzedni\u0105 sobot\u0119 sprz\u0105tali\u015bmy Las Kudypski. \u0141\u0105cznie uzbierali\u015bmy 26 work\u00f3w r\u00f3\u017cnych \u015bmieci.<\/p>\n<p><img loading=\"lazy\" decoding=\"async\" class=\"alignleft size-medium wp-image-1670\" alt=\"P3140559-www\" src=\"http:\/\/www.milosnicylasu.olsztyn.pl\/wp-content\/uploads\/2015\/03\/P3140559-www-300x225.jpg\" width=\"300\" height=\"225\" srcset=\"https:\/\/www.milosnicylasu.olsztyn.pl\/wp-content\/uploads\/2015\/03\/P3140559-www-300x225.jpg 300w, https:\/\/www.milosnicylasu.olsztyn.pl\/wp-content\/uploads\/2015\/03\/P3140559-www-400x300.jpg 400w, https:\/\/www.milosnicylasu.olsztyn.pl\/wp-content\/uploads\/2015\/03\/P3140559-www.jpg 1024w\" sizes=\"auto, (max-width: 300px) 100vw, 300px\" \/><\/p>\n<p>Pomogli\u015bmy r\u00f3wnie\u017c w pracach porz\u0105dkowych w <strong>Le\u015bnym Arboretum<span style=\"color: #333333; font-style: normal; line-height: 24.375px;\">\u00a0Warmii i Mazur w Kudypach im. Polskiego Towarzystwa Le\u015bnego.<\/span><\/strong><\/p>\n<p><strong style=\"color: #333333; font-style: normal; line-height: 24.375px;\"><span style=\"color: #333333; font-style: normal; line-height: 24.375px;\">\u00a0Arboretum po\u0142o\u017cone jest <\/span><\/strong><strong><span style=\"color: #333333; font-style: normal; line-height: 24.375px;\">\u00a0w miejscowo\u015bci Kudypy, w odleg\u0142o\u015bci 4 kilometr\u00f3w od Olsztyna i\u00a0zajmuje obecnie powierzchni\u0119 15,69 ha. <\/span><\/strong><\/p>\n<p><strong><span style=\"color: #333333; font-style: normal; line-height: 24.375px;\">Od 1999\u00a0roku jako jednostka organizacyjna Nadle\u015bnictwa Kudypy nale\u017cy do Rady Ogrod\u00f3w Botanicznych w Polsce a od 2005\u00a0roku posiada status ogrodu<a title=\"Ogr\u00f3d botaniczny\" href=\"http:\/\/pl.wikipedia.org\/wiki\/Ogr%C3%B3d_botaniczny\">\u00a0<\/a>\u00a0nadany przez Ministerstwo \u015arodowiska.\u00a0<\/span><\/strong><\/p>\n<p><img loading=\"lazy\" decoding=\"async\" class=\"size-medium wp-image-1671 alignright\" alt=\"P3140562-www\" src=\"http:\/\/www.milosnicylasu.olsztyn.pl\/wp-content\/uploads\/2015\/03\/P3140562-www-300x225.jpg\" width=\"300\" height=\"225\" srcset=\"https:\/\/www.milosnicylasu.olsztyn.pl\/wp-content\/uploads\/2015\/03\/P3140562-www-300x225.jpg 300w, https:\/\/www.milosnicylasu.olsztyn.pl\/wp-content\/uploads\/2015\/03\/P3140562-www-400x300.jpg 400w, https:\/\/www.milosnicylasu.olsztyn.pl\/wp-content\/uploads\/2015\/03\/P3140562-www.jpg 1024w\" sizes=\"auto, (max-width: 300px) 100vw, 300px\" \/><\/p>\n<p>Na obszarze ogrodu wyst\u0119puj\u0105 naturalne oczka wodne, \u015bcie\u017cki, drewniane zadaszenia, k\u0142adki i mostki. Kolekcja drzew i krzew\u00f3w\u00a0znajduj\u0105ca si\u0119 w Kudypach obejmuje obecnie ponad 1000 gatunk\u00f3w\u00a0oraz odmian, przewa\u017ca ro\u015blinno\u015b\u0107 charakterystyczna dla wzgl\u0119dnie surowego klimatu.<\/p>\n<p>W ka\u017cdej porze roku w Arboretum jest pi\u0119knie, ale obowi\u0105zkowo trzeba odwiedzi\u0107 ten ogr\u00f3d w kwietniu, maju i czerwcu, kiedy kwitn\u0105 \u00a0azalie, rododendrony, magnolie. Bogactwo gatunk\u00f3w, kolor\u00f3w urzeknie ka\u017cdego. Arboretum jest czynne od 15 kwietnia do 31 pa\u017adziernika od 9.00 do 18.00.<\/p>\n<p>Mamy nadziej\u0119, \u017ce swoj\u0105 prac\u0105 pomogli\u015bmy pracownikom Nadle\u015bnictwa w uporz\u0105dkowaniu Arboretum po zimie.<\/p>\n<p>Na zako\u0144czenie pracowitego dnia mieli\u015bmy niespodziank\u0119. Pani Paulina Rutkowska z Nadle\u015bnictwa Kudypy zaprosi\u0142a nas na ognisko.<\/p>\n<p><a style=\"font-style: normal; line-height: 24.375px; text-decoration: underline;\" href=\"http:\/\/www.milosnicylasu.olsztyn.pl\/wp-content\/uploads\/2015\/03\/P3140582-www.jpg\" data-rel=\"lightbox-image-1\" data-magnific_type=\"image\" data-rl_title=\"\" data-rl_caption=\"\" title=\"\"><img loading=\"lazy\" decoding=\"async\" class=\"alignleft size-medium wp-image-1672\" style=\"border-color: #bbbbbb; margin-top: 0.4em; background: #eeeeee;\" alt=\"P3140582-www\" src=\"http:\/\/www.milosnicylasu.olsztyn.pl\/wp-content\/uploads\/2015\/03\/P3140582-www-300x225.jpg\" width=\"300\" height=\"225\" srcset=\"https:\/\/www.milosnicylasu.olsztyn.pl\/wp-content\/uploads\/2015\/03\/P3140582-www-300x225.jpg 300w, https:\/\/www.milosnicylasu.olsztyn.pl\/wp-content\/uploads\/2015\/03\/P3140582-www-400x300.jpg 400w, https:\/\/www.milosnicylasu.olsztyn.pl\/wp-content\/uploads\/2015\/03\/P3140582-www.jpg 1024w\" sizes=\"auto, (max-width: 300px) 100vw, 300px\" \/><\/a><\/p>\n<p>&nbsp;<\/p>\n<p>&nbsp;<\/p>\n<p>By\u0142a herbatka, kawa, pyszne kie\u0142baski i wsp\u00f3lne zdj\u0119cie.<\/p>\n<p>&nbsp;<\/p>\n<p>Pani Paulinie, za zorganizowanie naszego pobytu w Kudypach podzi\u0119kowa\u0142 prezes Anatol Leszczy\u0144ski. Otrzyma\u0142a od nas upominki, wykonane przez cz\u0142onk\u00f3w Ko\u0142a &#8211; rze\u017ab\u0119 z kory i wst\u0105\u017ceczkowe \u00a0jajko.<\/p>\n<p><img loading=\"lazy\" decoding=\"async\" class=\"size-medium wp-image-1673 alignright\" alt=\"P3140579-www\" src=\"http:\/\/www.milosnicylasu.olsztyn.pl\/wp-content\/uploads\/2015\/03\/P3140579-www-300x225.jpg\" width=\"300\" height=\"225\" srcset=\"https:\/\/www.milosnicylasu.olsztyn.pl\/wp-content\/uploads\/2015\/03\/P3140579-www-300x225.jpg 300w, https:\/\/www.milosnicylasu.olsztyn.pl\/wp-content\/uploads\/2015\/03\/P3140579-www-400x300.jpg 400w, https:\/\/www.milosnicylasu.olsztyn.pl\/wp-content\/uploads\/2015\/03\/P3140579-www.jpg 1024w\" sizes=\"auto, (max-width: 300px) 100vw, 300px\" \/><\/p>\n","protected":false},"excerpt":{"rendered":"<p>Prognozy pogody na sobot\u0119 14 marca 2015 r. podawane przez r\u00f3\u017cne stacje telewizyjne nie by\u0142y optymistyczne &#8211; zimno, deszcz, wiatr&#8230;. Ale potwierdzi\u0142o si\u0119,\u017ce : &#8222;telewizja k\u0142amie&#8221;, by\u0142o co prawda pochmurnie, ale zero deszczu i zacisznie, jak to w lesie. Tym razem by\u0142a bardzo liczna ekipa sprz\u0105taj\u0105cych &#8211; 36 cz\u0142onk\u00f3w Ko\u0142a Mi\u0142o\u015bnik\u00f3w Lasu i Militari\u00f3w LOK [&hellip;]<\/p>\n","protected":false},"author":1,"featured_media":0,"comment_status":"open","ping_status":"open","sticky":false,"template":"","format":"standard","meta":{"footnotes":""},"categories":[1,9,2],"tags":[],"class_list":["post-1667","post","type-post","status-publish","format-standard","hentry","category-bez-kategorii","category-ciekawostki","category-rajdy"],"_links":{"self":[{"href":"https:\/\/www.milosnicylasu.olsztyn.pl\/index.php?rest_route=\/wp\/v2\/posts\/1667","targetHints":{"allow":["GET"]}}],"collection":[{"href":"https:\/\/www.milosnicylasu.olsztyn.pl\/index.php?rest_route=\/wp\/v2\/posts"}],"about":[{"href":"https:\/\/www.milosnicylasu.olsztyn.pl\/index.php?rest_route=\/wp\/v2\/types\/post"}],"author":[{"embeddable":true,"href":"https:\/\/www.milosnicylasu.olsztyn.pl\/index.php?rest_route=\/wp\/v2\/users\/1"}],"replies":[{"embeddable":true,"href":"https:\/\/www.milosnicylasu.olsztyn.pl\/index.php?rest_route=%2Fwp%2Fv2%2Fcomments&post=1667"}],"version-history":[{"count":3,"href":"https:\/\/www.milosnicylasu.olsztyn.pl\/index.php?rest_route=\/wp\/v2\/posts\/1667\/revisions"}],"predecessor-version":[{"id":1677,"href":"https:\/\/www.milosnicylasu.olsztyn.pl\/index.php?rest_route=\/wp\/v2\/posts\/1667\/revisions\/1677"}],"wp:attachment":[{"href":"https:\/\/www.milosnicylasu.olsztyn.pl\/index.php?rest_route=%2Fwp%2Fv2%2Fmedia&parent=1667"}],"wp:term":[{"taxonomy":"category","embeddable":true,"href":"https:\/\/www.milosnicylasu.olsztyn.pl\/index.php?rest_route=%2Fwp%2Fv2%2Fcategories&post=1667"},{"taxonomy":"post_tag","embeddable":true,"href":"https:\/\/www.milosnicylasu.olsztyn.pl\/index.php?rest_route=%2Fwp%2Fv2%2Ftags&post=1667"}],"curies":[{"name":"wp","href":"https:\/\/api.w.org\/{rel}","templated":true}]}}