{"id":1678,"date":"2015-03-16T19:07:58","date_gmt":"2015-03-16T18:07:58","guid":{"rendered":"http:\/\/www.milosnicylasu.olsztyn.pl\/?p=1678"},"modified":"2015-03-16T19:16:53","modified_gmt":"2015-03-16T18:16:53","slug":"nowy-zart-tym-razem-o-putinie","status":"publish","type":"post","link":"https:\/\/www.milosnicylasu.olsztyn.pl\/?p=1678","title":{"rendered":"Nowy \u017cart &#8211; tym razem o Putinie"},"content":{"rendered":"<p>W\u0142adimir Putin przyby\u0142 z wizyt\u0105 na lekcj\u0119 do jednej z moskiewskich szk\u00f3\u0142.<\/p>\n<p><strong>By\u0142y kwiaty i przem\u00f3wienie, ale potem <\/strong><strong>wstaje ma\u0142y Sasza i m\u00f3wi:<br \/>\n<\/strong><strong>&#8211; Panie prezydencie, mam trzy pytania.<br \/>\nDlaczego Rosja zaj\u0119\u0142a Krym?<br \/>\nDlaczego wysy\u0142a pan rosyjskich \u017co\u0142nierzy na Ukrain\u0119?<br \/>\nI kto stoi za zab\u00f3jstwem Niemcowa?<br \/>\nZaskoczony Putin otworzy\u0142 usta, ale w tym momencie rozleg\u0142 si\u0119\u00a0<\/strong><strong>dzwonek na przerw\u0119. Po przerwie wszyscy wracaj\u0105 do klasy.<\/strong><\/p>\n<p><strong>Tym razem g\u0142os zabra\u0142 Wania:<\/strong><strong><br \/>\nPanie prezydencie, ja mam pi\u0119\u0107 pyta\u0144.<br \/>\nDlaczego Rosja zaj\u0119\u0142a Krym?<br \/>\nDlaczego wysy\u0142a pan rosyjskich \u017co\u0142nierzy na Ukrain\u0119?<br \/>\nKto stoi za zab\u00f3jstwem Niemcowa?<br \/>\nDlaczego dzwonek na przerw\u0119 by\u0142 20 minut przed czasem?<br \/>\nI gdzie jest Sasza?<\/strong><\/p>\n<p>\/\u017cart przes\u0142any przez Waldka Chrzanowskiego\/<\/p>\n","protected":false},"excerpt":{"rendered":"<p>W\u0142adimir Putin przyby\u0142 z wizyt\u0105 na lekcj\u0119 do jednej z moskiewskich szk\u00f3\u0142. By\u0142y kwiaty i przem\u00f3wienie, ale potem wstaje ma\u0142y Sasza i m\u00f3wi: &#8211; Panie prezydencie, mam trzy pytania. Dlaczego Rosja zaj\u0119\u0142a Krym? Dlaczego wysy\u0142a pan rosyjskich \u017co\u0142nierzy na Ukrain\u0119? I kto stoi za zab\u00f3jstwem Niemcowa? Zaskoczony Putin otworzy\u0142 usta, ale w tym momencie rozleg\u0142 [&hellip;]<\/p>\n","protected":false},"author":1,"featured_media":0,"comment_status":"open","ping_status":"open","sticky":false,"template":"","format":"standard","meta":{"footnotes":""},"categories":[1,9],"tags":[],"class_list":["post-1678","post","type-post","status-publish","format-standard","hentry","category-bez-kategorii","category-ciekawostki"],"_links":{"self":[{"href":"https:\/\/www.milosnicylasu.olsztyn.pl\/index.php?rest_route=\/wp\/v2\/posts\/1678","targetHints":{"allow":["GET"]}}],"collection":[{"href":"https:\/\/www.milosnicylasu.olsztyn.pl\/index.php?rest_route=\/wp\/v2\/posts"}],"about":[{"href":"https:\/\/www.milosnicylasu.olsztyn.pl\/index.php?rest_route=\/wp\/v2\/types\/post"}],"author":[{"embeddable":true,"href":"https:\/\/www.milosnicylasu.olsztyn.pl\/index.php?rest_route=\/wp\/v2\/users\/1"}],"replies":[{"embeddable":true,"href":"https:\/\/www.milosnicylasu.olsztyn.pl\/index.php?rest_route=%2Fwp%2Fv2%2Fcomments&post=1678"}],"version-history":[{"count":3,"href":"https:\/\/www.milosnicylasu.olsztyn.pl\/index.php?rest_route=\/wp\/v2\/posts\/1678\/revisions"}],"predecessor-version":[{"id":1682,"href":"https:\/\/www.milosnicylasu.olsztyn.pl\/index.php?rest_route=\/wp\/v2\/posts\/1678\/revisions\/1682"}],"wp:attachment":[{"href":"https:\/\/www.milosnicylasu.olsztyn.pl\/index.php?rest_route=%2Fwp%2Fv2%2Fmedia&parent=1678"}],"wp:term":[{"taxonomy":"category","embeddable":true,"href":"https:\/\/www.milosnicylasu.olsztyn.pl\/index.php?rest_route=%2Fwp%2Fv2%2Fcategories&post=1678"},{"taxonomy":"post_tag","embeddable":true,"href":"https:\/\/www.milosnicylasu.olsztyn.pl\/index.php?rest_route=%2Fwp%2Fv2%2Ftags&post=1678"}],"curies":[{"name":"wp","href":"https:\/\/api.w.org\/{rel}","templated":true}]}}