{"id":1686,"date":"2015-03-21T05:27:45","date_gmt":"2015-03-21T04:27:45","guid":{"rendered":"http:\/\/www.milosnicylasu.olsztyn.pl\/?p=1686"},"modified":"2015-03-21T05:36:40","modified_gmt":"2015-03-21T04:36:40","slug":"miedzynarodowy-dzien-lasow","status":"publish","type":"post","link":"https:\/\/www.milosnicylasu.olsztyn.pl\/?p=1686","title":{"rendered":"Mi\u0119dzynarodowy Dzie\u0144 Las\u00f3w"},"content":{"rendered":"<p><b><a href=\"http:\/\/www.milosnicylasu.olsztyn.pl\/wp-content\/uploads\/2014\/04\/P4260166-www.jpg\" data-rel=\"lightbox-image-0\" data-magnific_type=\"image\" data-rl_title=\"\" data-rl_caption=\"\" title=\"\"><img loading=\"lazy\" decoding=\"async\" class=\"alignleft size-medium wp-image-1148\" alt=\"P4260166-www\" src=\"http:\/\/www.milosnicylasu.olsztyn.pl\/wp-content\/uploads\/2014\/04\/P4260166-www-300x225.jpg\" width=\"300\" height=\"225\" srcset=\"https:\/\/www.milosnicylasu.olsztyn.pl\/wp-content\/uploads\/2014\/04\/P4260166-www-300x225.jpg 300w, https:\/\/www.milosnicylasu.olsztyn.pl\/wp-content\/uploads\/2014\/04\/P4260166-www-400x300.jpg 400w, https:\/\/www.milosnicylasu.olsztyn.pl\/wp-content\/uploads\/2014\/04\/P4260166-www.jpg 1024w\" sizes=\"auto, (max-width: 300px) 100vw, 300px\" \/><\/a>Mi\u0119dzynarodowy Dzie\u0144 Las\u00f3w<\/b> (<a title=\"J\u0119zyk angielski\" href=\"http:\/\/pl.wikipedia.org\/wiki\/J%C4%99zyk_angielski\">ang.<\/a> <i>International Day of Forests<\/i>)\u00a0\u2013 \u00a0\u015bwi\u0119to\u00a0obchodzone <strong><a title=\"21 marca\" href=\"http:\/\/pl.wikipedia.org\/wiki\/21_marca\">21 marca<\/a><\/strong>, ustanowione przez <strong><a title=\"Zgromadzenie Og\u00f3lne ONZ\" href=\"http:\/\/pl.wikipedia.org\/wiki\/Zgromadzenie_Og%C3%B3lne_ONZ\">Zgromadzenie Og\u00f3lne ONZ<\/a><\/strong>\u00a028 listopada 2012 roku<\/p>\n<p>Obchody tego dnia maj\u0105 na celu podnoszenie \u015bwiadomo\u015bci ludzko\u015bci na temat znaczenia las\u00f3w dla cz\u0142owieka.<sup id=\"cite_ref-ONZ_2-2\"><\/sup><br \/>\n<strong><a title=\"Organizacja Narod\u00f3w Zjednoczonych do spraw Wy\u017cywienia i Rolnictwa\" href=\"http:\/\/pl.wikipedia.org\/wiki\/Organizacja_Narod%C3%B3w_Zjednoczonych_do_spraw_Wy%C5%BCywienia_i_Rolnictwa\">Organizacja Narod\u00f3w Zjednoczonych do spraw Wy\u017cywienia i Rolnictwa<\/a> (FAO)<\/strong> zach\u0119ca kraje ca\u0142ego \u015bwiata do propagowania idei i dzia\u0142alno\u015bci zwi\u0105zanej z lasami (sadzenie drzew, sprz\u0105tanie las\u00f3w).\u00a0W tym dniu jest przypominane, jak wa\u017cny jest las w \u017cyciu cz\u0142owieka. Lasy dostarczaj\u0105 czystego powietrza i wody, zapewniaj\u0105 bior\u00f3\u017cnorodno\u015b\u0107 oraz strzeg\u0105 przed zmianami klimatycznymi&#8230;<sup id=\"cite_ref-ONZ_2-3\"><a href=\"http:\/\/pl.wikipedia.org\/wiki\/Mi%C4%99dzynarodowy_Dzie%C5%84_Las%C3%B3w#cite_note-ONZ-2\"><br \/>\n<\/a><\/sup><\/p>\n<p>Cz\u0142onkowie Ko\u0142a Mi\u0142o\u015bnik\u00f3w Lasu i Militari\u00f3w \u00a0ju\u017c od dw\u00f3ch tygodni \u015bwi\u0119tuj\u0105 &#8211; dwukrotnie sprz\u0105tali Las Kudypski i Arboretum a 21 marca wyje\u017cd\u017caj\u0105 do Nadle\u015bnictwa Mr\u0105gowo, aby posadzi\u0107 drzewka d\u0119bowe.<\/p>\n<p><img loading=\"lazy\" decoding=\"async\" class=\"alignleft size-medium wp-image-1149\" alt=\"P4260133-www\" src=\"http:\/\/www.milosnicylasu.olsztyn.pl\/wp-content\/uploads\/2014\/04\/P4260133-www-300x225.jpg\" width=\"300\" height=\"225\" srcset=\"https:\/\/www.milosnicylasu.olsztyn.pl\/wp-content\/uploads\/2014\/04\/P4260133-www-300x225.jpg 300w, https:\/\/www.milosnicylasu.olsztyn.pl\/wp-content\/uploads\/2014\/04\/P4260133-www-1024x768.jpg 1024w, https:\/\/www.milosnicylasu.olsztyn.pl\/wp-content\/uploads\/2014\/04\/P4260133-www-400x300.jpg 400w, https:\/\/www.milosnicylasu.olsztyn.pl\/wp-content\/uploads\/2014\/04\/P4260133-www.jpg 1280w\" sizes=\"auto, (max-width: 300px) 100vw, 300px\" \/><\/p>\n<p><strong>B\u0119dzie to ju\u017c drugi &#8222;kawa\u0142ek naszego lasu&#8221; w tym Nadle\u015bnictwie. I tak dla przypomnienia, za\u0142\u0105czy\u0142am zdj\u0119cia z poprzedniego roku.<\/strong><\/p>\n<p><strong>\u00a0<\/strong><\/p>\n","protected":false},"excerpt":{"rendered":"<p>Mi\u0119dzynarodowy Dzie\u0144 Las\u00f3w (ang. International Day of Forests)\u00a0\u2013 \u00a0\u015bwi\u0119to\u00a0obchodzone 21 marca, ustanowione przez Zgromadzenie Og\u00f3lne ONZ\u00a028 listopada 2012 roku Obchody tego dnia maj\u0105 na celu podnoszenie \u015bwiadomo\u015bci ludzko\u015bci na temat znaczenia las\u00f3w dla cz\u0142owieka. Organizacja Narod\u00f3w Zjednoczonych do spraw Wy\u017cywienia i Rolnictwa (FAO) zach\u0119ca kraje ca\u0142ego \u015bwiata do propagowania idei i dzia\u0142alno\u015bci zwi\u0105zanej z lasami [&hellip;]<\/p>\n","protected":false},"author":1,"featured_media":0,"comment_status":"open","ping_status":"open","sticky":false,"template":"","format":"standard","meta":{"footnotes":""},"categories":[1,9,5],"tags":[],"class_list":["post-1686","post","type-post","status-publish","format-standard","hentry","category-bez-kategorii","category-ciekawostki","category-wycieczki"],"_links":{"self":[{"href":"https:\/\/www.milosnicylasu.olsztyn.pl\/index.php?rest_route=\/wp\/v2\/posts\/1686","targetHints":{"allow":["GET"]}}],"collection":[{"href":"https:\/\/www.milosnicylasu.olsztyn.pl\/index.php?rest_route=\/wp\/v2\/posts"}],"about":[{"href":"https:\/\/www.milosnicylasu.olsztyn.pl\/index.php?rest_route=\/wp\/v2\/types\/post"}],"author":[{"embeddable":true,"href":"https:\/\/www.milosnicylasu.olsztyn.pl\/index.php?rest_route=\/wp\/v2\/users\/1"}],"replies":[{"embeddable":true,"href":"https:\/\/www.milosnicylasu.olsztyn.pl\/index.php?rest_route=%2Fwp%2Fv2%2Fcomments&post=1686"}],"version-history":[{"count":5,"href":"https:\/\/www.milosnicylasu.olsztyn.pl\/index.php?rest_route=\/wp\/v2\/posts\/1686\/revisions"}],"predecessor-version":[{"id":1691,"href":"https:\/\/www.milosnicylasu.olsztyn.pl\/index.php?rest_route=\/wp\/v2\/posts\/1686\/revisions\/1691"}],"wp:attachment":[{"href":"https:\/\/www.milosnicylasu.olsztyn.pl\/index.php?rest_route=%2Fwp%2Fv2%2Fmedia&parent=1686"}],"wp:term":[{"taxonomy":"category","embeddable":true,"href":"https:\/\/www.milosnicylasu.olsztyn.pl\/index.php?rest_route=%2Fwp%2Fv2%2Fcategories&post=1686"},{"taxonomy":"post_tag","embeddable":true,"href":"https:\/\/www.milosnicylasu.olsztyn.pl\/index.php?rest_route=%2Fwp%2Fv2%2Ftags&post=1686"}],"curies":[{"name":"wp","href":"https:\/\/api.w.org\/{rel}","templated":true}]}}