{"id":1692,"date":"2015-03-24T17:49:25","date_gmt":"2015-03-24T16:49:25","guid":{"rendered":"http:\/\/www.milosnicylasu.olsztyn.pl\/?p=1692"},"modified":"2015-03-28T07:13:57","modified_gmt":"2015-03-28T06:13:57","slug":"zrodelko-milosci-i-mlodosci","status":"publish","type":"post","link":"https:\/\/www.milosnicylasu.olsztyn.pl\/?p=1692","title":{"rendered":"\u0179r\u00f3de\u0142ko mi\u0142o\u015bci i &#8230;&#8230;&#8230;.m\u0142odo\u015bci"},"content":{"rendered":"<p><b><a href=\"http:\/\/www.milosnicylasu.olsztyn.pl\/wp-content\/uploads\/2015\/03\/P3210592-www.jpg\" data-rel=\"lightbox-image-0\" data-magnific_type=\"image\" data-rl_title=\"\" data-rl_caption=\"\" title=\"\"><img loading=\"lazy\" decoding=\"async\" class=\"alignleft size-medium wp-image-1694\" alt=\"P3210592-www\" src=\"http:\/\/www.milosnicylasu.olsztyn.pl\/wp-content\/uploads\/2015\/03\/P3210592-www-300x225.jpg\" width=\"300\" height=\"225\" srcset=\"https:\/\/www.milosnicylasu.olsztyn.pl\/wp-content\/uploads\/2015\/03\/P3210592-www-300x225.jpg 300w, https:\/\/www.milosnicylasu.olsztyn.pl\/wp-content\/uploads\/2015\/03\/P3210592-www-400x300.jpg 400w, https:\/\/www.milosnicylasu.olsztyn.pl\/wp-content\/uploads\/2015\/03\/P3210592-www.jpg 1024w\" sizes=\"auto, (max-width: 300px) 100vw, 300px\" \/><\/a><\/b><\/p>\n<p><b>21 marca -w \u00a0pierwszy dzie\u0144 wiosny i Mi\u0119dzynarodowy Dzie\u0144 Las\u00f3w, odwiedzili\u015bmy go\u015bcinne Nadle\u015bnictwo Mr\u0105gowo. Naszymi gospodarzami byli Pani Ewa Pietrzak specjalista d\/s edukacji le\u015bnej i ochrony przyrody i pan Piotr Walijewski le\u015bniczy Le\u015bnictwa Bo\u017ce, no i ma\u0142y Filipek Pietrzak.<\/b><\/p>\n<p>&nbsp;<\/p>\n<p><b>Na pocz\u0105tek naszego pobytu ogl\u0105dn\u0119li\u015bmy amfiteatr<a href=\"http:\/\/www.milosnicylasu.olsztyn.pl\/wp-content\/uploads\/2015\/03\/P1000538-www.jpg\" data-rel=\"lightbox-image-1\" data-magnific_type=\"image\" data-rl_title=\"\" data-rl_caption=\"\" title=\"\"><img loading=\"lazy\" decoding=\"async\" class=\"size-medium wp-image-1699 alignright\" alt=\"P1000538-www\" src=\"http:\/\/www.milosnicylasu.olsztyn.pl\/wp-content\/uploads\/2015\/03\/P1000538-www-300x225.jpg\" width=\"300\" height=\"225\" srcset=\"https:\/\/www.milosnicylasu.olsztyn.pl\/wp-content\/uploads\/2015\/03\/P1000538-www-300x225.jpg 300w, https:\/\/www.milosnicylasu.olsztyn.pl\/wp-content\/uploads\/2015\/03\/P1000538-www-400x300.jpg 400w, https:\/\/www.milosnicylasu.olsztyn.pl\/wp-content\/uploads\/2015\/03\/P1000538-www.jpg 1024w\" sizes=\"auto, (max-width: 300px) 100vw, 300px\" \/><\/a> i przeszli\u015bmy \u015bcie\u017ck\u0105 edukacyjn\u0105 &#8222;\u0179r\u00f3de\u0142ko Mi\u0142o\u015bci&#8221;.<\/b><\/p>\n<p><b> Z zainteresowaniem s\u0142uchali\u015bmy \u00a0ciekawostek \u00a0Pani Ewy.<\/b><\/p>\n<p><b>\u00a0<a href=\"http:\/\/www.milosnicylasu.olsztyn.pl\/wp-content\/uploads\/2015\/03\/P1000559-www.jpg\" data-rel=\"lightbox-image-2\" data-magnific_type=\"image\" data-rl_title=\"\" data-rl_caption=\"\" title=\"\"><img loading=\"lazy\" decoding=\"async\" class=\"alignleft size-medium wp-image-1700\" alt=\"P1000559-www\" src=\"http:\/\/www.milosnicylasu.olsztyn.pl\/wp-content\/uploads\/2015\/03\/P1000559-www-300x225.jpg\" width=\"300\" height=\"225\" srcset=\"https:\/\/www.milosnicylasu.olsztyn.pl\/wp-content\/uploads\/2015\/03\/P1000559-www-300x225.jpg 300w, https:\/\/www.milosnicylasu.olsztyn.pl\/wp-content\/uploads\/2015\/03\/P1000559-www-400x300.jpg 400w, https:\/\/www.milosnicylasu.olsztyn.pl\/wp-content\/uploads\/2015\/03\/P1000559-www.jpg 1024w\" sizes=\"auto, (max-width: 300px) 100vw, 300px\" \/><\/a>\u015acie\u017cka edukacyjno-widokowa \u201e\u0179r\u00f3de\u0142ko Mi\u0142o\u015bci\u201d<\/b> usytuowana jest przy promenadzie obok <b>Jeziora Czos<\/b>. Przygotowa\u0142o j\u0105 Nadle\u015bnictwo Mr\u0105gowo. Pocz\u0105tek \u015bcie\u017cki oko\u0142o 200 metr\u00f3w za amfiteatrem, w kt\u00f3rym odbywaj\u0105 si\u0119 takie imprezy jak Mazurska Noc Kabaretowa, Piknik Country, Festiwal Kultury Kresowej i wiele innych.<\/p>\n<p>Na ca\u0142ej d\u0142ugo\u015bci \u015bcie\u017cki umieszczono <b>tablice<\/b> o tematyce le\u015bnej i przyrodniczej. Dowiadujemy si\u0119 z nich o tym, jakie drzewa rosn\u0105 w naszych lasach, jakie mamy zwierz\u0119ta i ptaki, jakie s\u0105 strefy \u017cycia w jeziorze. Ustawiono tu tak\u017ce \u0142aweczki, wi\u0119c jest miejsce na odpoczynek.<\/p>\n<p>Ostatnim przystankiem jest <b>\u0179r\u00f3de\u0142ko Mi\u0142o\u015bci.<\/b><\/p>\n<p><strong>W Mr\u0105gowie znana jest legenda zgodnie z kt\u00f3r\u0105:\u00a0<\/strong><\/p>\n<p><strong><i style=\"color: #333333; line-height: 24.375px;\">\u201eKto ze \u017ar\u00f3de\u0142ka wody si\u0119 napije tego szcz\u0119\u015bcie nie minie, zw\u0142aszcza w\u00a0mi\u0142o\u015bci\u201d<\/i><span style=\"color: #333333; font-style: normal; line-height: 24.375px;\">\u00a0. Opr\u00f3cz mi\u0142o\u015bci po gr\u00f3b, mo\u017cna \u00a0sobie podobno zapewni\u0107 odm\u0142odzenie o 10 lat.<\/span><\/strong><\/p>\n<p><a href=\"http:\/\/www.milosnicylasu.olsztyn.pl\/wp-content\/uploads\/2015\/03\/P1000571-www.jpg\" data-rel=\"lightbox-image-3\" data-magnific_type=\"image\" data-rl_title=\"\" data-rl_caption=\"\" title=\"\"><img loading=\"lazy\" decoding=\"async\" class=\"alignleft size-medium wp-image-1697\" alt=\"P1000571-www\" src=\"http:\/\/www.milosnicylasu.olsztyn.pl\/wp-content\/uploads\/2015\/03\/P1000571-www-300x225.jpg\" width=\"300\" height=\"225\" srcset=\"https:\/\/www.milosnicylasu.olsztyn.pl\/wp-content\/uploads\/2015\/03\/P1000571-www-300x225.jpg 300w, https:\/\/www.milosnicylasu.olsztyn.pl\/wp-content\/uploads\/2015\/03\/P1000571-www-400x300.jpg 400w, https:\/\/www.milosnicylasu.olsztyn.pl\/wp-content\/uploads\/2015\/03\/P1000571-www.jpg 1024w\" sizes=\"auto, (max-width: 300px) 100vw, 300px\" \/><\/a><\/p>\n<p>&nbsp;<\/p>\n<p>I c\u00f3\u017c dziwnego, \u017ce ponad 40 cz\u0142onk\u00f3w Ko\u0142a Mi\u0142o\u015bnik\u00f3w Lasu i Militari\u00f3w &#8211; uczestnik\u00f3w edukacji wyjazdowej do Nadle\u015bnictwa Mr\u0105gowo ch\u0119tnie korzysta\u0142o z dobrodziejstw wody \u017ar\u00f3dlanej.<\/p>\n<p>&nbsp;<\/p>\n<p style=\"color: #333333; font-style: normal; line-height: 24.375px;\"><img loading=\"lazy\" decoding=\"async\" class=\"size-medium wp-image-1693 alignright\" alt=\"P3210635-www\" src=\"http:\/\/www.milosnicylasu.olsztyn.pl\/wp-content\/uploads\/2015\/03\/P3210635-www-300x225.jpg\" width=\"300\" height=\"225\" srcset=\"https:\/\/www.milosnicylasu.olsztyn.pl\/wp-content\/uploads\/2015\/03\/P3210635-www-300x225.jpg 300w, https:\/\/www.milosnicylasu.olsztyn.pl\/wp-content\/uploads\/2015\/03\/P3210635-www-400x300.jpg 400w, https:\/\/www.milosnicylasu.olsztyn.pl\/wp-content\/uploads\/2015\/03\/P3210635-www.jpg 1024w\" sizes=\"auto, (max-width: 300px) 100vw, 300px\" \/><\/p>\n<p>&nbsp;<\/p>\n<p>Efekt m\u0142odo\u015bci ju\u017c widoczny,<\/p>\n<p>a z mi\u0142o\u015bci\u0105&#8230;&#8230;&#8230;&#8230;?<\/p>\n<p>&nbsp;<\/p>\n<p>&nbsp;<\/p>\n<p>&nbsp;<\/p>\n<p>A po rekreacji&#8230; do pracy.<\/p>\n<p><img loading=\"lazy\" decoding=\"async\" class=\"alignleft size-medium wp-image-1701\" alt=\"P1000592-www\" src=\"http:\/\/www.milosnicylasu.olsztyn.pl\/wp-content\/uploads\/2015\/03\/P1000592-www-300x225.jpg\" width=\"300\" height=\"225\" srcset=\"https:\/\/www.milosnicylasu.olsztyn.pl\/wp-content\/uploads\/2015\/03\/P1000592-www-300x225.jpg 300w, https:\/\/www.milosnicylasu.olsztyn.pl\/wp-content\/uploads\/2015\/03\/P1000592-www-400x300.jpg 400w, https:\/\/www.milosnicylasu.olsztyn.pl\/wp-content\/uploads\/2015\/03\/P1000592-www.jpg 1024w\" sizes=\"auto, (max-width: 300px) 100vw, 300px\" \/><\/p>\n<p>&nbsp;<\/p>\n<p>Pan Piotr \u00a0przeszkoli\u0142 nas jak sadzi\u0107 d\u0119by, ale te\u017c dowiedzieli\u015bmy si\u0119 gdzie i w jakich warunkach lubi\u0105 rosn\u0105\u0107, kiedy owocuj\u0105. I tu rozczarowanie &#8211; owocowania\u00a0<strong>nie doczekamy . <\/strong><\/p>\n<p><strong>My nie doczekamy, ale nast\u0119pne pokolenia tak.<a href=\"http:\/\/www.milosnicylasu.olsztyn.pl\/wp-content\/uploads\/2015\/03\/P3210649-www.jpg\" data-rel=\"lightbox-image-4\" data-magnific_type=\"image\" data-rl_title=\"\" data-rl_caption=\"\" title=\"\"><img loading=\"lazy\" decoding=\"async\" class=\"size-medium wp-image-1709 alignright\" alt=\"P3210649-www\" src=\"http:\/\/www.milosnicylasu.olsztyn.pl\/wp-content\/uploads\/2015\/03\/P3210649-www-300x225.jpg\" width=\"300\" height=\"225\" srcset=\"https:\/\/www.milosnicylasu.olsztyn.pl\/wp-content\/uploads\/2015\/03\/P3210649-www-300x225.jpg 300w, https:\/\/www.milosnicylasu.olsztyn.pl\/wp-content\/uploads\/2015\/03\/P3210649-www-400x300.jpg 400w, https:\/\/www.milosnicylasu.olsztyn.pl\/wp-content\/uploads\/2015\/03\/P3210649-www.jpg 1024w\" sizes=\"auto, (max-width: 300px) 100vw, 300px\" \/><\/a><\/strong><\/p>\n<p><strong><a href=\"http:\/\/www.milosnicylasu.olsztyn.pl\/wp-content\/uploads\/2015\/03\/P1000616-www.jpg\" data-rel=\"lightbox-image-5\" data-magnific_type=\"image\" data-rl_title=\"\" data-rl_caption=\"\" title=\"\"><img loading=\"lazy\" decoding=\"async\" class=\"size-medium wp-image-1702 alignleft\" alt=\"P1000616-www\" src=\"http:\/\/www.milosnicylasu.olsztyn.pl\/wp-content\/uploads\/2015\/03\/P1000616-www-300x225.jpg\" width=\"300\" height=\"225\" srcset=\"https:\/\/www.milosnicylasu.olsztyn.pl\/wp-content\/uploads\/2015\/03\/P1000616-www-300x225.jpg 300w, https:\/\/www.milosnicylasu.olsztyn.pl\/wp-content\/uploads\/2015\/03\/P1000616-www-400x300.jpg 400w, https:\/\/www.milosnicylasu.olsztyn.pl\/wp-content\/uploads\/2015\/03\/P1000616-www.jpg 1024w\" sizes=\"auto, (max-width: 300px) 100vw, 300px\" \/><\/a><\/strong><\/p>\n<p><strong><a href=\"http:\/\/www.milosnicylasu.olsztyn.pl\/wp-content\/uploads\/2015\/03\/P3210646-www1.jpg\" data-rel=\"lightbox-image-6\" data-magnific_type=\"image\" data-rl_title=\"\" data-rl_caption=\"\" title=\"\"><img loading=\"lazy\" decoding=\"async\" class=\"alignleft size-medium wp-image-1703\" alt=\"P3210646-www\" src=\"http:\/\/www.milosnicylasu.olsztyn.pl\/wp-content\/uploads\/2015\/03\/P3210646-www1-300x225.jpg\" width=\"300\" height=\"225\" srcset=\"https:\/\/www.milosnicylasu.olsztyn.pl\/wp-content\/uploads\/2015\/03\/P3210646-www1-300x225.jpg 300w, https:\/\/www.milosnicylasu.olsztyn.pl\/wp-content\/uploads\/2015\/03\/P3210646-www1-400x300.jpg 400w, https:\/\/www.milosnicylasu.olsztyn.pl\/wp-content\/uploads\/2015\/03\/P3210646-www1.jpg 1024w\" sizes=\"auto, (max-width: 300px) 100vw, 300px\" \/><\/a>\u00a0<\/strong>.<\/p>\n<p>&nbsp;<\/p>\n<p>&nbsp;<\/p>\n<p>&nbsp;<\/p>\n<p>&nbsp;<\/p>\n<p>&nbsp;<\/p>\n<p>I wsp\u00f3lne zdj\u0119cie po ci\u0119\u017ckiej pracy.<\/p>\n<p>&nbsp;<\/p>\n<p>&nbsp;<\/p>\n<p>&nbsp;<\/p>\n<p>&nbsp;<\/p>\n<p>Pami\u0105tkowa tabliczka, wkopana na pocz\u0105tku nasadze\u0144 d\u0119b\u00f3w. To ju\u017c druga taka tabliczka w Nadle\u015bnictwie Mr\u0105gowo. W zesz\u0142ym roku posadzili\u015bmy te\u017c d\u0119by.<\/p>\n<p>&nbsp;<\/p>\n<p>&nbsp;<\/p>\n<p><img loading=\"lazy\" decoding=\"async\" class=\"size-medium wp-image-1705 alignright\" alt=\"P1000627-www\" src=\"http:\/\/www.milosnicylasu.olsztyn.pl\/wp-content\/uploads\/2015\/03\/P1000627-www-300x225.jpg\" width=\"300\" height=\"225\" srcset=\"https:\/\/www.milosnicylasu.olsztyn.pl\/wp-content\/uploads\/2015\/03\/P1000627-www-300x225.jpg 300w, https:\/\/www.milosnicylasu.olsztyn.pl\/wp-content\/uploads\/2015\/03\/P1000627-www-400x300.jpg 400w, https:\/\/www.milosnicylasu.olsztyn.pl\/wp-content\/uploads\/2015\/03\/P1000627-www.jpg 1024w\" sizes=\"auto, (max-width: 300px) 100vw, 300px\" \/><\/p>\n<p>&nbsp;<\/p>\n<p>Po pracy, gospodarze zaprosili nas na pocz\u0119stunek. By\u0142o ognisko, kie\u0142baski, pyszna groch\u00f3wka, napoje.<\/p>\n<p>&nbsp;<\/p>\n<p>&nbsp;<\/p>\n<p>Dzi\u0119kujemy Pani Ewie, Panu Piotrowi, innym pracownikom Nadle\u015bnictwa za go\u015bcin\u0119, za wiedz\u0119, za to, \u017ce mamy kolejny kawa\u0142ek &#8222;swojego&#8221; lasu.<\/p>\n<p>Z przyjemno\u015bci\u0105 przyj\u0119li\u015bmy zaproszenie na nast\u0119pn\u0105 lekcj\u0119 przyrodniczo-le\u015bn\u0105 w terenie. Do zobaczenia.<\/p>\n<p>&nbsp;<\/p>\n<p><a style=\"font-style: normal; line-height: 24.375px; text-decoration: underline;\" href=\"http:\/\/www.milosnicylasu.olsztyn.pl\/wp-content\/uploads\/2015\/03\/P1000651-www.jpg\" data-rel=\"lightbox-image-7\" data-magnific_type=\"image\" data-rl_title=\"\" data-rl_caption=\"\" title=\"\"><img loading=\"lazy\" decoding=\"async\" class=\"alignleft size-medium wp-image-1707\" style=\"border-color: #bbbbbb; margin-top: 0.4em; background: #eeeeee;\" alt=\"P1000651-www\" src=\"http:\/\/www.milosnicylasu.olsztyn.pl\/wp-content\/uploads\/2015\/03\/P1000651-www-300x225.jpg\" width=\"300\" height=\"225\" srcset=\"https:\/\/www.milosnicylasu.olsztyn.pl\/wp-content\/uploads\/2015\/03\/P1000651-www-300x225.jpg 300w, https:\/\/www.milosnicylasu.olsztyn.pl\/wp-content\/uploads\/2015\/03\/P1000651-www-400x300.jpg 400w, https:\/\/www.milosnicylasu.olsztyn.pl\/wp-content\/uploads\/2015\/03\/P1000651-www.jpg 1024w\" sizes=\"auto, (max-width: 300px) 100vw, 300px\" \/><\/a><\/p>\n<p>W drodze powrotnej zwiedzili\u015bmy zabytkowy ko\u015bci\u00f3\u0142 ewangelicki w Sorkwitach, kt\u00f3rego wygl\u0105d nie uleg\u0142 zmianie od 1754 roku, a najcenniejszymi zabytkami w ko\u015bciele s\u0105 : o\u0142tarz z 1701 roku, anio\u0142 chrzcielny z \u00a01701 roku, lo\u017ca patronacka z 1615 r., ambona barokowa z 1701 r., krucyfiks barokowy z 1708 r., konfesjona\u0142 z 1702 r., organy z 1875 r.<\/p>\n<p>\/zdj\u0119cia Jerzy Kowalski i Anatol Leszczy\u0144ski\/<\/p>\n","protected":false},"excerpt":{"rendered":"<p>21 marca -w \u00a0pierwszy dzie\u0144 wiosny i Mi\u0119dzynarodowy Dzie\u0144 Las\u00f3w, odwiedzili\u015bmy go\u015bcinne Nadle\u015bnictwo Mr\u0105gowo. Naszymi gospodarzami byli Pani Ewa Pietrzak specjalista d\/s edukacji le\u015bnej i ochrony przyrody i pan Piotr Walijewski le\u015bniczy Le\u015bnictwa Bo\u017ce, no i ma\u0142y Filipek Pietrzak. &nbsp; Na pocz\u0105tek naszego pobytu ogl\u0105dn\u0119li\u015bmy amfiteatr i przeszli\u015bmy \u015bcie\u017ck\u0105 edukacyjn\u0105 &#8222;\u0179r\u00f3de\u0142ko Mi\u0142o\u015bci&#8221;. Z zainteresowaniem s\u0142uchali\u015bmy [&hellip;]<\/p>\n","protected":false},"author":1,"featured_media":0,"comment_status":"open","ping_status":"open","sticky":false,"template":"","format":"standard","meta":{"footnotes":""},"categories":[1,9,5],"tags":[],"class_list":["post-1692","post","type-post","status-publish","format-standard","hentry","category-bez-kategorii","category-ciekawostki","category-wycieczki"],"_links":{"self":[{"href":"https:\/\/www.milosnicylasu.olsztyn.pl\/index.php?rest_route=\/wp\/v2\/posts\/1692","targetHints":{"allow":["GET"]}}],"collection":[{"href":"https:\/\/www.milosnicylasu.olsztyn.pl\/index.php?rest_route=\/wp\/v2\/posts"}],"about":[{"href":"https:\/\/www.milosnicylasu.olsztyn.pl\/index.php?rest_route=\/wp\/v2\/types\/post"}],"author":[{"embeddable":true,"href":"https:\/\/www.milosnicylasu.olsztyn.pl\/index.php?rest_route=\/wp\/v2\/users\/1"}],"replies":[{"embeddable":true,"href":"https:\/\/www.milosnicylasu.olsztyn.pl\/index.php?rest_route=%2Fwp%2Fv2%2Fcomments&post=1692"}],"version-history":[{"count":6,"href":"https:\/\/www.milosnicylasu.olsztyn.pl\/index.php?rest_route=\/wp\/v2\/posts\/1692\/revisions"}],"predecessor-version":[{"id":1698,"href":"https:\/\/www.milosnicylasu.olsztyn.pl\/index.php?rest_route=\/wp\/v2\/posts\/1692\/revisions\/1698"}],"wp:attachment":[{"href":"https:\/\/www.milosnicylasu.olsztyn.pl\/index.php?rest_route=%2Fwp%2Fv2%2Fmedia&parent=1692"}],"wp:term":[{"taxonomy":"category","embeddable":true,"href":"https:\/\/www.milosnicylasu.olsztyn.pl\/index.php?rest_route=%2Fwp%2Fv2%2Fcategories&post=1692"},{"taxonomy":"post_tag","embeddable":true,"href":"https:\/\/www.milosnicylasu.olsztyn.pl\/index.php?rest_route=%2Fwp%2Fv2%2Ftags&post=1692"}],"curies":[{"name":"wp","href":"https:\/\/api.w.org\/{rel}","templated":true}]}}