{"id":1712,"date":"2015-03-27T20:41:32","date_gmt":"2015-03-27T19:41:32","guid":{"rendered":"http:\/\/www.milosnicylasu.olsztyn.pl\/?p=1712"},"modified":"2015-03-27T20:41:32","modified_gmt":"2015-03-27T19:41:32","slug":"zdrowych-pogodnych","status":"publish","type":"post","link":"https:\/\/www.milosnicylasu.olsztyn.pl\/?p=1712","title":{"rendered":"Zdrowych, pogodnych&#8230;."},"content":{"rendered":"<p><a href=\"http:\/\/www.milosnicylasu.olsztyn.pl\/wp-content\/uploads\/2015\/03\/P3260007-www.jpg\" data-rel=\"lightbox-image-0\" data-magnific_type=\"image\" data-rl_title=\"\" data-rl_caption=\"\" title=\"\"><img loading=\"lazy\" decoding=\"async\" class=\"alignleft size-medium wp-image-1713\" alt=\"P3260007-www\" src=\"http:\/\/www.milosnicylasu.olsztyn.pl\/wp-content\/uploads\/2015\/03\/P3260007-www-300x225.jpg\" width=\"300\" height=\"225\" srcset=\"https:\/\/www.milosnicylasu.olsztyn.pl\/wp-content\/uploads\/2015\/03\/P3260007-www-300x225.jpg 300w, https:\/\/www.milosnicylasu.olsztyn.pl\/wp-content\/uploads\/2015\/03\/P3260007-www-400x300.jpg 400w, https:\/\/www.milosnicylasu.olsztyn.pl\/wp-content\/uploads\/2015\/03\/P3260007-www.jpg 1024w\" sizes=\"auto, (max-width: 300px) 100vw, 300px\" \/><\/a><strong>Zdrowych, Pogodnych \u015awi\u0105t Wielkanocnych,<\/strong><\/p>\n<p><strong>przepe\u0142nionych wiar\u0105 nadziej\u0105 i mi\u0142o\u015bci\u0105.<\/strong><\/p>\n<p><strong>Radosnego, wiosennego nastroju,<\/strong><\/p>\n<p><strong>serdecznych spotka\u0144<\/strong><\/p>\n<p><strong>w gronie rodziny i w\u015br\u00f3d przyjaci\u00f3\u0142<\/strong><\/p>\n<p><strong>oraz weso\u0142ego &#8222;Alleluja<\/strong>&#8222;<a href=\"http:\/\/www.milosnicylasu.olsztyn.pl\/wp-content\/uploads\/2015\/03\/P3260019-www.jpg\" data-rel=\"lightbox-image-1\" data-magnific_type=\"image\" data-rl_title=\"\" data-rl_caption=\"\" title=\"\"><img loading=\"lazy\" decoding=\"async\" class=\"size-medium wp-image-1714 alignright\" alt=\"P3260019-www\" src=\"http:\/\/www.milosnicylasu.olsztyn.pl\/wp-content\/uploads\/2015\/03\/P3260019-www-300x225.jpg\" width=\"300\" height=\"225\" srcset=\"https:\/\/www.milosnicylasu.olsztyn.pl\/wp-content\/uploads\/2015\/03\/P3260019-www-300x225.jpg 300w, https:\/\/www.milosnicylasu.olsztyn.pl\/wp-content\/uploads\/2015\/03\/P3260019-www-400x300.jpg 400w, https:\/\/www.milosnicylasu.olsztyn.pl\/wp-content\/uploads\/2015\/03\/P3260019-www.jpg 1024w\" sizes=\"auto, (max-width: 300px) 100vw, 300px\" \/><\/a><\/p>\n<p><strong>wszystkim cz\u0142onkom i sympatykom Ko\u0142a \u017cyczy\u00a0<\/strong><\/p>\n<p><strong>Zarz\u0105d KML i M<\/strong><\/p>\n<p>&nbsp;<\/p>\n<p>&nbsp;<\/p>\n<p>\/Na zdj\u0119ciach ozdoby wielkanocne wykonane przez Krystyn\u0119 Leszczy\u0144sk\u0105\/<\/p>\n","protected":false},"excerpt":{"rendered":"<p>Zdrowych, Pogodnych \u015awi\u0105t Wielkanocnych, przepe\u0142nionych wiar\u0105 nadziej\u0105 i mi\u0142o\u015bci\u0105. Radosnego, wiosennego nastroju, serdecznych spotka\u0144 w gronie rodziny i w\u015br\u00f3d przyjaci\u00f3\u0142 oraz weso\u0142ego &#8222;Alleluja&#8222; wszystkim cz\u0142onkom i sympatykom Ko\u0142a \u017cyczy\u00a0 Zarz\u0105d KML i M &nbsp; &nbsp; \/Na zdj\u0119ciach ozdoby wielkanocne wykonane przez Krystyn\u0119 Leszczy\u0144sk\u0105\/<\/p>\n","protected":false},"author":1,"featured_media":0,"comment_status":"open","ping_status":"open","sticky":false,"template":"","format":"standard","meta":{"footnotes":""},"categories":[1,9],"tags":[],"class_list":["post-1712","post","type-post","status-publish","format-standard","hentry","category-bez-kategorii","category-ciekawostki"],"_links":{"self":[{"href":"https:\/\/www.milosnicylasu.olsztyn.pl\/index.php?rest_route=\/wp\/v2\/posts\/1712","targetHints":{"allow":["GET"]}}],"collection":[{"href":"https:\/\/www.milosnicylasu.olsztyn.pl\/index.php?rest_route=\/wp\/v2\/posts"}],"about":[{"href":"https:\/\/www.milosnicylasu.olsztyn.pl\/index.php?rest_route=\/wp\/v2\/types\/post"}],"author":[{"embeddable":true,"href":"https:\/\/www.milosnicylasu.olsztyn.pl\/index.php?rest_route=\/wp\/v2\/users\/1"}],"replies":[{"embeddable":true,"href":"https:\/\/www.milosnicylasu.olsztyn.pl\/index.php?rest_route=%2Fwp%2Fv2%2Fcomments&post=1712"}],"version-history":[{"count":1,"href":"https:\/\/www.milosnicylasu.olsztyn.pl\/index.php?rest_route=\/wp\/v2\/posts\/1712\/revisions"}],"predecessor-version":[{"id":1715,"href":"https:\/\/www.milosnicylasu.olsztyn.pl\/index.php?rest_route=\/wp\/v2\/posts\/1712\/revisions\/1715"}],"wp:attachment":[{"href":"https:\/\/www.milosnicylasu.olsztyn.pl\/index.php?rest_route=%2Fwp%2Fv2%2Fmedia&parent=1712"}],"wp:term":[{"taxonomy":"category","embeddable":true,"href":"https:\/\/www.milosnicylasu.olsztyn.pl\/index.php?rest_route=%2Fwp%2Fv2%2Fcategories&post=1712"},{"taxonomy":"post_tag","embeddable":true,"href":"https:\/\/www.milosnicylasu.olsztyn.pl\/index.php?rest_route=%2Fwp%2Fv2%2Ftags&post=1712"}],"curies":[{"name":"wp","href":"https:\/\/api.w.org\/{rel}","templated":true}]}}