{"id":1722,"date":"2015-04-07T07:41:33","date_gmt":"2015-04-07T05:41:33","guid":{"rendered":"http:\/\/www.milosnicylasu.olsztyn.pl\/?p=1722"},"modified":"2015-04-09T18:08:32","modified_gmt":"2015-04-09T16:08:32","slug":"zapraszamy-na","status":"publish","type":"post","link":"https:\/\/www.milosnicylasu.olsztyn.pl\/?p=1722","title":{"rendered":"Zapraszamy na &#8230;&#8230;&#8230;"},"content":{"rendered":"<p>Zapraszamy na spotkanie 9 kwietnia 2015 r, godzina 15.00, w Regionalnej Dyrekcji Las\u00f3w Pa\u0144stwowych w Olsztynie. W tym dniu, mija 6 lat naszych wsp\u00f3lnych rajd\u00f3w, wycieczek, trening\u00f3w i zawod\u00f3w strzeleckich, spotka\u0144 artystycznych, comiesi\u0119cznych wyk\u0142ad\u00f3w. Czas szybko mija&#8230;. cieszy dorobek Ko\u0142a, ale my jeste\u015bmy coraz starsi wiekiem, ale coraz m\u0142odsi duchem.<\/p>\n<p>W tym dniu b\u0119d\u0105 przyjmowane wp\u0142aty \/po 35 z\u0142\/ na <strong>wycieczk\u0119 do Nadle\u015bnictwa Jagie\u0142ek.<\/strong> Wyje\u017cd\u017camy 25 kwietnia, o godzinie 7.45, Teatr Lalek w Olsztynie. B\u0119dzie to wyjazd na zaproszenie\u00a0<span style=\"color: #333333; font-style: normal; line-height: 24.375px;\">Nadle\u015bniczego \u00a0<\/span>Pani Bo\u017ceny Przes\u0142aw. W programie zwiedzanie &#8222;Rezerwatu Przyrody Doliny Drw\u0119cy&#8221;, kt\u00f3ry od 1961 roku jest rezerwatem ichtiologicznym. Celem rezerwatu jest ochrona \u015brodowiska wodnego bytuj\u0105cych w nim ryb, m.in. \u0142ososia ba\u0142tyckiego, troci w\u0119drownej, minoga rzecznego.<\/p>\n<p>Przejdziemy tras\u0119 d\u0142ugo\u015bci 4 km &#8211; pi\u0119kne widoki i\u00a0<span style=\"color: #333333; font-style: normal; line-height: 24.375px;\">ciekawostki przyrodnicze\u00a0<\/span><span style=\"color: #333333; font-style: normal; line-height: 24.375px;\">b\u0119dziemy podziwia\u0107 podczas w\u0119dr\u00f3wki ale tak\u017ce z wie\u017cy widokowej. A na zako\u0144czenie wycieczki, przejedziemy w inne miejsce, gdzie odb\u0119dzie si\u0119 ognisko z niespodziankami.<\/span><\/p>\n<p>W czasie zebrania, zaprosimy te\u017c na wycieczk\u0119 <strong>30 maja 2015 r. do Puszczy Kampinowskiej i Twierdzy Modlin. <\/strong><\/p>\n<p>W programie zwiedzanie Mauzoleum w Palmirach &#8211;\u00a0miejsce pami\u0119ci narodowej z grobami przesz\u0142o 2 tysi\u0119cy Polak\u00f3w, zamordowanych przez Niemc\u00f3w\u00a0w czasie II wojny \u015bwiatowej, w okresie od 1939-1943. W \u015br\u00f3d zamordowanych byli m.in. Janusz Kusoci\u0144ski, Maciej Rataj, Mieczys\u0142aw Niedzia\u0142kowski.<\/p>\n<p>Zwiedzimy r\u00f3wnie\u017c Twierdz\u0119 Modlin.\u00a0Jest jedn\u0105 z najwi\u0119kszych i najlepiej zachowanych twierdz w Polsce. Decyzj\u0119 o jej budowie \u00a0podj\u0105\u0142 Napoleon w grudniu 1806 roku, a budow\u0119 rozpocz\u0119to w 1807 roku&#8230;.. a wi\u0119cej \u00a0informacji podczas wyjazdu.<\/p>\n<p>Koszt wycieczki 90 z\u0142, w tym przejazd autokarem, bilety wst\u0119pu, op\u0142aty za przewodnik\u00f3w, gor\u0105ca groch\u00f3wka . Podczas zebrania 9 kwietnia b\u0119d\u0105 przyjmowane zapisy z przedp\u0142at\u0105 w wysoko\u015bci 10 z\u0142 \/wp\u0142ata rezerwuj\u0105ca\/. Na zebraniu majowym dop\u0142ata pozosta\u0142ej kwoty.<\/p>\n<p>\/wp\u0142ata rezerwuj\u0105ca nie b\u0119dzie zwracana\u00a0<span style=\"color: #333333; font-style: normal; line-height: 24.375px;\">osobom rezygnuj\u0105cym z wyjazdu\/<\/span><\/p>\n","protected":false},"excerpt":{"rendered":"<p>Zapraszamy na spotkanie 9 kwietnia 2015 r, godzina 15.00, w Regionalnej Dyrekcji Las\u00f3w Pa\u0144stwowych w Olsztynie. W tym dniu, mija 6 lat naszych wsp\u00f3lnych rajd\u00f3w, wycieczek, trening\u00f3w i zawod\u00f3w strzeleckich, spotka\u0144 artystycznych, comiesi\u0119cznych wyk\u0142ad\u00f3w. Czas szybko mija&#8230;. cieszy dorobek Ko\u0142a, ale my jeste\u015bmy coraz starsi wiekiem, ale coraz m\u0142odsi duchem. W tym dniu b\u0119d\u0105 przyjmowane [&hellip;]<\/p>\n","protected":false},"author":1,"featured_media":0,"comment_status":"open","ping_status":"open","sticky":false,"template":"","format":"standard","meta":{"footnotes":""},"categories":[1,5,3],"tags":[],"class_list":["post-1722","post","type-post","status-publish","format-standard","hentry","category-bez-kategorii","category-wycieczki","category-zebrania"],"_links":{"self":[{"href":"https:\/\/www.milosnicylasu.olsztyn.pl\/index.php?rest_route=\/wp\/v2\/posts\/1722","targetHints":{"allow":["GET"]}}],"collection":[{"href":"https:\/\/www.milosnicylasu.olsztyn.pl\/index.php?rest_route=\/wp\/v2\/posts"}],"about":[{"href":"https:\/\/www.milosnicylasu.olsztyn.pl\/index.php?rest_route=\/wp\/v2\/types\/post"}],"author":[{"embeddable":true,"href":"https:\/\/www.milosnicylasu.olsztyn.pl\/index.php?rest_route=\/wp\/v2\/users\/1"}],"replies":[{"embeddable":true,"href":"https:\/\/www.milosnicylasu.olsztyn.pl\/index.php?rest_route=%2Fwp%2Fv2%2Fcomments&post=1722"}],"version-history":[{"count":4,"href":"https:\/\/www.milosnicylasu.olsztyn.pl\/index.php?rest_route=\/wp\/v2\/posts\/1722\/revisions"}],"predecessor-version":[{"id":1734,"href":"https:\/\/www.milosnicylasu.olsztyn.pl\/index.php?rest_route=\/wp\/v2\/posts\/1722\/revisions\/1734"}],"wp:attachment":[{"href":"https:\/\/www.milosnicylasu.olsztyn.pl\/index.php?rest_route=%2Fwp%2Fv2%2Fmedia&parent=1722"}],"wp:term":[{"taxonomy":"category","embeddable":true,"href":"https:\/\/www.milosnicylasu.olsztyn.pl\/index.php?rest_route=%2Fwp%2Fv2%2Fcategories&post=1722"},{"taxonomy":"post_tag","embeddable":true,"href":"https:\/\/www.milosnicylasu.olsztyn.pl\/index.php?rest_route=%2Fwp%2Fv2%2Ftags&post=1722"}],"curies":[{"name":"wp","href":"https:\/\/api.w.org\/{rel}","templated":true}]}}