{"id":1732,"date":"2015-04-09T08:58:20","date_gmt":"2015-04-09T06:58:20","guid":{"rendered":"http:\/\/www.milosnicylasu.olsztyn.pl\/?p=1732"},"modified":"2015-04-09T08:58:51","modified_gmt":"2015-04-09T06:58:51","slug":"pamietasz","status":"publish","type":"post","link":"https:\/\/www.milosnicylasu.olsztyn.pl\/?p=1732","title":{"rendered":"Pami\u0119tasz ?"},"content":{"rendered":"<h1><a href=\"http:\/\/wiersze.kobieta.pl\/wiersze\/ciemna-noc-221165\">W ciemn\u0105 noc ..<\/a><\/h1>\n<p>W ciemn\u0105 noc,<br \/>\ngdy oczy zn\u00f3w zamkn\u0119,<br \/>\nprzyjdziesz do mnie ..<br \/>\nI spojrzysz na mnie zielonym oczami,<br \/>\nobejmiesz mnie delikatnymi d\u0142oniami,<br \/>\npoca\u0142ujesz nami\u0119tnymi ustami ..<br \/>\nA ja si\u0119 rozmarz\u0119 ..<br \/>\nPrzypomn\u0119 sobie jak to by\u0142o,<br \/>\njak cieszy\u0142o,<br \/>\n&#8230;<br \/>\nI zatopi\u0119 si\u0119 w Twoich ramionach ..<br \/>\nA Ty zn\u00f3w mnie obejmiesz,<br \/>\nspojrzysz,<br \/>\nprzytulisz,<br \/>\npoca\u0142ujesz ..<br \/>\nOtworz\u0119 oczy<br \/>\ni odejdziesz ..<\/p>\n<p>pami\u0119tasz?<\/p>\n","protected":false},"excerpt":{"rendered":"<p>W ciemn\u0105 noc .. W ciemn\u0105 noc, gdy oczy zn\u00f3w zamkn\u0119, przyjdziesz do mnie .. I spojrzysz na mnie zielonym oczami, obejmiesz mnie delikatnymi d\u0142oniami, poca\u0142ujesz nami\u0119tnymi ustami .. A ja si\u0119 rozmarz\u0119 .. Przypomn\u0119 sobie jak to by\u0142o, jak cieszy\u0142o, &#8230; I zatopi\u0119 si\u0119 w Twoich ramionach .. A Ty zn\u00f3w mnie obejmiesz, spojrzysz, [&hellip;]<\/p>\n","protected":false},"author":1,"featured_media":0,"comment_status":"open","ping_status":"open","sticky":false,"template":"","format":"standard","meta":{"footnotes":""},"categories":[1,7],"tags":[],"class_list":["post-1732","post","type-post","status-publish","format-standard","hentry","category-bez-kategorii","category-wiersze"],"_links":{"self":[{"href":"https:\/\/www.milosnicylasu.olsztyn.pl\/index.php?rest_route=\/wp\/v2\/posts\/1732","targetHints":{"allow":["GET"]}}],"collection":[{"href":"https:\/\/www.milosnicylasu.olsztyn.pl\/index.php?rest_route=\/wp\/v2\/posts"}],"about":[{"href":"https:\/\/www.milosnicylasu.olsztyn.pl\/index.php?rest_route=\/wp\/v2\/types\/post"}],"author":[{"embeddable":true,"href":"https:\/\/www.milosnicylasu.olsztyn.pl\/index.php?rest_route=\/wp\/v2\/users\/1"}],"replies":[{"embeddable":true,"href":"https:\/\/www.milosnicylasu.olsztyn.pl\/index.php?rest_route=%2Fwp%2Fv2%2Fcomments&post=1732"}],"version-history":[{"count":1,"href":"https:\/\/www.milosnicylasu.olsztyn.pl\/index.php?rest_route=\/wp\/v2\/posts\/1732\/revisions"}],"predecessor-version":[{"id":1733,"href":"https:\/\/www.milosnicylasu.olsztyn.pl\/index.php?rest_route=\/wp\/v2\/posts\/1732\/revisions\/1733"}],"wp:attachment":[{"href":"https:\/\/www.milosnicylasu.olsztyn.pl\/index.php?rest_route=%2Fwp%2Fv2%2Fmedia&parent=1732"}],"wp:term":[{"taxonomy":"category","embeddable":true,"href":"https:\/\/www.milosnicylasu.olsztyn.pl\/index.php?rest_route=%2Fwp%2Fv2%2Fcategories&post=1732"},{"taxonomy":"post_tag","embeddable":true,"href":"https:\/\/www.milosnicylasu.olsztyn.pl\/index.php?rest_route=%2Fwp%2Fv2%2Ftags&post=1732"}],"curies":[{"name":"wp","href":"https:\/\/api.w.org\/{rel}","templated":true}]}}