{"id":1735,"date":"2015-04-09T20:28:14","date_gmt":"2015-04-09T18:28:14","guid":{"rendered":"http:\/\/www.milosnicylasu.olsztyn.pl\/?p=1735"},"modified":"2015-04-10T06:11:08","modified_gmt":"2015-04-10T04:11:08","slug":"vi-rocznica-powstania-kola","status":"publish","type":"post","link":"https:\/\/www.milosnicylasu.olsztyn.pl\/?p=1735","title":{"rendered":"VI rocznica powstania Ko\u0142a"},"content":{"rendered":"<p><a href=\"http:\/\/www.milosnicylasu.olsztyn.pl\/wp-content\/uploads\/2015\/04\/P4090036-www.jpg\" data-rel=\"lightbox-image-0\" data-magnific_type=\"image\" data-rl_title=\"\" data-rl_caption=\"\" title=\"\"><img loading=\"lazy\" decoding=\"async\" class=\"alignleft size-medium wp-image-1736\" alt=\"P4090036-www\" src=\"http:\/\/www.milosnicylasu.olsztyn.pl\/wp-content\/uploads\/2015\/04\/P4090036-www-300x225.jpg\" width=\"300\" height=\"225\" srcset=\"https:\/\/www.milosnicylasu.olsztyn.pl\/wp-content\/uploads\/2015\/04\/P4090036-www-300x225.jpg 300w, https:\/\/www.milosnicylasu.olsztyn.pl\/wp-content\/uploads\/2015\/04\/P4090036-www-400x300.jpg 400w, https:\/\/www.milosnicylasu.olsztyn.pl\/wp-content\/uploads\/2015\/04\/P4090036-www.jpg 1024w\" sizes=\"auto, (max-width: 300px) 100vw, 300px\" \/><\/a><\/p>\n<p>&nbsp;<\/p>\n<p>Czwartkowe zebranie w RDLP w Olsztynie mia\u0142o wyj\u0105tkowy i uroczysty charakter.<\/p>\n<p>&nbsp;<\/p>\n<p>&nbsp;<\/p>\n<p>&nbsp;<\/p>\n<p><img loading=\"lazy\" decoding=\"async\" class=\"size-medium wp-image-1738 alignright\" style=\"color: #333333; font-style: normal; line-height: 24.375px;\" alt=\"P4090004-www\" src=\"http:\/\/www.milosnicylasu.olsztyn.pl\/wp-content\/uploads\/2015\/04\/P4090004-www-300x225.jpg\" width=\"300\" height=\"225\" srcset=\"https:\/\/www.milosnicylasu.olsztyn.pl\/wp-content\/uploads\/2015\/04\/P4090004-www-300x225.jpg 300w, https:\/\/www.milosnicylasu.olsztyn.pl\/wp-content\/uploads\/2015\/04\/P4090004-www-400x300.jpg 400w, https:\/\/www.milosnicylasu.olsztyn.pl\/wp-content\/uploads\/2015\/04\/P4090004-www.jpg 1024w\" sizes=\"auto, (max-width: 300px) 100vw, 300px\" \/><\/p>\n<p>Wyj\u0105tkowe, bo po raz pierwszy wys\u0142uchali\u015bmy ciekawego wyk\u0142adu zaprezentowanego przez jednego z nas \u00a0&#8211; prof.dr hab. Antoniego Jarczyka na\u00a0temat : \u00a0&#8222;Mikrotoksyny zagro\u017ceniem dla zdrowia zwierz\u0105t i konsument\u00f3w&#8221;.<\/p>\n<p>&nbsp;<\/p>\n<p>By\u0142o to zebranie wyj\u0105tkowo uroczyste, bo 9 kwietnia mija 6 lat od powstania Ko\u0142a Mi\u0142o\u015bnik\u00f3w Lasu i Militari\u00f3w LOK przy ATW w Olsztynie.<\/p>\n<p>Przy ciasteczkach i \u00a0cukierkach wspominali\u015bmy minione lata. Z 40 os\u00f3b, kt\u00f3re zak\u0142ada\u0142y Ko\u0142o, do dzi\u015b wytrwa\u0142o \u00a026 cz\u0142onk\u00f3w. Z r\u0105k prezesa Anatola Leszczy\u0144skiego otrzymali pami\u0105tkowe dyplomy. <a href=\"http:\/\/www.milosnicylasu.olsztyn.pl\/wp-content\/uploads\/2015\/04\/P4090013-www.jpg\" data-rel=\"lightbox-image-1\" data-magnific_type=\"image\" data-rl_title=\"\" data-rl_caption=\"\" title=\"\"><img loading=\"lazy\" decoding=\"async\" class=\"size-medium wp-image-1737 alignright\" alt=\"P4090013-www\" src=\"http:\/\/www.milosnicylasu.olsztyn.pl\/wp-content\/uploads\/2015\/04\/P4090013-www-300x225.jpg\" width=\"300\" height=\"225\" srcset=\"https:\/\/www.milosnicylasu.olsztyn.pl\/wp-content\/uploads\/2015\/04\/P4090013-www-300x225.jpg 300w, https:\/\/www.milosnicylasu.olsztyn.pl\/wp-content\/uploads\/2015\/04\/P4090013-www-400x300.jpg 400w, https:\/\/www.milosnicylasu.olsztyn.pl\/wp-content\/uploads\/2015\/04\/P4090013-www.jpg 1024w\" sizes=\"auto, (max-width: 300px) 100vw, 300px\" \/><\/a><\/p>\n<p><img loading=\"lazy\" decoding=\"async\" class=\"alignleft size-medium wp-image-1744\" alt=\"P4090006-www\" src=\"http:\/\/www.milosnicylasu.olsztyn.pl\/wp-content\/uploads\/2015\/04\/P4090006-www-225x300.jpg\" width=\"225\" height=\"300\" srcset=\"https:\/\/www.milosnicylasu.olsztyn.pl\/wp-content\/uploads\/2015\/04\/P4090006-www-225x300.jpg 225w, https:\/\/www.milosnicylasu.olsztyn.pl\/wp-content\/uploads\/2015\/04\/P4090006-www.jpg 576w\" sizes=\"auto, (max-width: 225px) 100vw, 225px\" \/><\/p>\n<p>&nbsp;<\/p>\n<p>&nbsp;<\/p>\n<p>Prezes Warmi\u0144sko-Mazurskiej Organizacji Wojew\u00f3dzkiej LOK w Olsztynie \u00a0Jerzy Kowalski wr\u0119czy\u0142 Anatolowi Leszczy\u0144skiemu &#8222;Podzi\u0119kowanie&#8221;. Wszystkim cz\u0142onkom Ko\u0142a z\u0142o\u017cy\u0142 gratulacje. Us\u0142yszeli\u015bmy wiele s\u0142\u00f3w uznania za prac\u0119 i \u017cyczenia doczekania 25 rocznicy Ko\u0142a. No c\u00f3\u017c&#8230;.. ciekawa jestem kto z nas doczeka i w jakiej kondycji. \u00a0Opr\u00f3cz dyplom\u00f3w, przyznano 9 osobom srebrne i 8 cz\u0142onkom ko\u0142a br\u0105zowe Medale za zas\u0142ugi dla Ko\u0142a.<\/p>\n<p>Uroczy\u015bcie te\u017c przyj\u0119ty zosta\u0142 nowy cz\u0142onek Ko\u0142a Aleksander D\u0119bicki. Legitymacj\u0119 wr\u0119czy\u0142 prezes Jerzy Kowalski.<\/p>\n<p>&nbsp;<\/p>\n<p>&nbsp;<\/p>\n<p>&nbsp;<\/p>\n<p>W cz\u0119\u015bci organizacyjnej Tereska Go\u0142\u0119biewska przyjmowa\u0142a wp\u0142aty na wycieczk\u0119 do \u00a0Nadle\u015bnictwa Jagie\u0142ek &#8211; jest jeszcze kilka miejsc, \u00a0zapraszamy. Ch\u0119tni mog\u0105 zg\u0142asza\u0107 si\u0119 \u00a0do Anatola Leszczy\u0144skiego tel. 731 722 095.<\/p>\n<p>Jednocze\u015bnie informujemy, \u017ce planowana wycieczka w dniu 30 maja \u00a0do Puszczy Kampinowskiej odb\u0119dzie si\u0119 w innym terminie.<\/p>\n<p>&nbsp;<\/p>\n<p>&nbsp;<\/p>\n<p>&nbsp;<\/p>\n<p>&nbsp;<\/p>\n","protected":false},"excerpt":{"rendered":"<p>&nbsp; Czwartkowe zebranie w RDLP w Olsztynie mia\u0142o wyj\u0105tkowy i uroczysty charakter. &nbsp; &nbsp; &nbsp; Wyj\u0105tkowe, bo po raz pierwszy wys\u0142uchali\u015bmy ciekawego wyk\u0142adu zaprezentowanego przez jednego z nas \u00a0&#8211; prof.dr hab. Antoniego Jarczyka na\u00a0temat : \u00a0&#8222;Mikrotoksyny zagro\u017ceniem dla zdrowia zwierz\u0105t i konsument\u00f3w&#8221;. &nbsp; By\u0142o to zebranie wyj\u0105tkowo uroczyste, bo 9 kwietnia mija 6 lat od [&hellip;]<\/p>\n","protected":false},"author":1,"featured_media":0,"comment_status":"open","ping_status":"open","sticky":false,"template":"","format":"standard","meta":{"footnotes":""},"categories":[1,3],"tags":[],"class_list":["post-1735","post","type-post","status-publish","format-standard","hentry","category-bez-kategorii","category-zebrania"],"_links":{"self":[{"href":"https:\/\/www.milosnicylasu.olsztyn.pl\/index.php?rest_route=\/wp\/v2\/posts\/1735","targetHints":{"allow":["GET"]}}],"collection":[{"href":"https:\/\/www.milosnicylasu.olsztyn.pl\/index.php?rest_route=\/wp\/v2\/posts"}],"about":[{"href":"https:\/\/www.milosnicylasu.olsztyn.pl\/index.php?rest_route=\/wp\/v2\/types\/post"}],"author":[{"embeddable":true,"href":"https:\/\/www.milosnicylasu.olsztyn.pl\/index.php?rest_route=\/wp\/v2\/users\/1"}],"replies":[{"embeddable":true,"href":"https:\/\/www.milosnicylasu.olsztyn.pl\/index.php?rest_route=%2Fwp%2Fv2%2Fcomments&post=1735"}],"version-history":[{"count":5,"href":"https:\/\/www.milosnicylasu.olsztyn.pl\/index.php?rest_route=\/wp\/v2\/posts\/1735\/revisions"}],"predecessor-version":[{"id":1745,"href":"https:\/\/www.milosnicylasu.olsztyn.pl\/index.php?rest_route=\/wp\/v2\/posts\/1735\/revisions\/1745"}],"wp:attachment":[{"href":"https:\/\/www.milosnicylasu.olsztyn.pl\/index.php?rest_route=%2Fwp%2Fv2%2Fmedia&parent=1735"}],"wp:term":[{"taxonomy":"category","embeddable":true,"href":"https:\/\/www.milosnicylasu.olsztyn.pl\/index.php?rest_route=%2Fwp%2Fv2%2Fcategories&post=1735"},{"taxonomy":"post_tag","embeddable":true,"href":"https:\/\/www.milosnicylasu.olsztyn.pl\/index.php?rest_route=%2Fwp%2Fv2%2Ftags&post=1735"}],"curies":[{"name":"wp","href":"https:\/\/api.w.org\/{rel}","templated":true}]}}