{"id":1749,"date":"2015-04-14T06:09:08","date_gmt":"2015-04-14T04:09:08","guid":{"rendered":"http:\/\/www.milosnicylasu.olsztyn.pl\/?p=1749"},"modified":"2015-04-14T06:10:51","modified_gmt":"2015-04-14T04:10:51","slug":"to-bylo-tak","status":"publish","type":"post","link":"https:\/\/www.milosnicylasu.olsztyn.pl\/?p=1749","title":{"rendered":"To by\u0142o tak&#8230;&#8230;&#8230;."},"content":{"rendered":"<p><strong>Julian Tuwim &#8211; To by\u0142o tak<\/strong><\/p>\n<p><a href=\"http:\/\/www.milosnicylasu.olsztyn.pl\/wp-content\/uploads\/2015\/04\/P4120003-www.jpg\" data-rel=\"lightbox-image-0\" data-magnific_type=\"image\" data-rl_title=\"\" data-rl_caption=\"\" title=\"\"><img loading=\"lazy\" decoding=\"async\" class=\"alignleft size-medium wp-image-1750\" alt=\"P4120003-www\" src=\"http:\/\/www.milosnicylasu.olsztyn.pl\/wp-content\/uploads\/2015\/04\/P4120003-www-300x225.jpg\" width=\"300\" height=\"225\" srcset=\"https:\/\/www.milosnicylasu.olsztyn.pl\/wp-content\/uploads\/2015\/04\/P4120003-www-300x225.jpg 300w, https:\/\/www.milosnicylasu.olsztyn.pl\/wp-content\/uploads\/2015\/04\/P4120003-www-400x300.jpg 400w, https:\/\/www.milosnicylasu.olsztyn.pl\/wp-content\/uploads\/2015\/04\/P4120003-www.jpg 1024w\" sizes=\"auto, (max-width: 300px) 100vw, 300px\" \/><\/a>To by\u0142o tak: w ciemno\u015bci nocy<br \/>\nZ ga\u0142\u0105zki wylaz\u0142 \u017cywy p\u0105czek.<br \/>\nRozkleja\u0142 si\u0119, ptakami kwil\u0105c;<br \/>\nO \u015bwicie &#8211; westchn\u0105\u0142. To by\u0142 pocz\u0105tek.<\/p>\n<p>Godzin\u0119 blisko si\u0119 dokwieca\u0142,<br \/>\nLeniwie drzemi\u0105c w ciep\u0142ej wio\u015bnie.<br \/>\nCi\u0105gn\u0119\u0142y go z lepkiego gniazdka<br \/>\nKwieciste ptaki coraz g\u0142o\u015bniej.<a href=\"http:\/\/www.milosnicylasu.olsztyn.pl\/wp-content\/uploads\/2015\/04\/P4120008-www.jpg\" data-rel=\"lightbox-image-1\" data-magnific_type=\"image\" data-rl_title=\"\" data-rl_caption=\"\" title=\"\"><img loading=\"lazy\" decoding=\"async\" class=\"size-medium wp-image-1751 alignright\" alt=\"P4120008-www\" src=\"http:\/\/www.milosnicylasu.olsztyn.pl\/wp-content\/uploads\/2015\/04\/P4120008-www-300x225.jpg\" width=\"300\" height=\"225\" srcset=\"https:\/\/www.milosnicylasu.olsztyn.pl\/wp-content\/uploads\/2015\/04\/P4120008-www-300x225.jpg 300w, https:\/\/www.milosnicylasu.olsztyn.pl\/wp-content\/uploads\/2015\/04\/P4120008-www-400x300.jpg 400w, https:\/\/www.milosnicylasu.olsztyn.pl\/wp-content\/uploads\/2015\/04\/P4120008-www.jpg 1024w\" sizes=\"auto, (max-width: 300px) 100vw, 300px\" \/><\/a><\/p>\n<p>Godzin\u0119 blisko si\u0119 upierza\u0142,<br \/>\nBarw upatruj\u0105c po ogrodzie.<br \/>\nWyci\u0105ga\u0142 go z zawi\u0119zi mi\u0119kkiej<br \/>\nSkrzydlaty wietrzyk coraz s\u0142odziej.<\/p>\n<p>O, patrz, jak bij\u0105 si\u0119 o ciebie,<br \/>\nZ\u0142\u0105czone w jeden zgie\u0142k pstrokaty:<br \/>\nPtaki \u015bwiergotem coraz tkliwszym,<br \/>\nCoraz \u017carliwsz\u0105 woni\u0105 kwiaty!<\/p>\n<p>Bezimiennego ci\u0119 rozdwaja<br \/>\nW dwa cudy jedna tw\u00f3rcza si\u0142a,<br \/>\nI dr\u017cy pod tob\u0105 niespokojna<br \/>\nGa\u0142\u0105zka, kt\u00f3ra si\u0119 powi\u0142a.<a href=\"http:\/\/www.milosnicylasu.olsztyn.pl\/wp-content\/uploads\/2015\/04\/P4120010-www.jpg\" data-rel=\"lightbox-image-2\" data-magnific_type=\"image\" data-rl_title=\"\" data-rl_caption=\"\" title=\"\"><img loading=\"lazy\" decoding=\"async\" class=\"alignleft size-medium wp-image-1752\" alt=\"P4120010-www\" src=\"http:\/\/www.milosnicylasu.olsztyn.pl\/wp-content\/uploads\/2015\/04\/P4120010-www-300x225.jpg\" width=\"300\" height=\"225\" srcset=\"https:\/\/www.milosnicylasu.olsztyn.pl\/wp-content\/uploads\/2015\/04\/P4120010-www-300x225.jpg 300w, https:\/\/www.milosnicylasu.olsztyn.pl\/wp-content\/uploads\/2015\/04\/P4120010-www-400x300.jpg 400w, https:\/\/www.milosnicylasu.olsztyn.pl\/wp-content\/uploads\/2015\/04\/P4120010-www.jpg 1024w\" sizes=\"auto, (max-width: 300px) 100vw, 300px\" \/><\/a><\/p>\n<p>Wi\u0119c kto? wi\u0119c jak? Zawia\u0142o ch\u0142odem.<br \/>\nCzy ptak? czy kwiat? I gwar zamiera,<br \/>\nI rozpaczliwy strach istnienia,<br \/>\nW struchla\u0142ym sercu \u015bwiata wzbiera.<\/p>\n<p><a style=\"font-style: normal; line-height: 24.375px; text-decoration: underline;\" href=\"http:\/\/www.milosnicylasu.olsztyn.pl\/wp-content\/uploads\/2015\/04\/P4120009-www.jpg\" data-rel=\"lightbox-image-3\" data-magnific_type=\"image\" data-rl_title=\"\" data-rl_caption=\"\" title=\"\"><img loading=\"lazy\" decoding=\"async\" class=\"size-medium wp-image-1753 alignright\" style=\"border-color: #bbbbbb; background: #eeeeee;\" alt=\"P4120009-www\" src=\"http:\/\/www.milosnicylasu.olsztyn.pl\/wp-content\/uploads\/2015\/04\/P4120009-www-300x225.jpg\" width=\"300\" height=\"225\" srcset=\"https:\/\/www.milosnicylasu.olsztyn.pl\/wp-content\/uploads\/2015\/04\/P4120009-www-300x225.jpg 300w, https:\/\/www.milosnicylasu.olsztyn.pl\/wp-content\/uploads\/2015\/04\/P4120009-www-400x300.jpg 400w, https:\/\/www.milosnicylasu.olsztyn.pl\/wp-content\/uploads\/2015\/04\/P4120009-www.jpg 1024w\" sizes=\"auto, (max-width: 300px) 100vw, 300px\" \/><\/a><\/p>\n<p><span style=\"color: #1b8be0;\"><br \/>\n<\/span>\u00a0Wtedy zerwa\u0142em go z ga\u0142\u0119zi<br \/>\nJak pierworodny owoc z drzewa:<br \/>\nI bardzo s\u0142odk\u0105 woni\u0105 dyszy,<br \/>\nI bardzo smutne wiersze \u015bpiewa.<\/p>\n","protected":false},"excerpt":{"rendered":"<p>Julian Tuwim &#8211; To by\u0142o tak To by\u0142o tak: w ciemno\u015bci nocy Z ga\u0142\u0105zki wylaz\u0142 \u017cywy p\u0105czek. Rozkleja\u0142 si\u0119, ptakami kwil\u0105c; O \u015bwicie &#8211; westchn\u0105\u0142. To by\u0142 pocz\u0105tek. Godzin\u0119 blisko si\u0119 dokwieca\u0142, Leniwie drzemi\u0105c w ciep\u0142ej wio\u015bnie. Ci\u0105gn\u0119\u0142y go z lepkiego gniazdka Kwieciste ptaki coraz g\u0142o\u015bniej. Godzin\u0119 blisko si\u0119 upierza\u0142, Barw upatruj\u0105c po ogrodzie. Wyci\u0105ga\u0142 [&hellip;]<\/p>\n","protected":false},"author":1,"featured_media":0,"comment_status":"open","ping_status":"open","sticky":false,"template":"","format":"standard","meta":{"footnotes":""},"categories":[1,9,7],"tags":[],"class_list":["post-1749","post","type-post","status-publish","format-standard","hentry","category-bez-kategorii","category-ciekawostki","category-wiersze"],"_links":{"self":[{"href":"https:\/\/www.milosnicylasu.olsztyn.pl\/index.php?rest_route=\/wp\/v2\/posts\/1749","targetHints":{"allow":["GET"]}}],"collection":[{"href":"https:\/\/www.milosnicylasu.olsztyn.pl\/index.php?rest_route=\/wp\/v2\/posts"}],"about":[{"href":"https:\/\/www.milosnicylasu.olsztyn.pl\/index.php?rest_route=\/wp\/v2\/types\/post"}],"author":[{"embeddable":true,"href":"https:\/\/www.milosnicylasu.olsztyn.pl\/index.php?rest_route=\/wp\/v2\/users\/1"}],"replies":[{"embeddable":true,"href":"https:\/\/www.milosnicylasu.olsztyn.pl\/index.php?rest_route=%2Fwp%2Fv2%2Fcomments&post=1749"}],"version-history":[{"count":3,"href":"https:\/\/www.milosnicylasu.olsztyn.pl\/index.php?rest_route=\/wp\/v2\/posts\/1749\/revisions"}],"predecessor-version":[{"id":1756,"href":"https:\/\/www.milosnicylasu.olsztyn.pl\/index.php?rest_route=\/wp\/v2\/posts\/1749\/revisions\/1756"}],"wp:attachment":[{"href":"https:\/\/www.milosnicylasu.olsztyn.pl\/index.php?rest_route=%2Fwp%2Fv2%2Fmedia&parent=1749"}],"wp:term":[{"taxonomy":"category","embeddable":true,"href":"https:\/\/www.milosnicylasu.olsztyn.pl\/index.php?rest_route=%2Fwp%2Fv2%2Fcategories&post=1749"},{"taxonomy":"post_tag","embeddable":true,"href":"https:\/\/www.milosnicylasu.olsztyn.pl\/index.php?rest_route=%2Fwp%2Fv2%2Ftags&post=1749"}],"curies":[{"name":"wp","href":"https:\/\/api.w.org\/{rel}","templated":true}]}}