{"id":1757,"date":"2015-04-14T06:24:55","date_gmt":"2015-04-14T04:24:55","guid":{"rendered":"http:\/\/www.milosnicylasu.olsztyn.pl\/?p=1757"},"modified":"2015-04-14T06:26:52","modified_gmt":"2015-04-14T04:26:52","slug":"rajd-11-kwietnia","status":"publish","type":"post","link":"https:\/\/www.milosnicylasu.olsztyn.pl\/?p=1757","title":{"rendered":"Rajd 11 kwietnia"},"content":{"rendered":"<p>Sobotni rajd poprowadzi\u0142 Micha\u0142 K\u0142\u0119bukowski. Wyruszyli\u015bmy z Dajtek, aby w\u0119druj\u0105c znale\u017a\u0107 pierwsze oznaki wiosny.<a href=\"http:\/\/www.milosnicylasu.olsztyn.pl\/wp-content\/uploads\/2015\/04\/P4120005-www.jpg\" data-rel=\"lightbox-image-0\" data-magnific_type=\"image\" data-rl_title=\"\" data-rl_caption=\"\" title=\"\"><img loading=\"lazy\" decoding=\"async\" class=\"alignleft size-medium wp-image-1759\" alt=\"P4120005-www\" src=\"http:\/\/www.milosnicylasu.olsztyn.pl\/wp-content\/uploads\/2015\/04\/P4120005-www-300x225.jpg\" width=\"300\" height=\"225\" srcset=\"https:\/\/www.milosnicylasu.olsztyn.pl\/wp-content\/uploads\/2015\/04\/P4120005-www-300x225.jpg 300w, https:\/\/www.milosnicylasu.olsztyn.pl\/wp-content\/uploads\/2015\/04\/P4120005-www-400x300.jpg 400w, https:\/\/www.milosnicylasu.olsztyn.pl\/wp-content\/uploads\/2015\/04\/P4120005-www.jpg 1024w\" sizes=\"auto, (max-width: 300px) 100vw, 300px\" \/><\/a> Sprzyja\u0142a pogoda, by\u0142o cieplutko i bardzo s\u0142onecznie.<\/p>\n<p>Mamy nadziej\u0119,\u017ce b\u0119dzie podobnie w najbli\u017csz\u0105 sobot\u0119. Zapraszamy wszystkich ch\u0119tnych na wsp\u00f3lne w\u0119drowanie.<\/p>\n","protected":false},"excerpt":{"rendered":"<p>Sobotni rajd poprowadzi\u0142 Micha\u0142 K\u0142\u0119bukowski. Wyruszyli\u015bmy z Dajtek, aby w\u0119druj\u0105c znale\u017a\u0107 pierwsze oznaki wiosny. Sprzyja\u0142a pogoda, by\u0142o cieplutko i bardzo s\u0142onecznie. Mamy nadziej\u0119,\u017ce b\u0119dzie podobnie w najbli\u017csz\u0105 sobot\u0119. Zapraszamy wszystkich ch\u0119tnych na wsp\u00f3lne w\u0119drowanie.<\/p>\n","protected":false},"author":1,"featured_media":0,"comment_status":"open","ping_status":"open","sticky":false,"template":"","format":"standard","meta":{"footnotes":""},"categories":[1,2],"tags":[],"class_list":["post-1757","post","type-post","status-publish","format-standard","hentry","category-bez-kategorii","category-rajdy"],"_links":{"self":[{"href":"https:\/\/www.milosnicylasu.olsztyn.pl\/index.php?rest_route=\/wp\/v2\/posts\/1757","targetHints":{"allow":["GET"]}}],"collection":[{"href":"https:\/\/www.milosnicylasu.olsztyn.pl\/index.php?rest_route=\/wp\/v2\/posts"}],"about":[{"href":"https:\/\/www.milosnicylasu.olsztyn.pl\/index.php?rest_route=\/wp\/v2\/types\/post"}],"author":[{"embeddable":true,"href":"https:\/\/www.milosnicylasu.olsztyn.pl\/index.php?rest_route=\/wp\/v2\/users\/1"}],"replies":[{"embeddable":true,"href":"https:\/\/www.milosnicylasu.olsztyn.pl\/index.php?rest_route=%2Fwp%2Fv2%2Fcomments&post=1757"}],"version-history":[{"count":2,"href":"https:\/\/www.milosnicylasu.olsztyn.pl\/index.php?rest_route=\/wp\/v2\/posts\/1757\/revisions"}],"predecessor-version":[{"id":1760,"href":"https:\/\/www.milosnicylasu.olsztyn.pl\/index.php?rest_route=\/wp\/v2\/posts\/1757\/revisions\/1760"}],"wp:attachment":[{"href":"https:\/\/www.milosnicylasu.olsztyn.pl\/index.php?rest_route=%2Fwp%2Fv2%2Fmedia&parent=1757"}],"wp:term":[{"taxonomy":"category","embeddable":true,"href":"https:\/\/www.milosnicylasu.olsztyn.pl\/index.php?rest_route=%2Fwp%2Fv2%2Fcategories&post=1757"},{"taxonomy":"post_tag","embeddable":true,"href":"https:\/\/www.milosnicylasu.olsztyn.pl\/index.php?rest_route=%2Fwp%2Fv2%2Ftags&post=1757"}],"curies":[{"name":"wp","href":"https:\/\/api.w.org\/{rel}","templated":true}]}}