{"id":1779,"date":"2015-04-20T10:41:52","date_gmt":"2015-04-20T08:41:52","guid":{"rendered":"http:\/\/www.milosnicylasu.olsztyn.pl\/?p=1779"},"modified":"2015-04-20T10:47:10","modified_gmt":"2015-04-20T08:47:10","slug":"1779","status":"publish","type":"post","link":"https:\/\/www.milosnicylasu.olsztyn.pl\/?p=1779","title":{"rendered":"Wystawa malarstwa"},"content":{"rendered":"<p><a href=\"http:\/\/www.milosnicylasu.olsztyn.pl\/wp-content\/uploads\/2015\/04\/P4150002-www.jpg\" data-rel=\"lightbox-image-0\" data-magnific_type=\"image\" data-rl_title=\"\" data-rl_caption=\"\" title=\"\"><img loading=\"lazy\" decoding=\"async\" class=\"alignleft size-medium wp-image-1782\" alt=\"P4150002-www\" src=\"http:\/\/www.milosnicylasu.olsztyn.pl\/wp-content\/uploads\/2015\/04\/P4150002-www-300x225.jpg\" width=\"300\" height=\"225\" srcset=\"https:\/\/www.milosnicylasu.olsztyn.pl\/wp-content\/uploads\/2015\/04\/P4150002-www-300x225.jpg 300w, https:\/\/www.milosnicylasu.olsztyn.pl\/wp-content\/uploads\/2015\/04\/P4150002-www-400x300.jpg 400w, https:\/\/www.milosnicylasu.olsztyn.pl\/wp-content\/uploads\/2015\/04\/P4150002-www.jpg 1024w\" sizes=\"auto, (max-width: 300px) 100vw, 300px\" \/><\/a>15 kwietnia 2015r. w Kamienicy Naujaka w \u00a0Galerii na Strychu MOK oby\u0142 si\u0119 wernisa\u017c wystawy malarstwa pt. \u201eMalarskie pasje\u201d. Na wystawie prezentowane s\u0105 prace\u00a0 cz\u0142onk\u00f3w trzech uczelni trzeciego wieku \u00a0dzia\u0142aj\u0105cych w Olsztynie &#8211; \u00a0Akademii Trzeciego Wieku przy MOK, Warmi\u0144sko-<wbr \/>Mazurskiego Uniwersytetu Trzeciego Wieku oraz Jarockiej Akademii Trzeciego Wieku. W\u015br\u00f3d wystawiaj\u0105cych s\u0105 nasze kole\u017canki z Ko\u0142a Ania Kukli\u0144ska i Krystyna Leszczy\u0144ska<a href=\"http:\/\/www.milosnicylasu.olsztyn.pl\/wp-content\/uploads\/2015\/04\/P4150009-www.jpg\" data-rel=\"lightbox-image-1\" data-magnific_type=\"image\" data-rl_title=\"\" data-rl_caption=\"\" title=\"\"><img loading=\"lazy\" decoding=\"async\" class=\"size-medium wp-image-1783 alignright\" alt=\"P4150009-www\" src=\"http:\/\/www.milosnicylasu.olsztyn.pl\/wp-content\/uploads\/2015\/04\/P4150009-www-300x225.jpg\" width=\"300\" height=\"225\" srcset=\"https:\/\/www.milosnicylasu.olsztyn.pl\/wp-content\/uploads\/2015\/04\/P4150009-www-300x225.jpg 300w, https:\/\/www.milosnicylasu.olsztyn.pl\/wp-content\/uploads\/2015\/04\/P4150009-www-400x300.jpg 400w, https:\/\/www.milosnicylasu.olsztyn.pl\/wp-content\/uploads\/2015\/04\/P4150009-www.jpg 1024w\" sizes=\"auto, (max-width: 300px) 100vw, 300px\" \/><\/a>.<\/p>\n<p>&nbsp;<\/p>\n<p>&nbsp;<\/p>\n<p>Prace b\u0119dzie mo\u017cna ogl\u0105da\u0107 \u00a0jeszcze do 15 maja. Zapraszamy.<\/p>\n","protected":false},"excerpt":{"rendered":"<p>15 kwietnia 2015r. w Kamienicy Naujaka w \u00a0Galerii na Strychu MOK oby\u0142 si\u0119 wernisa\u017c wystawy malarstwa pt. \u201eMalarskie pasje\u201d. Na wystawie prezentowane s\u0105 prace\u00a0 cz\u0142onk\u00f3w trzech uczelni trzeciego wieku \u00a0dzia\u0142aj\u0105cych w Olsztynie &#8211; \u00a0Akademii Trzeciego Wieku przy MOK, Warmi\u0144sko-Mazurskiego Uniwersytetu Trzeciego Wieku oraz Jarockiej Akademii Trzeciego Wieku. W\u015br\u00f3d wystawiaj\u0105cych s\u0105 nasze kole\u017canki z Ko\u0142a Ania [&hellip;]<\/p>\n","protected":false},"author":1,"featured_media":0,"comment_status":"open","ping_status":"open","sticky":false,"template":"","format":"standard","meta":{"footnotes":""},"categories":[1,4],"tags":[],"class_list":["post-1779","post","type-post","status-publish","format-standard","hentry","category-bez-kategorii","category-wystawy"],"_links":{"self":[{"href":"https:\/\/www.milosnicylasu.olsztyn.pl\/index.php?rest_route=\/wp\/v2\/posts\/1779","targetHints":{"allow":["GET"]}}],"collection":[{"href":"https:\/\/www.milosnicylasu.olsztyn.pl\/index.php?rest_route=\/wp\/v2\/posts"}],"about":[{"href":"https:\/\/www.milosnicylasu.olsztyn.pl\/index.php?rest_route=\/wp\/v2\/types\/post"}],"author":[{"embeddable":true,"href":"https:\/\/www.milosnicylasu.olsztyn.pl\/index.php?rest_route=\/wp\/v2\/users\/1"}],"replies":[{"embeddable":true,"href":"https:\/\/www.milosnicylasu.olsztyn.pl\/index.php?rest_route=%2Fwp%2Fv2%2Fcomments&post=1779"}],"version-history":[{"count":4,"href":"https:\/\/www.milosnicylasu.olsztyn.pl\/index.php?rest_route=\/wp\/v2\/posts\/1779\/revisions"}],"predecessor-version":[{"id":1785,"href":"https:\/\/www.milosnicylasu.olsztyn.pl\/index.php?rest_route=\/wp\/v2\/posts\/1779\/revisions\/1785"}],"wp:attachment":[{"href":"https:\/\/www.milosnicylasu.olsztyn.pl\/index.php?rest_route=%2Fwp%2Fv2%2Fmedia&parent=1779"}],"wp:term":[{"taxonomy":"category","embeddable":true,"href":"https:\/\/www.milosnicylasu.olsztyn.pl\/index.php?rest_route=%2Fwp%2Fv2%2Fcategories&post=1779"},{"taxonomy":"post_tag","embeddable":true,"href":"https:\/\/www.milosnicylasu.olsztyn.pl\/index.php?rest_route=%2Fwp%2Fv2%2Ftags&post=1779"}],"curies":[{"name":"wp","href":"https:\/\/api.w.org\/{rel}","templated":true}]}}