{"id":1787,"date":"2015-04-20T11:04:07","date_gmt":"2015-04-20T09:04:07","guid":{"rendered":"http:\/\/www.milosnicylasu.olsztyn.pl\/?p=1787"},"modified":"2015-04-20T11:04:40","modified_gmt":"2015-04-20T09:04:40","slug":"troche-deszczowy-rajd","status":"publish","type":"post","link":"https:\/\/www.milosnicylasu.olsztyn.pl\/?p=1787","title":{"rendered":"Troch\u0119 deszczowy rajd"},"content":{"rendered":"<p><a href=\"http:\/\/www.milosnicylasu.olsztyn.pl\/wp-content\/uploads\/2015\/03\/P3130517-www.jpg\" data-rel=\"lightbox-image-0\" data-magnific_type=\"image\" data-rl_title=\"\" data-rl_caption=\"\" title=\"\"><img loading=\"lazy\" decoding=\"async\" class=\"alignleft size-medium wp-image-1663\" alt=\"P3130517-www\" src=\"http:\/\/www.milosnicylasu.olsztyn.pl\/wp-content\/uploads\/2015\/03\/P3130517-www-300x225.jpg\" width=\"300\" height=\"225\" srcset=\"https:\/\/www.milosnicylasu.olsztyn.pl\/wp-content\/uploads\/2015\/03\/P3130517-www-300x225.jpg 300w, https:\/\/www.milosnicylasu.olsztyn.pl\/wp-content\/uploads\/2015\/03\/P3130517-www-400x300.jpg 400w, https:\/\/www.milosnicylasu.olsztyn.pl\/wp-content\/uploads\/2015\/03\/P3130517-www.jpg 1024w\" sizes=\"auto, (max-width: 300px) 100vw, 300px\" \/><\/a>Mimo przelotnego deszczu, 18 kwietnia, najbardziej wytrwali cz\u0142onkowie Ko\u0142a, na czele z prezesem Anatolem, Leszczy\u0144skim \u00a0w\u0119drowali po lasach kudypskich. W\u0119drowali i szukali odznak budz\u0105cej si\u0119 wiosny. Okaza\u0142o si\u0119, \u017ce mimo utrzymuj\u0105cej si\u0119 niskiej temperatury, w lesie jest coraz bardziej zielono i koncertowo. S\u0142ycha\u0107 trele r\u00f3\u017cnych ptaszk\u00f3w a tak\u017ce bzyczenia owad\u00f3w.<\/p>\n<p>W sobot\u0119 25 kwietnia, wyruszamy na wycieczk\u0119 do Nadle\u015bnictwa Jagie\u0142ek. Prognozy zapowiadaj\u0105 + 18 stopni, mamy nadziej\u0119, \u017ce w takiej temperaturze poczujemy wiosn\u0119 jeszcze bardziej.<\/p>\n","protected":false},"excerpt":{"rendered":"<p>Mimo przelotnego deszczu, 18 kwietnia, najbardziej wytrwali cz\u0142onkowie Ko\u0142a, na czele z prezesem Anatolem, Leszczy\u0144skim \u00a0w\u0119drowali po lasach kudypskich. W\u0119drowali i szukali odznak budz\u0105cej si\u0119 wiosny. Okaza\u0142o si\u0119, \u017ce mimo utrzymuj\u0105cej si\u0119 niskiej temperatury, w lesie jest coraz bardziej zielono i koncertowo. S\u0142ycha\u0107 trele r\u00f3\u017cnych ptaszk\u00f3w a tak\u017ce bzyczenia owad\u00f3w. W sobot\u0119 25 kwietnia, wyruszamy [&hellip;]<\/p>\n","protected":false},"author":1,"featured_media":0,"comment_status":"open","ping_status":"open","sticky":false,"template":"","format":"standard","meta":{"footnotes":""},"categories":[1,2,5],"tags":[],"class_list":["post-1787","post","type-post","status-publish","format-standard","hentry","category-bez-kategorii","category-rajdy","category-wycieczki"],"_links":{"self":[{"href":"https:\/\/www.milosnicylasu.olsztyn.pl\/index.php?rest_route=\/wp\/v2\/posts\/1787","targetHints":{"allow":["GET"]}}],"collection":[{"href":"https:\/\/www.milosnicylasu.olsztyn.pl\/index.php?rest_route=\/wp\/v2\/posts"}],"about":[{"href":"https:\/\/www.milosnicylasu.olsztyn.pl\/index.php?rest_route=\/wp\/v2\/types\/post"}],"author":[{"embeddable":true,"href":"https:\/\/www.milosnicylasu.olsztyn.pl\/index.php?rest_route=\/wp\/v2\/users\/1"}],"replies":[{"embeddable":true,"href":"https:\/\/www.milosnicylasu.olsztyn.pl\/index.php?rest_route=%2Fwp%2Fv2%2Fcomments&post=1787"}],"version-history":[{"count":2,"href":"https:\/\/www.milosnicylasu.olsztyn.pl\/index.php?rest_route=\/wp\/v2\/posts\/1787\/revisions"}],"predecessor-version":[{"id":1789,"href":"https:\/\/www.milosnicylasu.olsztyn.pl\/index.php?rest_route=\/wp\/v2\/posts\/1787\/revisions\/1789"}],"wp:attachment":[{"href":"https:\/\/www.milosnicylasu.olsztyn.pl\/index.php?rest_route=%2Fwp%2Fv2%2Fmedia&parent=1787"}],"wp:term":[{"taxonomy":"category","embeddable":true,"href":"https:\/\/www.milosnicylasu.olsztyn.pl\/index.php?rest_route=%2Fwp%2Fv2%2Fcategories&post=1787"},{"taxonomy":"post_tag","embeddable":true,"href":"https:\/\/www.milosnicylasu.olsztyn.pl\/index.php?rest_route=%2Fwp%2Fv2%2Ftags&post=1787"}],"curies":[{"name":"wp","href":"https:\/\/api.w.org\/{rel}","templated":true}]}}