{"id":1820,"date":"2015-04-28T20:02:36","date_gmt":"2015-04-28T18:02:36","guid":{"rendered":"http:\/\/www.milosnicylasu.olsztyn.pl\/?p=1820"},"modified":"2015-04-29T06:18:27","modified_gmt":"2015-04-29T04:18:27","slug":"70-lecie-rdlp-w-olsztynie","status":"publish","type":"post","link":"https:\/\/www.milosnicylasu.olsztyn.pl\/?p=1820","title":{"rendered":"70-lecie RDLP w Olsztynie"},"content":{"rendered":"<p><a style=\"font-style: normal; line-height: 24.375px; text-decoration: underline;\" href=\"http:\/\/www.milosnicylasu.olsztyn.pl\/wp-content\/uploads\/2015\/04\/DSCN0284-www.jpg\" data-rel=\"lightbox-image-0\" data-magnific_type=\"image\" data-rl_title=\"\" data-rl_caption=\"\" title=\"\"><img loading=\"lazy\" decoding=\"async\" class=\"alignleft size-medium wp-image-1834\" style=\"border-color: #bbbbbb; background: #eeeeee;\" alt=\"DSCN0284-www\" src=\"http:\/\/www.milosnicylasu.olsztyn.pl\/wp-content\/uploads\/2015\/04\/DSCN0284-www-300x225.jpg\" width=\"300\" height=\"225\" srcset=\"https:\/\/www.milosnicylasu.olsztyn.pl\/wp-content\/uploads\/2015\/04\/DSCN0284-www-300x225.jpg 300w, https:\/\/www.milosnicylasu.olsztyn.pl\/wp-content\/uploads\/2015\/04\/DSCN0284-www-400x300.jpg 400w, https:\/\/www.milosnicylasu.olsztyn.pl\/wp-content\/uploads\/2015\/04\/DSCN0284-www.jpg 1024w\" sizes=\"auto, (max-width: 300px) 100vw, 300px\" \/><\/a><a href=\"http:\/\/www.milosnicylasu.olsztyn.pl\/wp-content\/uploads\/2015\/04\/DSCN0285-www.jpg\" data-rel=\"lightbox-image-1\" data-magnific_type=\"image\" data-rl_title=\"\" data-rl_caption=\"\" title=\"\"><img loading=\"lazy\" decoding=\"async\" class=\"size-medium wp-image-1824 alignright\" alt=\"DSCN0285-www\" src=\"http:\/\/www.milosnicylasu.olsztyn.pl\/wp-content\/uploads\/2015\/04\/DSCN0285-www-300x225.jpg\" width=\"300\" height=\"225\" srcset=\"https:\/\/www.milosnicylasu.olsztyn.pl\/wp-content\/uploads\/2015\/04\/DSCN0285-www-300x225.jpg 300w, https:\/\/www.milosnicylasu.olsztyn.pl\/wp-content\/uploads\/2015\/04\/DSCN0285-www-400x300.jpg 400w, https:\/\/www.milosnicylasu.olsztyn.pl\/wp-content\/uploads\/2015\/04\/DSCN0285-www.jpg 1024w\" sizes=\"auto, (max-width: 300px) 100vw, 300px\" \/><\/a><\/p>\n<p>&nbsp;<\/p>\n<p>Regionalna Dyrekcja Las\u00f3w Pa\u0144stwowych w Olsztynie \u015bwi\u0119towa\u0142a swoje 70-lecie. Z tej okazji zaprosi\u0142a wszystkich sympatyk\u00f3w na wsp\u00f3lne uroczyste sadzenie lasu w Le\u015bnictwie Wad\u0105g.<\/p>\n<p>&nbsp;<\/p>\n<p>&nbsp;<\/p>\n<p>&nbsp;<\/p>\n<p><b><a href=\"http:\/\/www.milosnicylasu.olsztyn.pl\/wp-content\/uploads\/2015\/04\/DSCN0290-www.jpg\" data-rel=\"lightbox-image-2\" data-magnific_type=\"image\" data-rl_title=\"\" data-rl_caption=\"\" title=\"\"><img loading=\"lazy\" decoding=\"async\" class=\"size-medium wp-image-1828 alignright\" alt=\"DSCN0290-www\" src=\"http:\/\/www.milosnicylasu.olsztyn.pl\/wp-content\/uploads\/2015\/04\/DSCN0290-www-300x225.jpg\" width=\"300\" height=\"225\" srcset=\"https:\/\/www.milosnicylasu.olsztyn.pl\/wp-content\/uploads\/2015\/04\/DSCN0290-www-300x225.jpg 300w, https:\/\/www.milosnicylasu.olsztyn.pl\/wp-content\/uploads\/2015\/04\/DSCN0290-www-400x300.jpg 400w, https:\/\/www.milosnicylasu.olsztyn.pl\/wp-content\/uploads\/2015\/04\/DSCN0290-www.jpg 1024w\" sizes=\"auto, (max-width: 300px) 100vw, 300px\" \/><\/a><\/b><\/p>\n<p>&nbsp;<\/p>\n<p>&nbsp;<\/p>\n<p>&nbsp;<\/p>\n<p><b>Dzieci z olszty\u0144skich i podolszty\u0144skich szk\u00f3\u0142 podstawowych i przedszkoli, samorz\u0105dowcy, pos\u0142owie, inni przyjaciele las\u00f3w, \u00a0wsp\u00f3lnie z pracownikami le\u015bnymi, posadzili ok. 4000 sadzonek drzew iglastych w Le\u015bnictwie Wad\u0105g. <\/b><\/p>\n<p>&nbsp;<\/p>\n<p><img loading=\"lazy\" decoding=\"async\" class=\"size-medium wp-image-1825 alignleft\" style=\"color: #333333; font-style: normal; line-height: 24.375px; margin-top: 0.4em;\" alt=\"DSCN0295-www\" src=\"http:\/\/www.milosnicylasu.olsztyn.pl\/wp-content\/uploads\/2015\/04\/DSCN0295-www-300x225.jpg\" width=\"300\" height=\"225\" srcset=\"https:\/\/www.milosnicylasu.olsztyn.pl\/wp-content\/uploads\/2015\/04\/DSCN0295-www-300x225.jpg 300w, https:\/\/www.milosnicylasu.olsztyn.pl\/wp-content\/uploads\/2015\/04\/DSCN0295-www-400x300.jpg 400w, https:\/\/www.milosnicylasu.olsztyn.pl\/wp-content\/uploads\/2015\/04\/DSCN0295-www.jpg 1024w\" sizes=\"auto, (max-width: 300px) 100vw, 300px\" \/><\/p>\n<p>&nbsp;<\/p>\n<p><b>W\u015br\u00f3d sadz\u0105cych mo\u017cna by\u0142o spotka\u0107 przedstawicieli estrady, w tym Piotra So\u0142oducha &#8211; lidera i za\u0142o\u017cyciela zespo\u0142u Enej.<\/b><\/p>\n<p>&nbsp;<\/p>\n<p>&nbsp;<\/p>\n<p><img loading=\"lazy\" decoding=\"async\" class=\"size-medium wp-image-1823 alignright\" alt=\"DSCN0311-www\" src=\"http:\/\/www.milosnicylasu.olsztyn.pl\/wp-content\/uploads\/2015\/04\/DSCN0311-www-300x225.jpg\" width=\"300\" height=\"225\" srcset=\"https:\/\/www.milosnicylasu.olsztyn.pl\/wp-content\/uploads\/2015\/04\/DSCN0311-www-300x225.jpg 300w, https:\/\/www.milosnicylasu.olsztyn.pl\/wp-content\/uploads\/2015\/04\/DSCN0311-www-400x300.jpg 400w, https:\/\/www.milosnicylasu.olsztyn.pl\/wp-content\/uploads\/2015\/04\/DSCN0311-www.jpg 1024w\" sizes=\"auto, (max-width: 300px) 100vw, 300px\" \/><\/p>\n<p>&nbsp;<\/p>\n<p><b>Przy nowym lesie ods\u0142oni\u0119to tak\u017ce obelisk upami\u0119tniaj\u0105cy 70 rocznic\u0119 powstania Regionalnej Dyrekcji Las\u00f3w Pa\u0144stwowych w Olsztynie.<\/b><\/p>\n<p>&nbsp;<\/p>\n<p>&nbsp;<\/p>\n<p>&nbsp;<\/p>\n<p><img loading=\"lazy\" decoding=\"async\" class=\"size-medium wp-image-1826 alignleft\" alt=\"DSCN0315-www\" src=\"http:\/\/www.milosnicylasu.olsztyn.pl\/wp-content\/uploads\/2015\/04\/DSCN0315-www-300x225.jpg\" width=\"300\" height=\"225\" srcset=\"https:\/\/www.milosnicylasu.olsztyn.pl\/wp-content\/uploads\/2015\/04\/DSCN0315-www-300x225.jpg 300w, https:\/\/www.milosnicylasu.olsztyn.pl\/wp-content\/uploads\/2015\/04\/DSCN0315-www-400x300.jpg 400w, https:\/\/www.milosnicylasu.olsztyn.pl\/wp-content\/uploads\/2015\/04\/DSCN0315-www.jpg 1024w\" sizes=\"auto, (max-width: 300px) 100vw, 300px\" \/><\/p>\n<p>&nbsp;<\/p>\n<p>&nbsp;<\/p>\n<p>Nasze Ko\u0142o w tej pi\u0119knej uroczysto\u015bci reprezentowa\u0142 prezes Anatol Leszczy\u0144ski, kt\u00f3ry otrzyma\u0142 zaproszenie z RDLP w Olsztynie.<\/p>\n","protected":false},"excerpt":{"rendered":"<p>&nbsp; Regionalna Dyrekcja Las\u00f3w Pa\u0144stwowych w Olsztynie \u015bwi\u0119towa\u0142a swoje 70-lecie. Z tej okazji zaprosi\u0142a wszystkich sympatyk\u00f3w na wsp\u00f3lne uroczyste sadzenie lasu w Le\u015bnictwie Wad\u0105g. &nbsp; &nbsp; &nbsp; &nbsp; &nbsp; &nbsp; Dzieci z olszty\u0144skich i podolszty\u0144skich szk\u00f3\u0142 podstawowych i przedszkoli, samorz\u0105dowcy, pos\u0142owie, inni przyjaciele las\u00f3w, \u00a0wsp\u00f3lnie z pracownikami le\u015bnymi, posadzili ok. 4000 sadzonek drzew iglastych w [&hellip;]<\/p>\n","protected":false},"author":1,"featured_media":0,"comment_status":"open","ping_status":"open","sticky":false,"template":"","format":"standard","meta":{"footnotes":""},"categories":[1,9],"tags":[],"class_list":["post-1820","post","type-post","status-publish","format-standard","hentry","category-bez-kategorii","category-ciekawostki"],"_links":{"self":[{"href":"https:\/\/www.milosnicylasu.olsztyn.pl\/index.php?rest_route=\/wp\/v2\/posts\/1820","targetHints":{"allow":["GET"]}}],"collection":[{"href":"https:\/\/www.milosnicylasu.olsztyn.pl\/index.php?rest_route=\/wp\/v2\/posts"}],"about":[{"href":"https:\/\/www.milosnicylasu.olsztyn.pl\/index.php?rest_route=\/wp\/v2\/types\/post"}],"author":[{"embeddable":true,"href":"https:\/\/www.milosnicylasu.olsztyn.pl\/index.php?rest_route=\/wp\/v2\/users\/1"}],"replies":[{"embeddable":true,"href":"https:\/\/www.milosnicylasu.olsztyn.pl\/index.php?rest_route=%2Fwp%2Fv2%2Fcomments&post=1820"}],"version-history":[{"count":5,"href":"https:\/\/www.milosnicylasu.olsztyn.pl\/index.php?rest_route=\/wp\/v2\/posts\/1820\/revisions"}],"predecessor-version":[{"id":1835,"href":"https:\/\/www.milosnicylasu.olsztyn.pl\/index.php?rest_route=\/wp\/v2\/posts\/1820\/revisions\/1835"}],"wp:attachment":[{"href":"https:\/\/www.milosnicylasu.olsztyn.pl\/index.php?rest_route=%2Fwp%2Fv2%2Fmedia&parent=1820"}],"wp:term":[{"taxonomy":"category","embeddable":true,"href":"https:\/\/www.milosnicylasu.olsztyn.pl\/index.php?rest_route=%2Fwp%2Fv2%2Fcategories&post=1820"},{"taxonomy":"post_tag","embeddable":true,"href":"https:\/\/www.milosnicylasu.olsztyn.pl\/index.php?rest_route=%2Fwp%2Fv2%2Ftags&post=1820"}],"curies":[{"name":"wp","href":"https:\/\/api.w.org\/{rel}","templated":true}]}}