{"id":1850,"date":"2015-05-09T07:29:41","date_gmt":"2015-05-09T05:29:41","guid":{"rendered":"http:\/\/www.milosnicylasu.olsztyn.pl\/?p=1850"},"modified":"2015-05-09T07:29:58","modified_gmt":"2015-05-09T05:29:58","slug":"majowe-spotkanie-w-rdlp-w-olsztynie","status":"publish","type":"post","link":"https:\/\/www.milosnicylasu.olsztyn.pl\/?p=1850","title":{"rendered":"Majowe spotkanie w RDLP w Olsztynie"},"content":{"rendered":"<p><a href=\"http:\/\/www.milosnicylasu.olsztyn.pl\/wp-content\/uploads\/2015\/05\/DSCN0424-www.jpg\" data-rel=\"lightbox-image-0\" data-magnific_type=\"image\" data-rl_title=\"\" data-rl_caption=\"\" title=\"\"><img loading=\"lazy\" decoding=\"async\" class=\"alignleft size-medium wp-image-1851\" alt=\"DSCN0424-www\" src=\"http:\/\/www.milosnicylasu.olsztyn.pl\/wp-content\/uploads\/2015\/05\/DSCN0424-www-300x225.jpg\" width=\"300\" height=\"225\" srcset=\"https:\/\/www.milosnicylasu.olsztyn.pl\/wp-content\/uploads\/2015\/05\/DSCN0424-www-300x225.jpg 300w, https:\/\/www.milosnicylasu.olsztyn.pl\/wp-content\/uploads\/2015\/05\/DSCN0424-www-400x300.jpg 400w, https:\/\/www.milosnicylasu.olsztyn.pl\/wp-content\/uploads\/2015\/05\/DSCN0424-www.jpg 1024w\" sizes=\"auto, (max-width: 300px) 100vw, 300px\" \/><\/a><\/p>\n<p>&nbsp;<\/p>\n<p>7 maja spotkali\u015bmy si e w RDLP w Olsztynie aby wys\u0142ucha\u0107 Pana Rafa\u0142a Zagroby na temat :&#8221;Owady- martwe drewno&#8221;. Z ogromnym zainteresowaniem\u00a0s\u0142uchali\u015bmy \u00a0i ogl\u0105dali\u015bmy ksylofogi &#8211; owady niszcz\u0105ce drewno &#8211; tykotki, ko\u0142atki, spuszczele pospolite.<\/p>\n<p>&nbsp;<\/p>\n<p><a href=\"http:\/\/www.milosnicylasu.olsztyn.pl\/wp-content\/uploads\/2015\/05\/DSCN0426-www.jpg\" data-rel=\"lightbox-image-1\" data-magnific_type=\"image\" data-rl_title=\"\" data-rl_caption=\"\" title=\"\"><img loading=\"lazy\" decoding=\"async\" class=\"size-medium wp-image-1852 alignright\" alt=\"DSCN0426-www\" src=\"http:\/\/www.milosnicylasu.olsztyn.pl\/wp-content\/uploads\/2015\/05\/DSCN0426-www-300x225.jpg\" width=\"300\" height=\"225\" srcset=\"https:\/\/www.milosnicylasu.olsztyn.pl\/wp-content\/uploads\/2015\/05\/DSCN0426-www-300x225.jpg 300w, https:\/\/www.milosnicylasu.olsztyn.pl\/wp-content\/uploads\/2015\/05\/DSCN0426-www-400x300.jpg 400w, https:\/\/www.milosnicylasu.olsztyn.pl\/wp-content\/uploads\/2015\/05\/DSCN0426-www.jpg 1024w\" sizes=\"auto, (max-width: 300px) 100vw, 300px\" \/><\/a><\/p>\n<p>&nbsp;<\/p>\n<p>Wyk\u0142ad by\u0142 bardzo ciekawy, a my u\u015bwiadamiamy sobie ci\u0105gle jak jeszcze wiele nie wiemy, mimo sze\u015bcioletnich, comiesi\u0119cznych wyk\u0142ad\u00f3w w Olszty\u0144skiej Dyrekcji Las\u00f3w Pa\u0144stwowych.<\/p>\n<p>&nbsp;<\/p>\n<p><a href=\"http:\/\/www.milosnicylasu.olsztyn.pl\/wp-content\/uploads\/2015\/05\/DSCN0428-www.jpg\" data-rel=\"lightbox-image-2\" data-magnific_type=\"image\" data-rl_title=\"\" data-rl_caption=\"\" title=\"\"><img loading=\"lazy\" decoding=\"async\" class=\"alignleft size-medium wp-image-1853\" alt=\"DSCN0428-www\" src=\"http:\/\/www.milosnicylasu.olsztyn.pl\/wp-content\/uploads\/2015\/05\/DSCN0428-www-300x225.jpg\" width=\"300\" height=\"225\" srcset=\"https:\/\/www.milosnicylasu.olsztyn.pl\/wp-content\/uploads\/2015\/05\/DSCN0428-www-300x225.jpg 300w, https:\/\/www.milosnicylasu.olsztyn.pl\/wp-content\/uploads\/2015\/05\/DSCN0428-www-400x300.jpg 400w, https:\/\/www.milosnicylasu.olsztyn.pl\/wp-content\/uploads\/2015\/05\/DSCN0428-www.jpg 1024w\" sizes=\"auto, (max-width: 300px) 100vw, 300px\" \/><\/a><\/p>\n<p>&nbsp;<\/p>\n<p>Na pami\u0105tk\u0119 spotkania pan Rafa\u0142 otrzyma\u0142 prac\u0119 wykonan\u0105 przez Krystyn\u0119 Leszczy\u0144sk\u0105 -haft wst\u0105\u017ceczkowy.<\/p>\n<p>&nbsp;<\/p>\n<p>&nbsp;<\/p>\n<p>Tradycyjnie, za wyk\u0142ady, kt\u00f3re prelegenci wyg\u0142aszaj\u0105 nieodp\u0142atnie, otrzymuj\u0105 pami\u0105tki wykonane przez cz\u0142onk\u00f3w naszego Ko\u0142a. Pocz\u0105tkowo by\u0142y to w\u0142a\u015bnie prace z wykorzystaniem haftu wst\u0105\u017ceczkowego, a nast\u0119pnie Basia Kowalewska \u00a0malowa\u0142a cudne akwarele, kt\u00f3rymi przez blisko 5 lat obdarowywani byli nasi kolejni go\u015bcie. <a href=\"http:\/\/www.milosnicylasu.olsztyn.pl\/wp-content\/uploads\/2015\/05\/DSCN0430-www.jpg\" data-rel=\"lightbox-image-3\" data-magnific_type=\"image\" data-rl_title=\"\" data-rl_caption=\"\" title=\"\"><img loading=\"lazy\" decoding=\"async\" class=\"size-medium wp-image-1854 alignright\" alt=\"DSCN0430-www\" src=\"http:\/\/www.milosnicylasu.olsztyn.pl\/wp-content\/uploads\/2015\/05\/DSCN0430-www-300x225.jpg\" width=\"300\" height=\"225\" srcset=\"https:\/\/www.milosnicylasu.olsztyn.pl\/wp-content\/uploads\/2015\/05\/DSCN0430-www-300x225.jpg 300w, https:\/\/www.milosnicylasu.olsztyn.pl\/wp-content\/uploads\/2015\/05\/DSCN0430-www-400x300.jpg 400w, https:\/\/www.milosnicylasu.olsztyn.pl\/wp-content\/uploads\/2015\/05\/DSCN0430-www.jpg 1024w\" sizes=\"auto, (max-width: 300px) 100vw, 300px\" \/><\/a><\/p>\n<p>Za swoje zaanga\u017cowanie, na czwartkowym spotkaniu, otrzyma\u0142a Srebrny Medal Za Zas\u0142ugi Dla Ko\u0142a.<\/p>\n<p>Kochana Basiu &#8211; gratulujemy i dzi\u0119kujemy !!!!<\/p>\n<p>&nbsp;<\/p>\n<p><a href=\"http:\/\/www.milosnicylasu.olsztyn.pl\/wp-content\/uploads\/2015\/05\/DSCN0432-www.jpg\" data-rel=\"lightbox-image-4\" data-magnific_type=\"image\" data-rl_title=\"\" data-rl_caption=\"\" title=\"\"><img loading=\"lazy\" decoding=\"async\" class=\"alignleft size-medium wp-image-1855\" alt=\"DSCN0432-www\" src=\"http:\/\/www.milosnicylasu.olsztyn.pl\/wp-content\/uploads\/2015\/05\/DSCN0432-www-300x225.jpg\" width=\"300\" height=\"225\" srcset=\"https:\/\/www.milosnicylasu.olsztyn.pl\/wp-content\/uploads\/2015\/05\/DSCN0432-www-300x225.jpg 300w, https:\/\/www.milosnicylasu.olsztyn.pl\/wp-content\/uploads\/2015\/05\/DSCN0432-www-400x300.jpg 400w, https:\/\/www.milosnicylasu.olsztyn.pl\/wp-content\/uploads\/2015\/05\/DSCN0432-www.jpg 1024w\" sizes=\"auto, (max-width: 300px) 100vw, 300px\" \/><\/a><\/p>\n<p>&nbsp;<\/p>\n<p>&nbsp;<\/p>\n<p>Na tym r\u00f3wnie\u017c spotkaniu, \u00a0zosta\u0142y wr\u0119czone medale \u00a0i puchar &#8211; zdobyte w zawodach strzeleckich.<\/p>\n<p><a href=\"http:\/\/www.milosnicylasu.olsztyn.pl\/wp-content\/uploads\/2015\/05\/DSCN0434-www.jpg\" data-rel=\"lightbox-image-5\" data-magnific_type=\"image\" data-rl_title=\"\" data-rl_caption=\"\" title=\"\"><img loading=\"lazy\" decoding=\"async\" class=\"size-medium wp-image-1856 alignright\" alt=\"DSCN0434-www\" src=\"http:\/\/www.milosnicylasu.olsztyn.pl\/wp-content\/uploads\/2015\/05\/DSCN0434-www-300x225.jpg\" width=\"300\" height=\"225\" srcset=\"https:\/\/www.milosnicylasu.olsztyn.pl\/wp-content\/uploads\/2015\/05\/DSCN0434-www-300x225.jpg 300w, https:\/\/www.milosnicylasu.olsztyn.pl\/wp-content\/uploads\/2015\/05\/DSCN0434-www-400x300.jpg 400w, https:\/\/www.milosnicylasu.olsztyn.pl\/wp-content\/uploads\/2015\/05\/DSCN0434-www.jpg 1024w\" sizes=\"auto, (max-width: 300px) 100vw, 300px\" \/><\/a>Panie<\/p>\n<p>&nbsp;<\/p>\n<p>&nbsp;<\/p>\n<p>&nbsp;<\/p>\n<p>I panowie<\/p>\n<p>&nbsp;<\/p>\n<p>&nbsp;<\/p>\n<p>&nbsp;<\/p>\n<p><a href=\"http:\/\/www.milosnicylasu.olsztyn.pl\/wp-content\/uploads\/2015\/05\/DSCN0435-www.jpg\" data-rel=\"lightbox-image-6\" data-magnific_type=\"image\" data-rl_title=\"\" data-rl_caption=\"\" title=\"\"><img loading=\"lazy\" decoding=\"async\" class=\"alignleft size-medium wp-image-1857\" alt=\"DSCN0435-www\" src=\"http:\/\/www.milosnicylasu.olsztyn.pl\/wp-content\/uploads\/2015\/05\/DSCN0435-www-300x225.jpg\" width=\"300\" height=\"225\" srcset=\"https:\/\/www.milosnicylasu.olsztyn.pl\/wp-content\/uploads\/2015\/05\/DSCN0435-www-300x225.jpg 300w, https:\/\/www.milosnicylasu.olsztyn.pl\/wp-content\/uploads\/2015\/05\/DSCN0435-www-400x300.jpg 400w, https:\/\/www.milosnicylasu.olsztyn.pl\/wp-content\/uploads\/2015\/05\/DSCN0435-www.jpg 1024w\" sizes=\"auto, (max-width: 300px) 100vw, 300px\" \/><\/a><\/p>\n<p>&nbsp;<\/p>\n<p>I najlepszy strzelec z pucharem.<\/p>\n<p>Jeszcze raz wszystkim strzelcom gratulujemy!<\/p>\n<p>&nbsp;<\/p>\n<p>&nbsp;<\/p>\n<p>&nbsp;<\/p>\n<table id=\"lightbox\" cellspacing=\"0\" cellpadding=\"0\"><\/table>\n","protected":false},"excerpt":{"rendered":"<p>&nbsp; 7 maja spotkali\u015bmy si e w RDLP w Olsztynie aby wys\u0142ucha\u0107 Pana Rafa\u0142a Zagroby na temat :&#8221;Owady- martwe drewno&#8221;. Z ogromnym zainteresowaniem\u00a0s\u0142uchali\u015bmy \u00a0i ogl\u0105dali\u015bmy ksylofogi &#8211; owady niszcz\u0105ce drewno &#8211; tykotki, ko\u0142atki, spuszczele pospolite. &nbsp; &nbsp; Wyk\u0142ad by\u0142 bardzo ciekawy, a my u\u015bwiadamiamy sobie ci\u0105gle jak jeszcze wiele nie wiemy, mimo sze\u015bcioletnich, comiesi\u0119cznych wyk\u0142ad\u00f3w [&hellip;]<\/p>\n","protected":false},"author":1,"featured_media":0,"comment_status":"open","ping_status":"open","sticky":false,"template":"","format":"standard","meta":{"footnotes":""},"categories":[1,6,8,3],"tags":[],"class_list":["post-1850","post","type-post","status-publish","format-standard","hentry","category-bez-kategorii","category-odznaczenia","category-zawody-strzeleckie","category-zebrania"],"_links":{"self":[{"href":"https:\/\/www.milosnicylasu.olsztyn.pl\/index.php?rest_route=\/wp\/v2\/posts\/1850","targetHints":{"allow":["GET"]}}],"collection":[{"href":"https:\/\/www.milosnicylasu.olsztyn.pl\/index.php?rest_route=\/wp\/v2\/posts"}],"about":[{"href":"https:\/\/www.milosnicylasu.olsztyn.pl\/index.php?rest_route=\/wp\/v2\/types\/post"}],"author":[{"embeddable":true,"href":"https:\/\/www.milosnicylasu.olsztyn.pl\/index.php?rest_route=\/wp\/v2\/users\/1"}],"replies":[{"embeddable":true,"href":"https:\/\/www.milosnicylasu.olsztyn.pl\/index.php?rest_route=%2Fwp%2Fv2%2Fcomments&post=1850"}],"version-history":[{"count":1,"href":"https:\/\/www.milosnicylasu.olsztyn.pl\/index.php?rest_route=\/wp\/v2\/posts\/1850\/revisions"}],"predecessor-version":[{"id":1858,"href":"https:\/\/www.milosnicylasu.olsztyn.pl\/index.php?rest_route=\/wp\/v2\/posts\/1850\/revisions\/1858"}],"wp:attachment":[{"href":"https:\/\/www.milosnicylasu.olsztyn.pl\/index.php?rest_route=%2Fwp%2Fv2%2Fmedia&parent=1850"}],"wp:term":[{"taxonomy":"category","embeddable":true,"href":"https:\/\/www.milosnicylasu.olsztyn.pl\/index.php?rest_route=%2Fwp%2Fv2%2Fcategories&post=1850"},{"taxonomy":"post_tag","embeddable":true,"href":"https:\/\/www.milosnicylasu.olsztyn.pl\/index.php?rest_route=%2Fwp%2Fv2%2Ftags&post=1850"}],"curies":[{"name":"wp","href":"https:\/\/api.w.org\/{rel}","templated":true}]}}