{"id":187,"date":"2013-04-09T20:01:54","date_gmt":"2013-04-09T18:01:54","guid":{"rendered":"http:\/\/www.milosnicylasu.olsztyn.pl\/?p=187"},"modified":"2013-04-23T10:06:59","modified_gmt":"2013-04-23T08:06:59","slug":"czwarta-rocznica-powstania-kola","status":"publish","type":"post","link":"https:\/\/www.milosnicylasu.olsztyn.pl\/?p=187","title":{"rendered":"Czwarta rocznica powstania Ko\u0142a"},"content":{"rendered":"<p><a href=\"http:\/\/www.milosnicylasu.olsztyn.pl\/wp-content\/uploads\/2013\/04\/P5300001-www.jpg\" data-rel=\"lightbox-image-0\" data-magnific_type=\"image\" data-rl_title=\"\" data-rl_caption=\"\" title=\"\"><img loading=\"lazy\" decoding=\"async\" class=\"alignleft size-medium wp-image-279\" alt=\"P5300001-www\" src=\"http:\/\/www.milosnicylasu.olsztyn.pl\/wp-content\/uploads\/2013\/04\/P5300001-www-300x168.jpg\" width=\"300\" height=\"168\" srcset=\"https:\/\/www.milosnicylasu.olsztyn.pl\/wp-content\/uploads\/2013\/04\/P5300001-www-300x168.jpg 300w, https:\/\/www.milosnicylasu.olsztyn.pl\/wp-content\/uploads\/2013\/04\/P5300001-www-500x281.jpg 500w, https:\/\/www.milosnicylasu.olsztyn.pl\/wp-content\/uploads\/2013\/04\/P5300001-www.jpg 1024w\" sizes=\"auto, (max-width: 300px) 100vw, 300px\" \/><\/a>Czwart\u0105 rocznic\u0119 powstania naszego Ko\u0142a b\u0119dziemy \u015bwi\u0119towa\u0107 15 maja na strzelnicy LOK, gdzie wr\u0119czone zostan\u0105 odznaczenia dla najbardziej zas\u0142u\u017conych cz\u0142onk\u00f3w naszego Ko\u0142a i dla le\u015bnik\u00f3w &#8211; naszych przyjaci\u00f3\u0142, kt\u00f3rzy pomagaj\u0105 nam &#8222;rozwin\u0105\u0107 skrzyd\u0142a&#8221;. Podsumujemy nasz dorobek, powspominamy te cztery lata i oczywi\u015bcie\u00a0 we\u017amiemy udzia\u0142 w zawodach strzeleckich\u00a0 &#8222;O puchar prezesa Ko\u0142a&#8221;. A na zako\u0144czenie przewidujemy pyszn\u0105 groch\u00f3wk\u0119 przy ognisku. Mamy nadziej\u0119, \u017ce\u00a0 dopisze pi\u0119kna pogoda, przynajmniej taka jak by\u0142a podczas obchod\u00f3w III rocznicy Ko\u0142a. Zdj\u0119cie by\u0142o zrobione podczas tego \u015bwi\u0119ta.<\/p>\n","protected":false},"excerpt":{"rendered":"<p>Czwart\u0105 rocznic\u0119 powstania naszego Ko\u0142a b\u0119dziemy \u015bwi\u0119towa\u0107 15 maja na strzelnicy LOK, gdzie wr\u0119czone zostan\u0105 odznaczenia dla najbardziej zas\u0142u\u017conych cz\u0142onk\u00f3w naszego Ko\u0142a i dla le\u015bnik\u00f3w &#8211; naszych przyjaci\u00f3\u0142, kt\u00f3rzy pomagaj\u0105 nam &#8222;rozwin\u0105\u0107 skrzyd\u0142a&#8221;. Podsumujemy nasz dorobek, powspominamy te cztery lata i oczywi\u015bcie\u00a0 we\u017amiemy udzia\u0142 w zawodach strzeleckich\u00a0 &#8222;O puchar prezesa Ko\u0142a&#8221;. A na zako\u0144czenie przewidujemy [&hellip;]<\/p>\n","protected":false},"author":1,"featured_media":0,"comment_status":"open","ping_status":"open","sticky":false,"template":"","format":"standard","meta":{"footnotes":""},"categories":[1],"tags":[],"class_list":["post-187","post","type-post","status-publish","format-standard","hentry","category-bez-kategorii"],"_links":{"self":[{"href":"https:\/\/www.milosnicylasu.olsztyn.pl\/index.php?rest_route=\/wp\/v2\/posts\/187","targetHints":{"allow":["GET"]}}],"collection":[{"href":"https:\/\/www.milosnicylasu.olsztyn.pl\/index.php?rest_route=\/wp\/v2\/posts"}],"about":[{"href":"https:\/\/www.milosnicylasu.olsztyn.pl\/index.php?rest_route=\/wp\/v2\/types\/post"}],"author":[{"embeddable":true,"href":"https:\/\/www.milosnicylasu.olsztyn.pl\/index.php?rest_route=\/wp\/v2\/users\/1"}],"replies":[{"embeddable":true,"href":"https:\/\/www.milosnicylasu.olsztyn.pl\/index.php?rest_route=%2Fwp%2Fv2%2Fcomments&post=187"}],"version-history":[{"count":6,"href":"https:\/\/www.milosnicylasu.olsztyn.pl\/index.php?rest_route=\/wp\/v2\/posts\/187\/revisions"}],"predecessor-version":[{"id":287,"href":"https:\/\/www.milosnicylasu.olsztyn.pl\/index.php?rest_route=\/wp\/v2\/posts\/187\/revisions\/287"}],"wp:attachment":[{"href":"https:\/\/www.milosnicylasu.olsztyn.pl\/index.php?rest_route=%2Fwp%2Fv2%2Fmedia&parent=187"}],"wp:term":[{"taxonomy":"category","embeddable":true,"href":"https:\/\/www.milosnicylasu.olsztyn.pl\/index.php?rest_route=%2Fwp%2Fv2%2Fcategories&post=187"},{"taxonomy":"post_tag","embeddable":true,"href":"https:\/\/www.milosnicylasu.olsztyn.pl\/index.php?rest_route=%2Fwp%2Fv2%2Ftags&post=187"}],"curies":[{"name":"wp","href":"https:\/\/api.w.org\/{rel}","templated":true}]}}