{"id":1875,"date":"2015-05-13T07:40:13","date_gmt":"2015-05-13T05:40:13","guid":{"rendered":"http:\/\/www.milosnicylasu.olsztyn.pl\/?p=1875"},"modified":"2015-05-13T07:40:13","modified_gmt":"2015-05-13T05:40:13","slug":"70-lecie-jedynki","status":"publish","type":"post","link":"https:\/\/www.milosnicylasu.olsztyn.pl\/?p=1875","title":{"rendered":"70- lecie jedynki"},"content":{"rendered":"<p>3 czerwca 2015 r odb\u0119dzie si\u0119 wa\u017cna uroczysto\u015b\u0107 &#8211; obchody 70-lecia istnienia Szko\u0142y Podstawowej Nr 1 im. Ryszarda Knosa\u0142y w Olsztynie.<\/p>\n<p>W tym czasie, kiedy nasze pokolenie ko\u0144czy\u0142o szko\u0142\u0119 podstawow\u0105, nie by\u0142o jeszcze tak wiele &#8222;podstaw\u00f3wek&#8221;. W\u015br\u00f3d naszych cz\u0142onk\u00f3w Ko\u0142a s\u0105 takie osoby, kt\u00f3re uko\u0144czy\u0142y t\u0119 szko\u0142\u0119. My\u015bl\u0119,\u017ce warto przypomnie\u0107 sobie czasy, gdy byli\u015bmy tak bardzo m\u0142odzi. Warto te\u017c spotka\u0107 kole\u017canki i koleg\u00f3w z tego okresu. \u00a0 Czy si\u0119 poznamy?<\/p>\n<p>Na stronie internetowej szko\u0142y znalaz\u0142am takie zaproszenie:<\/p>\n<p align=\"center\">\n<p align=\"center\">\u00a0\u00a0\u00a0<span style=\"font-size: x-large;\">\u00a0\u00a0\u00a0\u00a0\u00a0\u00a0\u00a0 <\/span><span style=\"color: #660000; font-size: x-large;\">Szanowni Pa\u0144stwo<\/span><\/p>\n<p align=\"center\"><span style=\"color: #660000; font-size: x-large;\">Absolwenci, Emerytowani Pracownicy i Przyjaciele Szko\u0142y Podstawowej Nr 1 w Olsztynie<\/span><\/p>\n<p align=\"center\">\n<p align=\"center\"><span style=\"color: #660000; font-size: large;\">3 czerwca 2015r. odb\u0119d\u0105 si\u0119 uroczysto\u015bci z okazji 70 &#8211; lecia &#8222;Jedynki&#8221;. <\/span><\/p>\n<p align=\"center\"><span style=\"color: #660000; font-size: large;\">Wszystkich Pa\u0144stwa, kt\u00f3rzy zechcieliby zaszczyci\u0107 szko\u0142\u0119 swoj\u0105 obecno\u015bci\u0105, prosimy o wype\u0142nienie <\/span><\/p>\n<p align=\"center\">\n<p align=\"center\"><span style=\"color: #660000; font-size: x-large;\"><b><a href=\"http:\/\/www.sp1.olsztyn.pl\/formularz.70.lat.doc\">Formularza zg\u0142oszeniowego<\/a><\/b><\/span><\/p>\n<p align=\"center\"><span style=\"color: #660000; font-size: large;\">\u00a0<\/span><\/p>\n<p align=\"center\"><span style=\"color: #660000; font-size: large;\">i przes\u0142anie go na adres mailowy<\/span><\/p>\n<p align=\"center\"><span style=\"color: #660000; font-size: x-large;\">\u00a0<a href=\"mailto:sp1olsztyn.jubileusz@wp.pl\">sp1olsztyn.jubileusz@wp.pl<\/a>.<\/span><\/p>\n<p align=\"center\"><span style=\"color: #660000; font-size: large;\">Poprzez w\/w adres mailowy prosimy Pa\u0144stwa r\u00f3wnie\u017c o kontakt z nami w ka\u017cdej sprawie zwi\u0105zanej z Jubileuszem.<\/span><\/p>\n<p align=\"center\">\n<p align=\"center\"><span style=\"color: #660000; font-size: large;\">W dniu uroczysto\u015bci planujemy nast\u0119puj\u0105cy jej przebieg:<\/span><\/p>\n<p align=\"center\">\n<p align=\"center\"><span style=\"color: #660000; font-size: large;\">\u00a0\u00a0\u00a0\u00a0\u00a0\u00a0\u00a0\u00a0\u00a0\u00a0\u00a0\u00a0\u00a0\u00a0\u00a0 <\/span><b><span style=\"color: #0000ff; font-size: large;\">godz. 10.00<\/span><span style=\"color: #660000; font-size: large;\"> &#8211; Msza \u015aw. w Ko\u015bciele \u015aw. J\u00f3zefa, ul. Jagiello\u0144ska 41<\/span><\/b><\/p>\n<p align=\"center\">\n<p align=\"center\"><b><span style=\"color: #0000ff; font-size: large;\">ok. godz. 11.30 <\/span> <span style=\"color: #660000; font-size: large;\">&#8211; oficjalne uroczysto\u015bci w auli szkolnej<\/span><\/b><\/p>\n<p align=\"center\">\n<p align=\"center\"><b><span style=\"color: #660000; font-size: large;\">\u00a0\u00a0\u00a0\u00a0\u00a0\u00a0\u00a0\u00a0\u00a0\u00a0\u00a0\u00a0\u00a0\u00a0\u00a0\u00a0\u00a0\u00a0\u00a0\u00a0\u00a0 <\/span><span style=\"color: #0000ff; font-size: large;\">ok. godz. 13.30<\/span><span style=\"color: #660000; font-size: large;\"> &#8211; spotkania absolwent\u00f3w poszczeg\u00f3lnych rocznik\u00f3w, <\/span><\/b><\/p>\n<p align=\"center\"><span style=\"color: #660000; font-size: large;\">\u00a0<\/span><b>\u00a0\u00a0\u00a0\u00a0\u00a0\u00a0\u00a0\u00a0\u00a0\u00a0\u00a0\u00a0\u00a0\u00a0\u00a0\u00a0\u00a0\u00a0\u00a0\u00a0\u00a0\u00a0\u00a0\u00a0\u00a0\u00a0\u00a0\u00a0\u00a0\u00a0\u00a0\u00a0\u00a0\u00a0\u00a0\u00a0\u00a0\u00a0\u00a0\u00a0\u00a0\u00a0\u00a0\u00a0\u00a0\u00a0\u00a0\u00a0\u00a0\u00a0\u00a0\u00a0\u00a0\u00a0\u00a0\u00a0\u00a0\u00a0\u00a0\u00a0\u00a0\u00a0\u00a0\u00a0\u00a0\u00a0\u00a0\u00a0\u00a0\u00a0\u00a0\u00a0 emerytowanych pracownik\u00f3w szko\u0142y, przyjaci\u00f3\u0142 w salach lekcyjnych<\/b><\/p>\n<p align=\"center\">\n<p align=\"center\"><span style=\"color: #660000; font-size: large;\">Po zako\u0144czeniu cz\u0119\u015bci oficjalnej zapraszamy wszystkich obecnych do zwiedzania szko\u0142y, Izby Tradycji i mniej oficjalnych spotka\u0144.<\/span><\/p>\n<p align=\"center\">\n<p align=\"center\">\n<p align=\"center\"><span style=\"color: #660000; font-size: large;\">W imieniu Komitetu Organizacyjnego<\/span><\/p>\n<p align=\"center\"><span style=\"color: #660000; font-size: large;\">Dyrektor szko\u0142y<\/span><\/p>\n<p align=\"center\"><span style=\"color: #660000; font-size: large;\">Barbara Rzepnicka<\/span><\/p>\n","protected":false},"excerpt":{"rendered":"<p>3 czerwca 2015 r odb\u0119dzie si\u0119 wa\u017cna uroczysto\u015b\u0107 &#8211; obchody 70-lecia istnienia Szko\u0142y Podstawowej Nr 1 im. Ryszarda Knosa\u0142y w Olsztynie. W tym czasie, kiedy nasze pokolenie ko\u0144czy\u0142o szko\u0142\u0119 podstawow\u0105, nie by\u0142o jeszcze tak wiele &#8222;podstaw\u00f3wek&#8221;. W\u015br\u00f3d naszych cz\u0142onk\u00f3w Ko\u0142a s\u0105 takie osoby, kt\u00f3re uko\u0144czy\u0142y t\u0119 szko\u0142\u0119. My\u015bl\u0119,\u017ce warto przypomnie\u0107 sobie czasy, gdy byli\u015bmy tak [&hellip;]<\/p>\n","protected":false},"author":1,"featured_media":0,"comment_status":"open","ping_status":"open","sticky":false,"template":"","format":"standard","meta":{"footnotes":""},"categories":[1],"tags":[],"class_list":["post-1875","post","type-post","status-publish","format-standard","hentry","category-bez-kategorii"],"_links":{"self":[{"href":"https:\/\/www.milosnicylasu.olsztyn.pl\/index.php?rest_route=\/wp\/v2\/posts\/1875","targetHints":{"allow":["GET"]}}],"collection":[{"href":"https:\/\/www.milosnicylasu.olsztyn.pl\/index.php?rest_route=\/wp\/v2\/posts"}],"about":[{"href":"https:\/\/www.milosnicylasu.olsztyn.pl\/index.php?rest_route=\/wp\/v2\/types\/post"}],"author":[{"embeddable":true,"href":"https:\/\/www.milosnicylasu.olsztyn.pl\/index.php?rest_route=\/wp\/v2\/users\/1"}],"replies":[{"embeddable":true,"href":"https:\/\/www.milosnicylasu.olsztyn.pl\/index.php?rest_route=%2Fwp%2Fv2%2Fcomments&post=1875"}],"version-history":[{"count":1,"href":"https:\/\/www.milosnicylasu.olsztyn.pl\/index.php?rest_route=\/wp\/v2\/posts\/1875\/revisions"}],"predecessor-version":[{"id":1876,"href":"https:\/\/www.milosnicylasu.olsztyn.pl\/index.php?rest_route=\/wp\/v2\/posts\/1875\/revisions\/1876"}],"wp:attachment":[{"href":"https:\/\/www.milosnicylasu.olsztyn.pl\/index.php?rest_route=%2Fwp%2Fv2%2Fmedia&parent=1875"}],"wp:term":[{"taxonomy":"category","embeddable":true,"href":"https:\/\/www.milosnicylasu.olsztyn.pl\/index.php?rest_route=%2Fwp%2Fv2%2Fcategories&post=1875"},{"taxonomy":"post_tag","embeddable":true,"href":"https:\/\/www.milosnicylasu.olsztyn.pl\/index.php?rest_route=%2Fwp%2Fv2%2Ftags&post=1875"}],"curies":[{"name":"wp","href":"https:\/\/api.w.org\/{rel}","templated":true}]}}