{"id":1878,"date":"2015-05-14T06:11:55","date_gmt":"2015-05-14T04:11:55","guid":{"rendered":"http:\/\/www.milosnicylasu.olsztyn.pl\/?p=1878"},"modified":"2015-05-14T06:24:27","modified_gmt":"2015-05-14T04:24:27","slug":"swieto-polskiej-niezapominajki","status":"publish","type":"post","link":"https:\/\/www.milosnicylasu.olsztyn.pl\/?p=1878","title":{"rendered":"Dzie\u0144 &#8222;Polskiej Niezapominajki&#8221;"},"content":{"rendered":"<p><a href=\"http:\/\/www.milosnicylasu.olsztyn.pl\/wp-content\/uploads\/2013\/05\/P5140014-www.jpg\" data-rel=\"lightbox-image-0\" data-magnific_type=\"image\" data-rl_title=\"\" data-rl_caption=\"\" title=\"\"><img loading=\"lazy\" decoding=\"async\" class=\"alignleft size-medium wp-image-406\" alt=\"P5140014-www.jpg\" src=\"http:\/\/www.milosnicylasu.olsztyn.pl\/wp-content\/uploads\/2013\/05\/P5140014-www-300x225.jpg\" width=\"300\" height=\"225\" srcset=\"https:\/\/www.milosnicylasu.olsztyn.pl\/wp-content\/uploads\/2013\/05\/P5140014-www-300x225.jpg 300w, https:\/\/www.milosnicylasu.olsztyn.pl\/wp-content\/uploads\/2013\/05\/P5140014-www-400x300.jpg 400w, https:\/\/www.milosnicylasu.olsztyn.pl\/wp-content\/uploads\/2013\/05\/P5140014-www.jpg 1024w\" sizes=\"auto, (max-width: 300px) 100vw, 300px\" \/><\/a><\/p>\n<table width=\"100%\" border=\"0\" cellspacing=\"0\" cellpadding=\"2\">\n<tbody>\n<tr>\n<td bgcolor=\"#ffffff\">\n<div>\n<h2>Niezapominajki<\/h2>\n<\/div>\n<\/td>\n<\/tr>\n<tr>\n<td bgcolor=\"#ffffff\">\n<div>Autor: Maria Konopnicka<\/div>\n<\/td>\n<\/tr>\n<tr>\n<td bgcolor=\"#ffffff\">\n<div>Niezapominajki<br \/>\nto s\u0105 kwiatki z bajki!<br \/>\nRosn\u0105 nad potoczkiem,<br \/>\npatrz\u0105 rybim oczkiem.Gdy si\u0119 p\u0142ynie \u0142\u00f3dk\u0105,<br \/>\n\u015amiej\u0105 si\u0119 cichutko<br \/>\nI szepc\u0105 mi skromnie:<br \/>\n\u201eNie zapomnij o mnie\u201d.<\/div>\n<div><\/div>\n<div><strong>Dzie\u0144 Polskiej Niezapominajki<\/strong> \u2013 \u015bwi\u0119to przyrody\u00a0obchodzone corocznie <a title=\"15 maja\" href=\"http:\/\/pl.wikipedia.org\/wiki\/15_maja\">15 maja<\/a>, maj\u0105ce na celu promowanie jej walor\u00f3w, sta\u0142e przypominanie o ochronie \u015brodowiska\u00a0i zachowaniu r\u00f3\u017cnorodno\u015bci biologicznej Polski.<br \/>\n\u015awi\u0119to ma r\u00f3wnie\u017c na celu zachowanie od zapomnienia wa\u017cnych chwil w \u017cyciu, os\u00f3b, miejsc i sytuacji. My b\u0119dziemy obchodzi\u0107 to \u015bwi\u0119to 16 maja 2015 r.<\/div>\n<div>W sobot\u0119, spotkamy si\u0119 o godzinie 10.00, przy jeziorze D\u0142ugim \/ pocz\u0105tek ulicy Le\u015bnej\/ aby poszuka\u0107 &#8222;kwiatk\u00f3w z bajki&#8221;. Zapraszamy.<\/div>\n<\/td>\n<\/tr>\n<\/tbody>\n<\/table>\n","protected":false},"excerpt":{"rendered":"<p>Niezapominajki Autor: Maria Konopnicka Niezapominajki to s\u0105 kwiatki z bajki! Rosn\u0105 nad potoczkiem, patrz\u0105 rybim oczkiem.Gdy si\u0119 p\u0142ynie \u0142\u00f3dk\u0105, \u015amiej\u0105 si\u0119 cichutko I szepc\u0105 mi skromnie: \u201eNie zapomnij o mnie\u201d. Dzie\u0144 Polskiej Niezapominajki \u2013 \u015bwi\u0119to przyrody\u00a0obchodzone corocznie 15 maja, maj\u0105ce na celu promowanie jej walor\u00f3w, sta\u0142e przypominanie o ochronie \u015brodowiska\u00a0i zachowaniu r\u00f3\u017cnorodno\u015bci biologicznej Polski. \u015awi\u0119to [&hellip;]<\/p>\n","protected":false},"author":1,"featured_media":0,"comment_status":"open","ping_status":"open","sticky":false,"template":"","format":"standard","meta":{"footnotes":""},"categories":[1,2,7],"tags":[],"class_list":["post-1878","post","type-post","status-publish","format-standard","hentry","category-bez-kategorii","category-rajdy","category-wiersze"],"_links":{"self":[{"href":"https:\/\/www.milosnicylasu.olsztyn.pl\/index.php?rest_route=\/wp\/v2\/posts\/1878","targetHints":{"allow":["GET"]}}],"collection":[{"href":"https:\/\/www.milosnicylasu.olsztyn.pl\/index.php?rest_route=\/wp\/v2\/posts"}],"about":[{"href":"https:\/\/www.milosnicylasu.olsztyn.pl\/index.php?rest_route=\/wp\/v2\/types\/post"}],"author":[{"embeddable":true,"href":"https:\/\/www.milosnicylasu.olsztyn.pl\/index.php?rest_route=\/wp\/v2\/users\/1"}],"replies":[{"embeddable":true,"href":"https:\/\/www.milosnicylasu.olsztyn.pl\/index.php?rest_route=%2Fwp%2Fv2%2Fcomments&post=1878"}],"version-history":[{"count":4,"href":"https:\/\/www.milosnicylasu.olsztyn.pl\/index.php?rest_route=\/wp\/v2\/posts\/1878\/revisions"}],"predecessor-version":[{"id":1882,"href":"https:\/\/www.milosnicylasu.olsztyn.pl\/index.php?rest_route=\/wp\/v2\/posts\/1878\/revisions\/1882"}],"wp:attachment":[{"href":"https:\/\/www.milosnicylasu.olsztyn.pl\/index.php?rest_route=%2Fwp%2Fv2%2Fmedia&parent=1878"}],"wp:term":[{"taxonomy":"category","embeddable":true,"href":"https:\/\/www.milosnicylasu.olsztyn.pl\/index.php?rest_route=%2Fwp%2Fv2%2Fcategories&post=1878"},{"taxonomy":"post_tag","embeddable":true,"href":"https:\/\/www.milosnicylasu.olsztyn.pl\/index.php?rest_route=%2Fwp%2Fv2%2Ftags&post=1878"}],"curies":[{"name":"wp","href":"https:\/\/api.w.org\/{rel}","templated":true}]}}