{"id":1883,"date":"2015-05-14T22:15:44","date_gmt":"2015-05-14T20:15:44","guid":{"rendered":"http:\/\/www.milosnicylasu.olsztyn.pl\/?p=1883"},"modified":"2015-05-14T22:36:06","modified_gmt":"2015-05-14T20:36:06","slug":"jest-takie-miejsce-cmentarz-w-palmirach","status":"publish","type":"post","link":"https:\/\/www.milosnicylasu.olsztyn.pl\/?p=1883","title":{"rendered":"Jest takie miejsce &#8211; cmentarz w Palmirach"},"content":{"rendered":"<p><b>Cmentarz-mauzoleum Palmiry<\/b> \u2013 miejsce pami\u0119ci narodowej z grobami przesz\u0142o 2 tysi\u0119cy Polak\u00f3w, zamordowanych przez Niemc\u00f3w\u00a0w czasie II wojny \u015bwiatowej, w okresie od 1939-1943, zlokalizowany na po\u0142udnie od wsi Palmiry\u00a0w Gminie Czosn\u00f3w\u00a0w wojew\u00f3dztwie mazowieckim\u00a0w Kampinowskim Parku Narodowym.<a href=\"http:\/\/www.milosnicylasu.olsztyn.pl\/wp-content\/uploads\/2015\/05\/DSCN0545-www.jpg\" data-rel=\"lightbox-image-0\" data-magnific_type=\"image\" data-rl_title=\"\" data-rl_caption=\"\" title=\"\"><img loading=\"lazy\" decoding=\"async\" class=\"alignleft size-medium wp-image-1885\" alt=\"DSCN0545-www\" src=\"http:\/\/www.milosnicylasu.olsztyn.pl\/wp-content\/uploads\/2015\/05\/DSCN0545-www-300x225.jpg\" width=\"300\" height=\"225\" srcset=\"https:\/\/www.milosnicylasu.olsztyn.pl\/wp-content\/uploads\/2015\/05\/DSCN0545-www-300x225.jpg 300w, https:\/\/www.milosnicylasu.olsztyn.pl\/wp-content\/uploads\/2015\/05\/DSCN0545-www-400x300.jpg 400w, https:\/\/www.milosnicylasu.olsztyn.pl\/wp-content\/uploads\/2015\/05\/DSCN0545-www.jpg 1024w\" sizes=\"auto, (max-width: 300px) 100vw, 300px\" \/><\/a><\/p>\n<p>&nbsp;<\/p>\n<p>&nbsp;<\/p>\n<p>Przy wej\u015bciu na cmentarz umieszczono wyryte w kamieniu s\u0142owa, pierwotnie wyryte przez nieznanego wi\u0119\u017ania na \u015bcianie celi nr 6 w wi\u0119zieniu\u00a0w dawnej siedzibie Gestapo\u00a0w alei J. CH. Szucha\u00a025:<\/p>\n<p><strong><i>\u0141atwo jest m\u00f3wi\u0107 o Polsce, trudniej dla niej pracowa\u0107,<\/i><\/strong><\/p>\n<p><strong><i>jeszcze trudniej umrze\u0107, a najtrudniej cierpie\u0107.<\/i><\/strong><\/p>\n<p>Nad cmentarzem g\u00f3ruj\u0105 3 krzy\u017ce posiadaj\u0105ce zmienione proporcje \u2013 ich d\u0142u\u017csze ramiona maj\u0105 symbolizowa\u0107 roz\u0142o\u017cone r\u0119ce rozstrzeliwanego cz\u0142owieka.<a href=\"http:\/\/www.milosnicylasu.olsztyn.pl\/wp-content\/uploads\/2015\/05\/DSCN0528-www.jpg\" data-rel=\"lightbox-image-1\" data-magnific_type=\"image\" data-rl_title=\"\" data-rl_caption=\"\" title=\"\"><img loading=\"lazy\" decoding=\"async\" class=\"alignleft size-medium wp-image-1887\" alt=\"DSCN0528-www\" src=\"http:\/\/www.milosnicylasu.olsztyn.pl\/wp-content\/uploads\/2015\/05\/DSCN0528-www-300x225.jpg\" width=\"300\" height=\"225\" srcset=\"https:\/\/www.milosnicylasu.olsztyn.pl\/wp-content\/uploads\/2015\/05\/DSCN0528-www-300x225.jpg 300w, https:\/\/www.milosnicylasu.olsztyn.pl\/wp-content\/uploads\/2015\/05\/DSCN0528-www-400x300.jpg 400w, https:\/\/www.milosnicylasu.olsztyn.pl\/wp-content\/uploads\/2015\/05\/DSCN0528-www.jpg 1024w\" sizes=\"auto, (max-width: 300px) 100vw, 300px\" \/><\/a><\/p>\n<p>&nbsp;<\/p>\n<p>Gr\u00f3b Janusza Kusoci\u0144skiego<\/p>\n<p>&nbsp;<\/p>\n<p>&nbsp;<\/p>\n<p>&nbsp;<\/p>\n<p>Gr\u00f3b Macieja Rataja &#8211; marsza\u0142ka sejmu<a href=\"http:\/\/www.milosnicylasu.olsztyn.pl\/wp-content\/uploads\/2015\/05\/DSCN0529-www.jpg\" data-rel=\"lightbox-image-2\" data-magnific_type=\"image\" data-rl_title=\"\" data-rl_caption=\"\" title=\"\"><img loading=\"lazy\" decoding=\"async\" class=\"alignleft size-medium wp-image-1888\" alt=\"DSCN0529-www\" src=\"http:\/\/www.milosnicylasu.olsztyn.pl\/wp-content\/uploads\/2015\/05\/DSCN0529-www-300x225.jpg\" width=\"300\" height=\"225\" srcset=\"https:\/\/www.milosnicylasu.olsztyn.pl\/wp-content\/uploads\/2015\/05\/DSCN0529-www-300x225.jpg 300w, https:\/\/www.milosnicylasu.olsztyn.pl\/wp-content\/uploads\/2015\/05\/DSCN0529-www-400x300.jpg 400w, https:\/\/www.milosnicylasu.olsztyn.pl\/wp-content\/uploads\/2015\/05\/DSCN0529-www.jpg 1024w\" sizes=\"auto, (max-width: 300px) 100vw, 300px\" \/><\/a><\/p>\n","protected":false},"excerpt":{"rendered":"<p>Cmentarz-mauzoleum Palmiry \u2013 miejsce pami\u0119ci narodowej z grobami przesz\u0142o 2 tysi\u0119cy Polak\u00f3w, zamordowanych przez Niemc\u00f3w\u00a0w czasie II wojny \u015bwiatowej, w okresie od 1939-1943, zlokalizowany na po\u0142udnie od wsi Palmiry\u00a0w Gminie Czosn\u00f3w\u00a0w wojew\u00f3dztwie mazowieckim\u00a0w Kampinowskim Parku Narodowym. &nbsp; &nbsp; Przy wej\u015bciu na cmentarz umieszczono wyryte w kamieniu s\u0142owa, pierwotnie wyryte przez nieznanego wi\u0119\u017ania na \u015bcianie celi [&hellip;]<\/p>\n","protected":false},"author":1,"featured_media":0,"comment_status":"open","ping_status":"open","sticky":false,"template":"","format":"standard","meta":{"footnotes":""},"categories":[1,9,5],"tags":[],"class_list":["post-1883","post","type-post","status-publish","format-standard","hentry","category-bez-kategorii","category-ciekawostki","category-wycieczki"],"_links":{"self":[{"href":"https:\/\/www.milosnicylasu.olsztyn.pl\/index.php?rest_route=\/wp\/v2\/posts\/1883","targetHints":{"allow":["GET"]}}],"collection":[{"href":"https:\/\/www.milosnicylasu.olsztyn.pl\/index.php?rest_route=\/wp\/v2\/posts"}],"about":[{"href":"https:\/\/www.milosnicylasu.olsztyn.pl\/index.php?rest_route=\/wp\/v2\/types\/post"}],"author":[{"embeddable":true,"href":"https:\/\/www.milosnicylasu.olsztyn.pl\/index.php?rest_route=\/wp\/v2\/users\/1"}],"replies":[{"embeddable":true,"href":"https:\/\/www.milosnicylasu.olsztyn.pl\/index.php?rest_route=%2Fwp%2Fv2%2Fcomments&post=1883"}],"version-history":[{"count":5,"href":"https:\/\/www.milosnicylasu.olsztyn.pl\/index.php?rest_route=\/wp\/v2\/posts\/1883\/revisions"}],"predecessor-version":[{"id":1891,"href":"https:\/\/www.milosnicylasu.olsztyn.pl\/index.php?rest_route=\/wp\/v2\/posts\/1883\/revisions\/1891"}],"wp:attachment":[{"href":"https:\/\/www.milosnicylasu.olsztyn.pl\/index.php?rest_route=%2Fwp%2Fv2%2Fmedia&parent=1883"}],"wp:term":[{"taxonomy":"category","embeddable":true,"href":"https:\/\/www.milosnicylasu.olsztyn.pl\/index.php?rest_route=%2Fwp%2Fv2%2Fcategories&post=1883"},{"taxonomy":"post_tag","embeddable":true,"href":"https:\/\/www.milosnicylasu.olsztyn.pl\/index.php?rest_route=%2Fwp%2Fv2%2Ftags&post=1883"}],"curies":[{"name":"wp","href":"https:\/\/api.w.org\/{rel}","templated":true}]}}