{"id":1894,"date":"2015-05-17T07:54:06","date_gmt":"2015-05-17T05:54:06","guid":{"rendered":"http:\/\/www.milosnicylasu.olsztyn.pl\/?p=1894"},"modified":"2015-05-17T08:12:21","modified_gmt":"2015-05-17T06:12:21","slug":"olsztyn-kocham","status":"publish","type":"post","link":"https:\/\/www.milosnicylasu.olsztyn.pl\/?p=1894","title":{"rendered":"Olsztyn kocham&#8230;&#8230;&#8230;&#8230;."},"content":{"rendered":"<p><a href=\"http:\/\/www.milosnicylasu.olsztyn.pl\/wp-content\/uploads\/2015\/05\/DSCN0689-www.jpg\" data-rel=\"lightbox-image-0\" data-magnific_type=\"image\" data-rl_title=\"\" data-rl_caption=\"\" title=\"\"><img loading=\"lazy\" decoding=\"async\" class=\"alignleft size-medium wp-image-1895\" alt=\"DSCN0689-www\" src=\"http:\/\/www.milosnicylasu.olsztyn.pl\/wp-content\/uploads\/2015\/05\/DSCN0689-www-300x225.jpg\" width=\"300\" height=\"225\" srcset=\"https:\/\/www.milosnicylasu.olsztyn.pl\/wp-content\/uploads\/2015\/05\/DSCN0689-www-300x225.jpg 300w, https:\/\/www.milosnicylasu.olsztyn.pl\/wp-content\/uploads\/2015\/05\/DSCN0689-www-400x300.jpg 400w, https:\/\/www.milosnicylasu.olsztyn.pl\/wp-content\/uploads\/2015\/05\/DSCN0689-www.jpg 1024w\" sizes=\"auto, (max-width: 300px) 100vw, 300px\" \/><\/a><\/p>\n<p>&nbsp;<\/p>\n<p>Olsztyn kocham, ludzi kocham, w\u0119dr\u00f3wki po lesie&#8230;&#8230;.chcia\u0142oby si\u0119 powiedzie\u0107 za Czerwonym Tulipanem po sobotnim rajdzie 16 maja cz\u0142onk\u00f3w Ko\u0142a Mi\u0142o\u015bnik\u00f3w Lasu i Militari\u00f3w.\u00a0<a href=\"http:\/\/www.milosnicylasu.olsztyn.pl\/wp-content\/uploads\/2015\/05\/DSCN0692-www.jpg\" data-rel=\"lightbox-image-1\" data-magnific_type=\"image\" data-rl_title=\"\" data-rl_caption=\"\" title=\"\"><img loading=\"lazy\" decoding=\"async\" class=\"size-medium wp-image-1897 alignright\" alt=\"DSCN0692-www\" src=\"http:\/\/www.milosnicylasu.olsztyn.pl\/wp-content\/uploads\/2015\/05\/DSCN0692-www-300x225.jpg\" width=\"300\" height=\"225\" srcset=\"https:\/\/www.milosnicylasu.olsztyn.pl\/wp-content\/uploads\/2015\/05\/DSCN0692-www-300x225.jpg 300w, https:\/\/www.milosnicylasu.olsztyn.pl\/wp-content\/uploads\/2015\/05\/DSCN0692-www-400x300.jpg 400w, https:\/\/www.milosnicylasu.olsztyn.pl\/wp-content\/uploads\/2015\/05\/DSCN0692-www.jpg 1024w\" sizes=\"auto, (max-width: 300px) 100vw, 300px\" \/><\/a><\/p>\n<p>&nbsp;<\/p>\n<p>&nbsp;<\/p>\n<p>&nbsp;<\/p>\n<p>&nbsp;<\/p>\n<p>&nbsp;<\/p>\n<p>&nbsp;<\/p>\n<p>W mie\u015bcie \u00a0jest coraz pi\u0119kniej, ale chyba jeszcze pi\u0119kniej jest \u00a0wok\u00f3\u0142 jeziora D\u0142ugiego, gdzie przebiega\u0142a trasa rajdu. <a href=\"http:\/\/www.milosnicylasu.olsztyn.pl\/wp-content\/uploads\/2015\/05\/DSCN0703-www.jpg\" data-rel=\"lightbox-image-2\" data-magnific_type=\"image\" data-rl_title=\"\" data-rl_caption=\"\" title=\"\"><img loading=\"lazy\" decoding=\"async\" class=\"alignleft size-medium wp-image-1901\" alt=\"DSCN0703-www\" src=\"http:\/\/www.milosnicylasu.olsztyn.pl\/wp-content\/uploads\/2015\/05\/DSCN0703-www-300x225.jpg\" width=\"300\" height=\"225\" srcset=\"https:\/\/www.milosnicylasu.olsztyn.pl\/wp-content\/uploads\/2015\/05\/DSCN0703-www-300x225.jpg 300w, https:\/\/www.milosnicylasu.olsztyn.pl\/wp-content\/uploads\/2015\/05\/DSCN0703-www-400x300.jpg 400w, https:\/\/www.milosnicylasu.olsztyn.pl\/wp-content\/uploads\/2015\/05\/DSCN0703-www.jpg 1024w\" sizes=\"auto, (max-width: 300px) 100vw, 300px\" \/><\/a><\/p>\n<p>&nbsp;<\/p>\n<p>&nbsp;<\/p>\n<p>&nbsp;<\/p>\n<p>&nbsp;<\/p>\n<p>Spotkali\u015bmy tam ciekawe rozwi\u0105zania swojego m 1<a href=\"http:\/\/www.milosnicylasu.olsztyn.pl\/wp-content\/uploads\/2015\/05\/DSCN0698-www.jpg\" data-rel=\"lightbox-image-3\" data-magnific_type=\"image\" data-rl_title=\"\" data-rl_caption=\"\" title=\"\"><img loading=\"lazy\" decoding=\"async\" class=\"size-medium wp-image-1898 alignright\" alt=\"DSCN0698-www\" src=\"http:\/\/www.milosnicylasu.olsztyn.pl\/wp-content\/uploads\/2015\/05\/DSCN0698-www-300x225.jpg\" width=\"300\" height=\"225\" srcset=\"https:\/\/www.milosnicylasu.olsztyn.pl\/wp-content\/uploads\/2015\/05\/DSCN0698-www-300x225.jpg 300w, https:\/\/www.milosnicylasu.olsztyn.pl\/wp-content\/uploads\/2015\/05\/DSCN0698-www-400x300.jpg 400w, https:\/\/www.milosnicylasu.olsztyn.pl\/wp-content\/uploads\/2015\/05\/DSCN0698-www.jpg 1024w\" sizes=\"auto, (max-width: 300px) 100vw, 300px\" \/><\/a>\u00a0<a href=\"http:\/\/www.milosnicylasu.olsztyn.pl\/wp-content\/uploads\/2015\/05\/DSCN0700-www.jpg\" data-rel=\"lightbox-image-4\" data-magnific_type=\"image\" data-rl_title=\"\" data-rl_caption=\"\" title=\"\"><img loading=\"lazy\" decoding=\"async\" class=\"alignleft size-medium wp-image-1899\" alt=\"DSCN0700-www\" src=\"http:\/\/www.milosnicylasu.olsztyn.pl\/wp-content\/uploads\/2015\/05\/DSCN0700-www-300x225.jpg\" width=\"300\" height=\"225\" srcset=\"https:\/\/www.milosnicylasu.olsztyn.pl\/wp-content\/uploads\/2015\/05\/DSCN0700-www-300x225.jpg 300w, https:\/\/www.milosnicylasu.olsztyn.pl\/wp-content\/uploads\/2015\/05\/DSCN0700-www-400x300.jpg 400w, https:\/\/www.milosnicylasu.olsztyn.pl\/wp-content\/uploads\/2015\/05\/DSCN0700-www.jpg 1024w\" sizes=\"auto, (max-width: 300px) 100vw, 300px\" \/><\/a><\/p>\n<p>&nbsp;<\/p>\n<p>&nbsp;<\/p>\n<p>&nbsp;<\/p>\n<p>&nbsp;<\/p>\n<p>&nbsp;<\/p>\n<p>&nbsp;<\/p>\n<p>&nbsp;<\/p>\n<p>&nbsp;<\/p>\n<p>&nbsp;<\/p>\n<p>&nbsp;<\/p>\n<p><a href=\"http:\/\/www.milosnicylasu.olsztyn.pl\/wp-content\/uploads\/2015\/05\/DSCN0702-www.jpg\" data-rel=\"lightbox-image-5\" data-magnific_type=\"image\" data-rl_title=\"\" data-rl_caption=\"\" title=\"\"><img loading=\"lazy\" decoding=\"async\" class=\"size-medium wp-image-1900 alignright\" alt=\"DSCN0702-www\" src=\"http:\/\/www.milosnicylasu.olsztyn.pl\/wp-content\/uploads\/2015\/05\/DSCN0702-www-300x225.jpg\" width=\"300\" height=\"225\" srcset=\"https:\/\/www.milosnicylasu.olsztyn.pl\/wp-content\/uploads\/2015\/05\/DSCN0702-www-300x225.jpg 300w, https:\/\/www.milosnicylasu.olsztyn.pl\/wp-content\/uploads\/2015\/05\/DSCN0702-www-400x300.jpg 400w, https:\/\/www.milosnicylasu.olsztyn.pl\/wp-content\/uploads\/2015\/05\/DSCN0702-www.jpg 1024w\" sizes=\"auto, (max-width: 300px) 100vw, 300px\" \/><\/a><\/p>\n<p>&nbsp;<\/p>\n<p>&nbsp;<\/p>\n<p>No i zrobili\u015bmy pami\u0105tkowe zdj\u0119cie.<\/p>\n<p>&nbsp;<\/p>\n<p>&nbsp;<\/p>\n<p>Chwila oddechu i wyruszyli\u015bmy nad jezioro Podk\u00f3wka, w pobli\u017cu kt\u00f3rego \u015bwi\u0119towali\u015bmy imieniny Zosi<a href=\"http:\/\/www.milosnicylasu.olsztyn.pl\/wp-content\/uploads\/2015\/05\/DSCN0708-www.jpg\" data-rel=\"lightbox-image-6\" data-magnific_type=\"image\" data-rl_title=\"\" data-rl_caption=\"\" title=\"\"><img loading=\"lazy\" decoding=\"async\" class=\"alignleft size-medium wp-image-1902\" alt=\"DSCN0708-www\" src=\"http:\/\/www.milosnicylasu.olsztyn.pl\/wp-content\/uploads\/2015\/05\/DSCN0708-www-300x225.jpg\" width=\"300\" height=\"225\" srcset=\"https:\/\/www.milosnicylasu.olsztyn.pl\/wp-content\/uploads\/2015\/05\/DSCN0708-www-300x225.jpg 300w, https:\/\/www.milosnicylasu.olsztyn.pl\/wp-content\/uploads\/2015\/05\/DSCN0708-www-400x300.jpg 400w, https:\/\/www.milosnicylasu.olsztyn.pl\/wp-content\/uploads\/2015\/05\/DSCN0708-www.jpg 1024w\" sizes=\"auto, (max-width: 300px) 100vw, 300px\" \/><\/a>\u00a0i&#8230;&#8230;&#8230;&#8230;..<\/p>\n<p>&nbsp;<\/p>\n<p>&nbsp;<\/p>\n<p>&nbsp;<\/p>\n<p>&nbsp;<\/p>\n<p><a href=\"http:\/\/www.milosnicylasu.olsztyn.pl\/wp-content\/uploads\/2015\/05\/DSCN0707-www.jpg\" data-rel=\"lightbox-image-7\" data-magnific_type=\"image\" data-rl_title=\"\" data-rl_caption=\"\" title=\"\"><img loading=\"lazy\" decoding=\"async\" class=\"alignleft size-medium wp-image-1903\" alt=\"DSCN0707-www\" src=\"http:\/\/www.milosnicylasu.olsztyn.pl\/wp-content\/uploads\/2015\/05\/DSCN0707-www-300x225.jpg\" width=\"300\" height=\"225\" srcset=\"https:\/\/www.milosnicylasu.olsztyn.pl\/wp-content\/uploads\/2015\/05\/DSCN0707-www-300x225.jpg 300w, https:\/\/www.milosnicylasu.olsztyn.pl\/wp-content\/uploads\/2015\/05\/DSCN0707-www-400x300.jpg 400w, https:\/\/www.milosnicylasu.olsztyn.pl\/wp-content\/uploads\/2015\/05\/DSCN0707-www.jpg 1024w\" sizes=\"auto, (max-width: 300px) 100vw, 300px\" \/><\/a><\/p>\n<p>&nbsp;<\/p>\n<p>&nbsp;<\/p>\n<p>\u015awi\u0119to Polskiej Niezapominajki.<\/p>\n<p>&nbsp;<\/p>\n<p>Wracali\u015bmy drog\u0105 wzd\u0142u\u017c rzeki \u0141yny,<a href=\"http:\/\/www.milosnicylasu.olsztyn.pl\/wp-content\/uploads\/2015\/05\/DSCN0720-www.jpg\" data-rel=\"lightbox-image-8\" data-magnific_type=\"image\" data-rl_title=\"\" data-rl_caption=\"\" title=\"\"><img loading=\"lazy\" decoding=\"async\" class=\"size-medium wp-image-1904 alignright\" alt=\"DSCN0720-www\" src=\"http:\/\/www.milosnicylasu.olsztyn.pl\/wp-content\/uploads\/2015\/05\/DSCN0720-www-300x225.jpg\" width=\"300\" height=\"225\" srcset=\"https:\/\/www.milosnicylasu.olsztyn.pl\/wp-content\/uploads\/2015\/05\/DSCN0720-www-300x225.jpg 300w, https:\/\/www.milosnicylasu.olsztyn.pl\/wp-content\/uploads\/2015\/05\/DSCN0720-www-400x300.jpg 400w, https:\/\/www.milosnicylasu.olsztyn.pl\/wp-content\/uploads\/2015\/05\/DSCN0720-www.jpg 1024w\" sizes=\"auto, (max-width: 300px) 100vw, 300px\" \/><\/a><\/p>\n<p>&nbsp;<\/p>\n<p>&nbsp;<\/p>\n<p>by zako\u0144czy\u0107 rajd, ko\u0142o CEiKU. Tym razem przeszli\u015bmy ok. 8 km. Troch\u0119 zm\u0119czeni, ale na\u0142adowani pozytywn\u0105 energi\u0105 bycia z pi\u0119kn\u0105 przyrod\u0105 i \u017cyczliwymi osobami, wracali\u015bmy do domu.<a href=\"http:\/\/www.milosnicylasu.olsztyn.pl\/wp-content\/uploads\/2015\/05\/DSCN0729-www.jpg\" data-rel=\"lightbox-image-9\" data-magnific_type=\"image\" data-rl_title=\"\" data-rl_caption=\"\" title=\"\"><img loading=\"lazy\" decoding=\"async\" class=\"alignleft size-medium wp-image-1905\" alt=\"DSCN0729-www\" src=\"http:\/\/www.milosnicylasu.olsztyn.pl\/wp-content\/uploads\/2015\/05\/DSCN0729-www-300x225.jpg\" width=\"300\" height=\"225\" srcset=\"https:\/\/www.milosnicylasu.olsztyn.pl\/wp-content\/uploads\/2015\/05\/DSCN0729-www-300x225.jpg 300w, https:\/\/www.milosnicylasu.olsztyn.pl\/wp-content\/uploads\/2015\/05\/DSCN0729-www-400x300.jpg 400w, https:\/\/www.milosnicylasu.olsztyn.pl\/wp-content\/uploads\/2015\/05\/DSCN0729-www.jpg 1024w\" sizes=\"auto, (max-width: 300px) 100vw, 300px\" \/><\/a> Do zobaczenia w nast\u0119pn\u0105 sobot\u0119 . Tym razem zbi\u00f3rka pod ratuszem, godzina 10.00.<\/p>\n<p>&nbsp;<\/p>\n<p>Zapraszamy wszystkich cz\u0142onk\u00f3w i sympatyk\u00f3w Ko\u0142a.<\/p>\n<p>&nbsp;<\/p>\n<p>&nbsp;<\/p>\n<p>&nbsp;<\/p>\n<h1>Olsztyn Kocham \u2013 <a href=\"http:\/\/teksty.wywrota.pl\/czerwony-tulipan\/\">Czerwony Tulipan<\/a><\/h1>\n<h2><strong>s\u0142owa: Stefan Brzozowski<\/strong><\/h2>\n<div><strong>muzyka: Stefan Brzozowski<\/strong><\/div>\n<div id=\"adcontext\">Kocham Niemc\u00f3w, Mazur\u00f3w, Warmiak\u00f3w, Rosjan, kocham Warszawiak\u00f3w,<br \/>\nKocham g\u00f3rali, kurpi\u00f3w, kocham ludzi z marmuru ze stali<br \/>\nKocham \u017byd\u00f3w i Litwin\u00f3w, Cygan\u00f3w i Bia\u0142orusin\u00f3w, Ukrai\u0144c\u00f3w<br \/>\nKocham ludzi z kres\u00f3w, kocham Poznaniak\u00f3w<br \/>\nKocham wszystkich, wszystkich tych kocham Olsztyniak\u00f3w, ludzi kocham Olsztyn kocham, moj\u0105 ma\u0142\u0105 Ameryk\u0119<br \/>\nOlsztyn kocham, moj\u0105 Ameryk\u0119 Kocham \u0141yn\u0119, zamek, kocham park i Miasto Stare<br \/>\nRatusz noc\u0105 o\u015bwietlony ja\u015bnie zegarami<br \/>\nI Grunwaldzk\u0105 kocham i Most Jana, Prost\u0105, Ko\u0142\u0142\u0105taja, \u017bi\u017cki, domy kocham<br \/>\nDrzewa, niebo i nad Krzywym przysta\u0144<br \/>\nI deszcz w \u015ar\u00f3dmie\u015bciu i szum po ulicach samochod\u00f3w i k\u0105piel w \u017bbiku<br \/>\n<strong>W\u0119dr\u00f3wki po lesie,<\/strong> kocham s\u0142o\u0144ce i muzyk\u0119 kocham<br \/>\nNa dziedzi\u0144cu pod lip\u0105 z Kopernikiem muzyk\u0119Olsztyn kocham, moj\u0105 ma\u0142\u0105 Ameryk\u0119<br \/>\nOlsztyn kocham, moj\u0105 Ameryk\u0119By ma\u0142a kulka Ziemia mia\u0142a jaki\u015b sens&#8230;<br \/>\nBy mia\u0142a sens&#8230;<br \/>\nKocham Niemc\u00f3w, Mazur\u00f3w, Warmiak\u00f3w, Rosjan, kocham Warszawiak\u00f3w,<br \/>\nKocham g\u00f3rali, kurpi\u00f3w, kocham ludzi z marmuru ze stali<br \/>\nKocham \u017byd\u00f3w i Litwin\u00f3w, Cygan\u00f3w i Bia\u0142orusin\u00f3w, Ukrai\u0144c\u00f3w<br \/>\nKocham ludzi z kres\u00f3w, kocham Poznaniak\u00f3w<br \/>\nWszystkich&#8230;<\/p>\n<p>Olsztyn kocham, moj\u0105 ma\u0142\u0105 Ameryk\u0119<br \/>\nOlsztyn kocham, moj\u0105 Ameryk\u0119<\/p>\n<\/div>\n<p>&nbsp;<\/p>\n","protected":false},"excerpt":{"rendered":"<p>&nbsp; Olsztyn kocham, ludzi kocham, w\u0119dr\u00f3wki po lesie&#8230;&#8230;.chcia\u0142oby si\u0119 powiedzie\u0107 za Czerwonym Tulipanem po sobotnim rajdzie 16 maja cz\u0142onk\u00f3w Ko\u0142a Mi\u0142o\u015bnik\u00f3w Lasu i Militari\u00f3w.\u00a0 &nbsp; &nbsp; &nbsp; &nbsp; &nbsp; &nbsp; W mie\u015bcie \u00a0jest coraz pi\u0119kniej, ale chyba jeszcze pi\u0119kniej jest \u00a0wok\u00f3\u0142 jeziora D\u0142ugiego, gdzie przebiega\u0142a trasa rajdu. &nbsp; &nbsp; &nbsp; &nbsp; Spotkali\u015bmy tam ciekawe rozwi\u0105zania [&hellip;]<\/p>\n","protected":false},"author":1,"featured_media":0,"comment_status":"open","ping_status":"open","sticky":false,"template":"","format":"standard","meta":{"footnotes":""},"categories":[1,2],"tags":[],"class_list":["post-1894","post","type-post","status-publish","format-standard","hentry","category-bez-kategorii","category-rajdy"],"_links":{"self":[{"href":"https:\/\/www.milosnicylasu.olsztyn.pl\/index.php?rest_route=\/wp\/v2\/posts\/1894","targetHints":{"allow":["GET"]}}],"collection":[{"href":"https:\/\/www.milosnicylasu.olsztyn.pl\/index.php?rest_route=\/wp\/v2\/posts"}],"about":[{"href":"https:\/\/www.milosnicylasu.olsztyn.pl\/index.php?rest_route=\/wp\/v2\/types\/post"}],"author":[{"embeddable":true,"href":"https:\/\/www.milosnicylasu.olsztyn.pl\/index.php?rest_route=\/wp\/v2\/users\/1"}],"replies":[{"embeddable":true,"href":"https:\/\/www.milosnicylasu.olsztyn.pl\/index.php?rest_route=%2Fwp%2Fv2%2Fcomments&post=1894"}],"version-history":[{"count":7,"href":"https:\/\/www.milosnicylasu.olsztyn.pl\/index.php?rest_route=\/wp\/v2\/posts\/1894\/revisions"}],"predecessor-version":[{"id":1913,"href":"https:\/\/www.milosnicylasu.olsztyn.pl\/index.php?rest_route=\/wp\/v2\/posts\/1894\/revisions\/1913"}],"wp:attachment":[{"href":"https:\/\/www.milosnicylasu.olsztyn.pl\/index.php?rest_route=%2Fwp%2Fv2%2Fmedia&parent=1894"}],"wp:term":[{"taxonomy":"category","embeddable":true,"href":"https:\/\/www.milosnicylasu.olsztyn.pl\/index.php?rest_route=%2Fwp%2Fv2%2Fcategories&post=1894"},{"taxonomy":"post_tag","embeddable":true,"href":"https:\/\/www.milosnicylasu.olsztyn.pl\/index.php?rest_route=%2Fwp%2Fv2%2Ftags&post=1894"}],"curies":[{"name":"wp","href":"https:\/\/api.w.org\/{rel}","templated":true}]}}