{"id":1915,"date":"2015-05-26T10:10:58","date_gmt":"2015-05-26T08:10:58","guid":{"rendered":"http:\/\/www.milosnicylasu.olsztyn.pl\/?p=1915"},"modified":"2015-05-26T11:30:56","modified_gmt":"2015-05-26T09:30:56","slug":"sobotni-rajd-23-maja-2015r","status":"publish","type":"post","link":"https:\/\/www.milosnicylasu.olsztyn.pl\/?p=1915","title":{"rendered":"Sobotni rajd 23 maja 2015r"},"content":{"rendered":"<p><a href=\"http:\/\/www.milosnicylasu.olsztyn.pl\/wp-content\/uploads\/2015\/05\/DSCN0819-www.jpg\" data-rel=\"lightbox-image-0\" data-magnific_type=\"image\" data-rl_title=\"\" data-rl_caption=\"\" title=\"\"><img loading=\"lazy\" decoding=\"async\" class=\"alignleft size-medium wp-image-1916\" alt=\"DSCN0819-www\" src=\"http:\/\/www.milosnicylasu.olsztyn.pl\/wp-content\/uploads\/2015\/05\/DSCN0819-www-300x225.jpg\" width=\"300\" height=\"225\" srcset=\"https:\/\/www.milosnicylasu.olsztyn.pl\/wp-content\/uploads\/2015\/05\/DSCN0819-www-300x225.jpg 300w, https:\/\/www.milosnicylasu.olsztyn.pl\/wp-content\/uploads\/2015\/05\/DSCN0819-www-400x300.jpg 400w, https:\/\/www.milosnicylasu.olsztyn.pl\/wp-content\/uploads\/2015\/05\/DSCN0819-www.jpg 1024w\" sizes=\"auto, (max-width: 300px) 100vw, 300px\" \/><\/a><\/p>\n<p>&nbsp;<\/p>\n<p>&nbsp;<\/p>\n<p>Trasa sobotniego rajdu przebiega\u0142a wzd\u0142u\u017c rzeki \u0141yny. Spotkali\u015bmy si\u0119 pod Ratuszem, aby przez park dotrze\u0107 do rzeki.<\/p>\n<p>&nbsp;<\/p>\n<p>A jak tam pi\u0119knie&#8230; a wszystko w granicach miasta. <a href=\"http:\/\/www.milosnicylasu.olsztyn.pl\/wp-content\/uploads\/2015\/05\/DSCN0834-www.jpg\" data-rel=\"lightbox-image-1\" data-magnific_type=\"image\" data-rl_title=\"\" data-rl_caption=\"\" title=\"\"><img loading=\"lazy\" decoding=\"async\" class=\"size-medium wp-image-1922 alignright\" alt=\"DSCN0834-www\" src=\"http:\/\/www.milosnicylasu.olsztyn.pl\/wp-content\/uploads\/2015\/05\/DSCN0834-www-300x225.jpg\" width=\"300\" height=\"225\" srcset=\"https:\/\/www.milosnicylasu.olsztyn.pl\/wp-content\/uploads\/2015\/05\/DSCN0834-www-300x225.jpg 300w, https:\/\/www.milosnicylasu.olsztyn.pl\/wp-content\/uploads\/2015\/05\/DSCN0834-www-400x300.jpg 400w, https:\/\/www.milosnicylasu.olsztyn.pl\/wp-content\/uploads\/2015\/05\/DSCN0834-www.jpg 1024w\" sizes=\"auto, (max-width: 300px) 100vw, 300px\" \/><\/a><\/p>\n<p>\u0141yna jest g\u0142\u00f3wn\u0105 rzek\u0105 Warmii o ca\u0142kowitej d\u0142ugo\u015bci 289 km (190 km na ternie Polski), ale nie odgrywa\u0142a powa\u017cniejszej roli jako szlak komunikacyjny. \u0141yn\u0105 sp\u0142awiano jedynie drewno.<\/p>\n<p>Obecnie rzeka \u0141yna stanowi du\u017c\u0105 atrakcj\u0119 przyrodnicz\u0105 z dobrze zachowanymi biocenozami w jej \u015brodkowy biegu oraz du\u017c\u0105 atrakcj\u0119 turystyczn\u0105 z mo\u017cliwo\u015bci\u0105 organizowania sp\u0142yw\u00f3w kajakowych.<a href=\"http:\/\/www.milosnicylasu.olsztyn.pl\/wp-content\/uploads\/2015\/05\/DSCN0821-www1.jpg\" data-rel=\"lightbox-image-2\" data-magnific_type=\"image\" data-rl_title=\"\" data-rl_caption=\"\" title=\"\"><img loading=\"lazy\" decoding=\"async\" class=\"alignleft size-medium wp-image-1919\" alt=\"DSCN0821-www\" src=\"http:\/\/www.milosnicylasu.olsztyn.pl\/wp-content\/uploads\/2015\/05\/DSCN0821-www1-300x225.jpg\" width=\"300\" height=\"225\" srcset=\"https:\/\/www.milosnicylasu.olsztyn.pl\/wp-content\/uploads\/2015\/05\/DSCN0821-www1-300x225.jpg 300w, https:\/\/www.milosnicylasu.olsztyn.pl\/wp-content\/uploads\/2015\/05\/DSCN0821-www1-400x300.jpg 400w, https:\/\/www.milosnicylasu.olsztyn.pl\/wp-content\/uploads\/2015\/05\/DSCN0821-www1.jpg 1024w\" sizes=\"auto, (max-width: 300px) 100vw, 300px\" \/><\/a><\/p>\n<p>\u0141yna przep\u0142ywa przez tereny nast\u0119puj\u0105cych powiat\u00f3w: nidzickiego, olszty\u0144skiego, lidzbarskiego i bartoszyckiego. Miastami po\u0142o\u017conymi nad ni\u0105 s\u0105: Olsztyn, Dobre Miasto, Lidzbark Warmi\u0144ski, Bartoszyce i S\u0119popol.<\/p>\n<p>\u0179r\u00f3d\u0142a \u0141yny bior\u0105 sw\u00f3j pocz\u0105tek w piaskach sandrowych na p\u00f3\u0142noc od Nidzicy, po\u0142o\u017conych na pograniczu Pojezierza Olszty\u0144skiego i Garbu Lubawskiego. \u0179r\u00f3d\u0142a \u0141yny znajduj\u0105 si\u0119 na terenie rezerwatu krajobrazowo-morfologicznego, chroni\u0105cego zjawisko erozji wstecznej, zjawiska bardzo rzadkiego na ni\u017cu. Na ponad trzech czwartych swej d\u0142ugo\u015bci \u0141yna przep\u0142ywa przez obszar Pojezierza Olszty\u0144skiego, co nadaje dolinie rzeki szczeg\u00f3lny charakter. Na tym odcinku rzeka przep\u0142ywa przez szereg jezior rynnowych, w\u015br\u00f3d kt\u00f3rych najwi\u0119kszym i najg\u0142\u0119bszym jest jezioro \u0141a\u0144skie. \u0141yna kilkakrotnie zmienia kierunek, przecina kilka moren czo\u0142owych, co wp\u0142ywa na r\u00f3\u017cnorodny charakter poszczeg\u00f3lnych odcink\u00f3w doliny, nadaj\u0105c niekt\u00f3rym charakter prze\u0142om\u00f3w (tak\u017ce w samym Olsztynie).<a href=\"http:\/\/www.milosnicylasu.olsztyn.pl\/wp-content\/uploads\/2015\/05\/DSCN0824-www.jpg\" data-rel=\"lightbox-image-3\" data-magnific_type=\"image\" data-rl_title=\"\" data-rl_caption=\"\" title=\"\"><img loading=\"lazy\" decoding=\"async\" class=\"alignleft size-medium wp-image-1918\" alt=\"DSCN0824-www\" src=\"http:\/\/www.milosnicylasu.olsztyn.pl\/wp-content\/uploads\/2015\/05\/DSCN0824-www-300x225.jpg\" width=\"300\" height=\"225\" srcset=\"https:\/\/www.milosnicylasu.olsztyn.pl\/wp-content\/uploads\/2015\/05\/DSCN0824-www-300x225.jpg 300w, https:\/\/www.milosnicylasu.olsztyn.pl\/wp-content\/uploads\/2015\/05\/DSCN0824-www-400x300.jpg 400w, https:\/\/www.milosnicylasu.olsztyn.pl\/wp-content\/uploads\/2015\/05\/DSCN0824-www.jpg 1024w\" sizes=\"auto, (max-width: 300px) 100vw, 300px\" \/><\/a><\/p>\n<p>Na terenie Olsztyna \u0141yna przep\u0142ywa przez zr\u00f3\u017cnicowany obszar. Na obrze\u017cach miasta jest to zabudowa podmiejska z du\u017cymi fragmentami zadrzewie\u0144. Nieco dalej stopniowo przechodzi w zwart\u0105 zabudow\u0119 \u015br\u00f3dmie\u015bcia. Opuszczaj\u0105c granice miasta rzeka przecina du\u017cy obszar le\u015bny (Las Miejski w Olsztynie). W obr\u0119bie miasta rzeka jest zr\u00f3\u017cnicowana, szeroko\u015b\u0107 koryta waha si\u0119 w granicach 8 \u2013 20 m, natomiast g\u0142\u0119boko\u015b\u0107 1,5 \u2013 2,5 m.<\/p>\n<p>W \u0141ynie na terenie miasta Olsztyna spotyka si\u0119 ciekawe i zagro\u017cone wygini\u0119ciem owady wodne, m.in. chru\u015bcik niprzyr\u00f3wka rzeczna ( Leptocerus interruptus). W ostatnich latach stwierdzono tak\u017ce s\u0142odkowodnego krasnorosta \u2013 Hildebrandtia rivularis. Odradzanie si\u0119 biocenoz rzeki \u0141yny na wysoko\u015bci Olsztyna mo\u017cliwe jest dzi\u0119ki istniej\u0105cemu rezerwatowi Las Warmi\u0144ski.<\/p>\n<p>&nbsp;<\/p>\n<p>&nbsp;<\/p>\n","protected":false},"excerpt":{"rendered":"<p>&nbsp; &nbsp; Trasa sobotniego rajdu przebiega\u0142a wzd\u0142u\u017c rzeki \u0141yny. Spotkali\u015bmy si\u0119 pod Ratuszem, aby przez park dotrze\u0107 do rzeki. &nbsp; A jak tam pi\u0119knie&#8230; a wszystko w granicach miasta. \u0141yna jest g\u0142\u00f3wn\u0105 rzek\u0105 Warmii o ca\u0142kowitej d\u0142ugo\u015bci 289 km (190 km na ternie Polski), ale nie odgrywa\u0142a powa\u017cniejszej roli jako szlak komunikacyjny. \u0141yn\u0105 sp\u0142awiano jedynie [&hellip;]<\/p>\n","protected":false},"author":1,"featured_media":0,"comment_status":"open","ping_status":"open","sticky":false,"template":"","format":"standard","meta":{"footnotes":""},"categories":[1,9,2],"tags":[],"class_list":["post-1915","post","type-post","status-publish","format-standard","hentry","category-bez-kategorii","category-ciekawostki","category-rajdy"],"_links":{"self":[{"href":"https:\/\/www.milosnicylasu.olsztyn.pl\/index.php?rest_route=\/wp\/v2\/posts\/1915","targetHints":{"allow":["GET"]}}],"collection":[{"href":"https:\/\/www.milosnicylasu.olsztyn.pl\/index.php?rest_route=\/wp\/v2\/posts"}],"about":[{"href":"https:\/\/www.milosnicylasu.olsztyn.pl\/index.php?rest_route=\/wp\/v2\/types\/post"}],"author":[{"embeddable":true,"href":"https:\/\/www.milosnicylasu.olsztyn.pl\/index.php?rest_route=\/wp\/v2\/users\/1"}],"replies":[{"embeddable":true,"href":"https:\/\/www.milosnicylasu.olsztyn.pl\/index.php?rest_route=%2Fwp%2Fv2%2Fcomments&post=1915"}],"version-history":[{"count":4,"href":"https:\/\/www.milosnicylasu.olsztyn.pl\/index.php?rest_route=\/wp\/v2\/posts\/1915\/revisions"}],"predecessor-version":[{"id":1924,"href":"https:\/\/www.milosnicylasu.olsztyn.pl\/index.php?rest_route=\/wp\/v2\/posts\/1915\/revisions\/1924"}],"wp:attachment":[{"href":"https:\/\/www.milosnicylasu.olsztyn.pl\/index.php?rest_route=%2Fwp%2Fv2%2Fmedia&parent=1915"}],"wp:term":[{"taxonomy":"category","embeddable":true,"href":"https:\/\/www.milosnicylasu.olsztyn.pl\/index.php?rest_route=%2Fwp%2Fv2%2Fcategories&post=1915"},{"taxonomy":"post_tag","embeddable":true,"href":"https:\/\/www.milosnicylasu.olsztyn.pl\/index.php?rest_route=%2Fwp%2Fv2%2Ftags&post=1915"}],"curies":[{"name":"wp","href":"https:\/\/api.w.org\/{rel}","templated":true}]}}