{"id":1925,"date":"2015-05-26T12:10:58","date_gmt":"2015-05-26T10:10:58","guid":{"rendered":"http:\/\/www.milosnicylasu.olsztyn.pl\/?p=1925"},"modified":"2015-05-31T08:22:52","modified_gmt":"2015-05-31T06:22:52","slug":"25-lat-samorzadnosci","status":"publish","type":"post","link":"https:\/\/www.milosnicylasu.olsztyn.pl\/?p=1925","title":{"rendered":"25 lat Samorz\u0105dno\u015bci"},"content":{"rendered":"<p>Dok\u0142adnie 25 lat od czasu, kiedy olsztynianie po raz pierwszy wybrali rad\u0119 <a id=\"a_akonakon_nsitsp_1\"><\/a>miasta. Z tej okazji na uroczystej gali w filharmonii spotkali si\u0119 byli i obecni radni, prezydenci Olsztyna i i zaproszeni go\u015bci, \u00a0by uczci\u0107 \u0107wier\u0107wiecze miejskiej samorz\u0105dno\u015bci. O niezwyk\u0142ej randze wydarzenia informowa\u0142 czerwony dywan roz\u0142o\u017cony na <a id=\"a_akonakon_nsitsp_0\"><\/a>schodach przed wej\u015bciem do filharmonii i bia\u0142o-czerwony bukiet, zdobi\u0105cy jej scen\u0119, nad kt\u00f3r\u0105 dumnie rozpo\u015bciera\u0142 si\u0119 napis \u201e25 lat samorz\u0105dno\u015bci\u201d, stylizowany na logo Solidarno\u015bci.<\/p>\n<p>Mia\u0142am ten wielki zaszczyt by\u0107 wybran\u0105 do rady w 1990 r. \u00a0i przez cztery lata pracowa\u0107 na rzecz jego mieszka\u0144c\u00f3w, przewodnicz\u0105c Komisji Ekonomicznej i Przekszta\u0142ce\u0144 W\u0142asno\u015bciowych. By\u0142y to lata trudne &#8211; bo zawsze pocz\u0105tki nie s\u0105 \u0142atwe, ale mieli\u015bmy nadziej\u0119, \u017ce budujemy lepsz\u0105 przysz\u0142o\u015b\u0107. Zabrzmia\u0142o to g\u00f3rnolotnie&#8230;&#8230;., ale tak to wtedy rozumieli\u015bmy &#8211; radni I kadencji rady w wolnej nowej rzeczywisto\u015bci. \u00a0 I tak to wspominali\u015bmy przy okazji uroczysto\u015bci w Filharmonii.<\/p>\n<p><a href=\"http:\/\/www.milosnicylasu.olsztyn.pl\/wp-content\/uploads\/2015\/05\/DSCN0843-www.jpg\" data-rel=\"lightbox-image-0\" data-magnific_type=\"image\" data-rl_title=\"\" data-rl_caption=\"\" title=\"\"><img loading=\"lazy\" decoding=\"async\" class=\"alignleft size-medium wp-image-1926\" alt=\"DSCN0843-www\" src=\"http:\/\/www.milosnicylasu.olsztyn.pl\/wp-content\/uploads\/2015\/05\/DSCN0843-www-300x225.jpg\" width=\"300\" height=\"225\" srcset=\"https:\/\/www.milosnicylasu.olsztyn.pl\/wp-content\/uploads\/2015\/05\/DSCN0843-www-300x225.jpg 300w, https:\/\/www.milosnicylasu.olsztyn.pl\/wp-content\/uploads\/2015\/05\/DSCN0843-www-400x300.jpg 400w, https:\/\/www.milosnicylasu.olsztyn.pl\/wp-content\/uploads\/2015\/05\/DSCN0843-www.jpg 1024w\" sizes=\"auto, (max-width: 300px) 100vw, 300px\" \/><\/a><\/p>\n<p>&nbsp;<\/p>\n<p>Niew\u0105tpliw\u0105 atrakcj\u0105 by\u0142a mo\u017cliwo\u015b\u0107 przej\u015bcia po czerwonym dywanie i<\/p>\n<p>&nbsp;<\/p>\n<p>&nbsp;<\/p>\n<p>&nbsp;<\/p>\n<p>spotkanie z Jackiem W\u00f3jcickim.<a href=\"http:\/\/www.milosnicylasu.olsztyn.pl\/wp-content\/uploads\/2015\/05\/DSCN0847-www.jpg\" data-rel=\"lightbox-image-1\" data-magnific_type=\"image\" data-rl_title=\"\" data-rl_caption=\"\" title=\"\"><img loading=\"lazy\" decoding=\"async\" class=\"size-medium wp-image-1940 alignright\" alt=\"DSCN0847-www\" src=\"http:\/\/www.milosnicylasu.olsztyn.pl\/wp-content\/uploads\/2015\/05\/DSCN0847-www-300x225.jpg\" width=\"300\" height=\"225\" srcset=\"https:\/\/www.milosnicylasu.olsztyn.pl\/wp-content\/uploads\/2015\/05\/DSCN0847-www-300x225.jpg 300w, https:\/\/www.milosnicylasu.olsztyn.pl\/wp-content\/uploads\/2015\/05\/DSCN0847-www-400x300.jpg 400w, https:\/\/www.milosnicylasu.olsztyn.pl\/wp-content\/uploads\/2015\/05\/DSCN0847-www.jpg 1024w\" sizes=\"auto, (max-width: 300px) 100vw, 300px\" \/><\/a>,<\/p>\n<p>&nbsp;<\/p>\n<p>&nbsp;<\/p>\n<p>&nbsp;<\/p>\n<p>&nbsp;<\/p>\n<p>Krystyna Leszczy\u0144ska<\/p>\n<p>&nbsp;<\/p>\n","protected":false},"excerpt":{"rendered":"<p>Dok\u0142adnie 25 lat od czasu, kiedy olsztynianie po raz pierwszy wybrali rad\u0119 miasta. Z tej okazji na uroczystej gali w filharmonii spotkali si\u0119 byli i obecni radni, prezydenci Olsztyna i i zaproszeni go\u015bci, \u00a0by uczci\u0107 \u0107wier\u0107wiecze miejskiej samorz\u0105dno\u015bci. O niezwyk\u0142ej randze wydarzenia informowa\u0142 czerwony dywan roz\u0142o\u017cony na schodach przed wej\u015bciem do filharmonii i bia\u0142o-czerwony bukiet, [&hellip;]<\/p>\n","protected":false},"author":1,"featured_media":0,"comment_status":"open","ping_status":"open","sticky":false,"template":"","format":"standard","meta":{"footnotes":""},"categories":[1,9],"tags":[],"class_list":["post-1925","post","type-post","status-publish","format-standard","hentry","category-bez-kategorii","category-ciekawostki"],"_links":{"self":[{"href":"https:\/\/www.milosnicylasu.olsztyn.pl\/index.php?rest_route=\/wp\/v2\/posts\/1925","targetHints":{"allow":["GET"]}}],"collection":[{"href":"https:\/\/www.milosnicylasu.olsztyn.pl\/index.php?rest_route=\/wp\/v2\/posts"}],"about":[{"href":"https:\/\/www.milosnicylasu.olsztyn.pl\/index.php?rest_route=\/wp\/v2\/types\/post"}],"author":[{"embeddable":true,"href":"https:\/\/www.milosnicylasu.olsztyn.pl\/index.php?rest_route=\/wp\/v2\/users\/1"}],"replies":[{"embeddable":true,"href":"https:\/\/www.milosnicylasu.olsztyn.pl\/index.php?rest_route=%2Fwp%2Fv2%2Fcomments&post=1925"}],"version-history":[{"count":6,"href":"https:\/\/www.milosnicylasu.olsztyn.pl\/index.php?rest_route=\/wp\/v2\/posts\/1925\/revisions"}],"predecessor-version":[{"id":1942,"href":"https:\/\/www.milosnicylasu.olsztyn.pl\/index.php?rest_route=\/wp\/v2\/posts\/1925\/revisions\/1942"}],"wp:attachment":[{"href":"https:\/\/www.milosnicylasu.olsztyn.pl\/index.php?rest_route=%2Fwp%2Fv2%2Fmedia&parent=1925"}],"wp:term":[{"taxonomy":"category","embeddable":true,"href":"https:\/\/www.milosnicylasu.olsztyn.pl\/index.php?rest_route=%2Fwp%2Fv2%2Fcategories&post=1925"},{"taxonomy":"post_tag","embeddable":true,"href":"https:\/\/www.milosnicylasu.olsztyn.pl\/index.php?rest_route=%2Fwp%2Fv2%2Ftags&post=1925"}],"curies":[{"name":"wp","href":"https:\/\/api.w.org\/{rel}","templated":true}]}}