{"id":1932,"date":"2015-05-31T07:45:14","date_gmt":"2015-05-31T05:45:14","guid":{"rendered":"http:\/\/www.milosnicylasu.olsztyn.pl\/?p=1932"},"modified":"2015-05-31T08:07:42","modified_gmt":"2015-05-31T06:07:42","slug":"rajd-30-maja-2015-r","status":"publish","type":"post","link":"https:\/\/www.milosnicylasu.olsztyn.pl\/?p=1932","title":{"rendered":"Rajd 30 maja 2015 r."},"content":{"rendered":"<p>&nbsp;<\/p>\n<p><a href=\"http:\/\/www.milosnicylasu.olsztyn.pl\/wp-content\/uploads\/2015\/05\/DSCN0903-www.jpg\" data-rel=\"lightbox-image-0\" data-magnific_type=\"image\" data-rl_title=\"\" data-rl_caption=\"\" title=\"\"><img loading=\"lazy\" decoding=\"async\" class=\"alignleft size-medium wp-image-1934\" alt=\"DSCN0903-www\" src=\"http:\/\/www.milosnicylasu.olsztyn.pl\/wp-content\/uploads\/2015\/05\/DSCN0903-www-300x225.jpg\" width=\"300\" height=\"225\" srcset=\"https:\/\/www.milosnicylasu.olsztyn.pl\/wp-content\/uploads\/2015\/05\/DSCN0903-www-300x225.jpg 300w, https:\/\/www.milosnicylasu.olsztyn.pl\/wp-content\/uploads\/2015\/05\/DSCN0903-www-400x300.jpg 400w, https:\/\/www.milosnicylasu.olsztyn.pl\/wp-content\/uploads\/2015\/05\/DSCN0903-www.jpg 1024w\" sizes=\"auto, (max-width: 300px) 100vw, 300px\" \/><\/a><\/p>\n<p>&nbsp;<\/p>\n<p>W czasie sobotniego rajdu przeszli\u015bmy ok 5 km, podziwiaj\u0105c pi\u0119kniej\u0105cy Olsztyn,<\/p>\n<p>&nbsp;<\/p>\n<p>&nbsp;<\/p>\n<p>&nbsp;<\/p>\n<p>okolice jeziora D\u0142ugiego,<\/p>\n<p><a href=\"http:\/\/www.milosnicylasu.olsztyn.pl\/wp-content\/uploads\/2015\/05\/DSCN0918-www.jpg\" data-rel=\"lightbox-image-1\" data-magnific_type=\"image\" data-rl_title=\"\" data-rl_caption=\"\" title=\"\"><img loading=\"lazy\" decoding=\"async\" class=\"size-medium wp-image-1936 alignright\" alt=\"DSCN0918-www\" src=\"http:\/\/www.milosnicylasu.olsztyn.pl\/wp-content\/uploads\/2015\/05\/DSCN0918-www-300x225.jpg\" width=\"300\" height=\"225\" srcset=\"https:\/\/www.milosnicylasu.olsztyn.pl\/wp-content\/uploads\/2015\/05\/DSCN0918-www-300x225.jpg 300w, https:\/\/www.milosnicylasu.olsztyn.pl\/wp-content\/uploads\/2015\/05\/DSCN0918-www-400x300.jpg 400w, https:\/\/www.milosnicylasu.olsztyn.pl\/wp-content\/uploads\/2015\/05\/DSCN0918-www.jpg 1024w\" sizes=\"auto, (max-width: 300px) 100vw, 300px\" \/><\/a>zakola rzeki \u0141yny, cudowne nasze olszty\u0144skie lasy.<\/p>\n<p>&nbsp;<\/p>\n<p>&nbsp;<\/p>\n<p>&nbsp;<\/p>\n<p>&nbsp;<\/p>\n<p><a href=\"http:\/\/www.milosnicylasu.olsztyn.pl\/wp-content\/uploads\/2015\/05\/DSCN0923-www.jpg\" data-rel=\"lightbox-image-2\" data-magnific_type=\"image\" data-rl_title=\"\" data-rl_caption=\"\" title=\"\"><img loading=\"lazy\" decoding=\"async\" class=\"alignleft size-medium wp-image-1937\" alt=\"DSCN0923-www\" src=\"http:\/\/www.milosnicylasu.olsztyn.pl\/wp-content\/uploads\/2015\/05\/DSCN0923-www-300x225.jpg\" width=\"300\" height=\"225\" srcset=\"https:\/\/www.milosnicylasu.olsztyn.pl\/wp-content\/uploads\/2015\/05\/DSCN0923-www-300x225.jpg 300w, https:\/\/www.milosnicylasu.olsztyn.pl\/wp-content\/uploads\/2015\/05\/DSCN0923-www-400x300.jpg 400w, https:\/\/www.milosnicylasu.olsztyn.pl\/wp-content\/uploads\/2015\/05\/DSCN0923-www.jpg 1024w\" sizes=\"auto, (max-width: 300px) 100vw, 300px\" \/><\/a><\/p>\n<p>&nbsp;<\/p>\n<p>&nbsp;<\/p>\n<p>Troch\u0119 gimnastyki przy muzyce, kt\u00f3r\u0105 zapewnia nam w ka\u017cd\u0105 sobot\u0119 Waldek Chrzanowski.<\/p>\n<p>&nbsp;<\/p>\n<p>&nbsp;<\/p>\n<p>&nbsp;<\/p>\n<p>Podziwiali\u015bmy prac\u0119 dzi\u0119cio\u0142a czarnego.<a href=\"http:\/\/www.milosnicylasu.olsztyn.pl\/wp-content\/uploads\/2015\/05\/DSCN0924-www.jpg\" data-rel=\"lightbox-image-3\" data-magnific_type=\"image\" data-rl_title=\"\" data-rl_caption=\"\" title=\"\"><img loading=\"lazy\" decoding=\"async\" class=\"size-medium wp-image-1938 alignright\" alt=\"DSCN0924-www\" src=\"http:\/\/www.milosnicylasu.olsztyn.pl\/wp-content\/uploads\/2015\/05\/DSCN0924-www-300x225.jpg\" width=\"300\" height=\"225\" srcset=\"https:\/\/www.milosnicylasu.olsztyn.pl\/wp-content\/uploads\/2015\/05\/DSCN0924-www-300x225.jpg 300w, https:\/\/www.milosnicylasu.olsztyn.pl\/wp-content\/uploads\/2015\/05\/DSCN0924-www-400x300.jpg 400w, https:\/\/www.milosnicylasu.olsztyn.pl\/wp-content\/uploads\/2015\/05\/DSCN0924-www.jpg 1024w\" sizes=\"auto, (max-width: 300px) 100vw, 300px\" \/><\/a><\/p>\n<p>Dzi\u0119cio\u0142y to najbardziej znane dziuplaki. Swoje dziuple zwykle wykuwaj\u0105 same. Inne ptaki z\u00a0tej grupy, na przyk\u0142ad sowy, szpaki, dudki, sikory, wykorzystuj\u0105 stare, opuszczone dziuple (niekt\u00f3re sikory swoim ostrym a\u00a0niedu\u017cym dziobem r\u00f3wnie\u017c potrafi\u0105 wyd\u0142uba\u0107 ma\u0142\u0105 dziupl\u0119 w\u00a0spr\u00f3chnia\u0142ym drzewie!).<\/p>\n<p>O dzi\u0119cio\u0142ach wiemy te\u017c wszyscy, \u017ce <b>\u201eb\u0119bni\u0105\u201d, <\/b>czyli uderzaj\u0105 rytmicznie dziobem w\u00a0pie\u0144 drzewa, powtarzaj\u0105c co chwil\u0119 seri\u0119 szybkich \u201estuk\u00f3w\u201d. Nie jest to odg\u0142os wykuwania dziupli czy poszukiwania jedzenia pod kor\u0105. Na wiosn\u0119 dzi\u0119cio\u0142y daj\u0105 w\u00a0ten spos\u00f3b do zrozumienia innym, \u017ce teren, na kt\u00f3rym \u201eb\u0119bni\u0105\u201d jest ju\u017c przez nich zaj\u0119ty, a\u00a0konkurent do tego terytorium powinien przenie\u015b\u0107 si\u0119 gdzie indziej. Im silniejszy odg\u0142os, tym wi\u0119ksze robi wra\u017cenie na konkurencie. W\u00a0ten sam spos\u00f3b zachowuj\u0105 si\u0119 tak\u017ce dzi\u0119cio\u0142y w\u00a0miastach. Bywa, \u017ce mieszka\u0144c\u00f3w dom\u00f3w s\u0105siaduj\u0105cych z\u00a0parkiem budz\u0105 o\u00a0\u015bwicie odg\u0142osy b\u0119bnienia w\u00a0blach\u0119 latarni ulicznej. Ka\u017cdy gatunek ma sw\u00f3j spos\u00f3b i\u00a0rytm b\u0119bnienia, po kt\u00f3rym ornitolodzy potrafi\u0105 rozr\u00f3\u017cni\u0107 wiosn\u0105 \u201eha\u0142asuj\u0105ce\u201d dzi\u0119cio\u0142y.<\/p>\n<p>Najciekawszy jest dzi\u0119cioli j\u0119zyk, bardzo d\u0142ugi, d\u0142u\u017cszy kilka razy od dzioba i\u00a0zwini\u0119ty specjalnie w\u00a0tyle g\u0142owy! Taki j\u0119zyk jest niezwykle przydatny przy wyci\u0105ganiu z\u00a0pnia drzewa larw, ale te\u017c i\u00a0nasion z\u00a0szyszek sosny lub \u015bwierka.<\/p>\n<table width=\"100%\" border=\"0\" cellspacing=\"0\" cellpadding=\"0\">\n<tbody>\n<tr>\n<td valign=\"top\">Z szyszkami wi\u0105\u017c\u0119 si\u0119 jeszcze jeden znany fakt z\u00a0\u017cycia dzi\u0119cio\u0142a. Ot\u00f3\u017c ptak ten ma sprytny, cho\u0107 troch\u0119 ba\u0142aganiarski spos\u00f3b na \u201edobieranie si\u0119\u201d do wn\u0119trza szyszki. Spos\u00f3b polega na zatkni\u0119ciu szyszki w\u00a0szczelin\u0119 w\u00a0korze drzewa, a\u00a0czasem mi\u0119dzy wystaj\u0105ce s\u0119czki. Roz\u0142upanie tak unieruchomionej szyszki i\u00a0wyd\u0142ubanie z\u00a0niej j\u0119zykiem nasion nie jest ju\u017c problemem. Dzi\u0119cio\u0142 wybiera sobie do tego zwykle jedno drzewo na d\u0142u\u017cszy czas. Miejsce takie nazywamy <b>ku\u017ani\u0105 dzi\u0119cio\u0142a. <\/b>\u0141atwo je pozna\u0107, poniewa\u017c pod nim poniewiera si\u0119 mn\u00f3stwo wyjedzonych, \u201eoskubanych\u201d szyszek.<\/p>\n<p>&nbsp;<\/td>\n<td valign=\"top\" width=\"10\"><\/td>\n<\/tr>\n<\/tbody>\n<\/table>\n","protected":false},"excerpt":{"rendered":"<p>&nbsp; &nbsp; W czasie sobotniego rajdu przeszli\u015bmy ok 5 km, podziwiaj\u0105c pi\u0119kniej\u0105cy Olsztyn, &nbsp; &nbsp; &nbsp; okolice jeziora D\u0142ugiego, zakola rzeki \u0141yny, cudowne nasze olszty\u0144skie lasy. &nbsp; &nbsp; &nbsp; &nbsp; &nbsp; &nbsp; Troch\u0119 gimnastyki przy muzyce, kt\u00f3r\u0105 zapewnia nam w ka\u017cd\u0105 sobot\u0119 Waldek Chrzanowski. &nbsp; &nbsp; &nbsp; Podziwiali\u015bmy prac\u0119 dzi\u0119cio\u0142a czarnego. Dzi\u0119cio\u0142y to najbardziej znane [&hellip;]<\/p>\n","protected":false},"author":1,"featured_media":0,"comment_status":"open","ping_status":"open","sticky":false,"template":"","format":"standard","meta":{"footnotes":""},"categories":[1,9,2],"tags":[],"class_list":["post-1932","post","type-post","status-publish","format-standard","hentry","category-bez-kategorii","category-ciekawostki","category-rajdy"],"_links":{"self":[{"href":"https:\/\/www.milosnicylasu.olsztyn.pl\/index.php?rest_route=\/wp\/v2\/posts\/1932","targetHints":{"allow":["GET"]}}],"collection":[{"href":"https:\/\/www.milosnicylasu.olsztyn.pl\/index.php?rest_route=\/wp\/v2\/posts"}],"about":[{"href":"https:\/\/www.milosnicylasu.olsztyn.pl\/index.php?rest_route=\/wp\/v2\/types\/post"}],"author":[{"embeddable":true,"href":"https:\/\/www.milosnicylasu.olsztyn.pl\/index.php?rest_route=\/wp\/v2\/users\/1"}],"replies":[{"embeddable":true,"href":"https:\/\/www.milosnicylasu.olsztyn.pl\/index.php?rest_route=%2Fwp%2Fv2%2Fcomments&post=1932"}],"version-history":[{"count":3,"href":"https:\/\/www.milosnicylasu.olsztyn.pl\/index.php?rest_route=\/wp\/v2\/posts\/1932\/revisions"}],"predecessor-version":[{"id":1939,"href":"https:\/\/www.milosnicylasu.olsztyn.pl\/index.php?rest_route=\/wp\/v2\/posts\/1932\/revisions\/1939"}],"wp:attachment":[{"href":"https:\/\/www.milosnicylasu.olsztyn.pl\/index.php?rest_route=%2Fwp%2Fv2%2Fmedia&parent=1932"}],"wp:term":[{"taxonomy":"category","embeddable":true,"href":"https:\/\/www.milosnicylasu.olsztyn.pl\/index.php?rest_route=%2Fwp%2Fv2%2Fcategories&post=1932"},{"taxonomy":"post_tag","embeddable":true,"href":"https:\/\/www.milosnicylasu.olsztyn.pl\/index.php?rest_route=%2Fwp%2Fv2%2Ftags&post=1932"}],"curies":[{"name":"wp","href":"https:\/\/api.w.org\/{rel}","templated":true}]}}