{"id":1954,"date":"2015-06-07T06:55:26","date_gmt":"2015-06-07T04:55:26","guid":{"rendered":"http:\/\/www.milosnicylasu.olsztyn.pl\/?p=1954"},"modified":"2015-06-07T06:55:26","modified_gmt":"2015-06-07T04:55:26","slug":"jest-takie-miejsce","status":"publish","type":"post","link":"https:\/\/www.milosnicylasu.olsztyn.pl\/?p=1954","title":{"rendered":"Jest takie miejsce&#8230;&#8230;.."},"content":{"rendered":"<p><a href=\"http:\/\/www.milosnicylasu.olsztyn.pl\/wp-content\/uploads\/2015\/06\/DSCN1058-www1.jpg\" data-rel=\"lightbox-image-0\" data-magnific_type=\"image\" data-rl_title=\"\" data-rl_caption=\"\" title=\"\"><img loading=\"lazy\" decoding=\"async\" class=\"alignleft size-medium wp-image-1956\" alt=\"DSCN1058-www\" src=\"http:\/\/www.milosnicylasu.olsztyn.pl\/wp-content\/uploads\/2015\/06\/DSCN1058-www1-300x225.jpg\" width=\"300\" height=\"225\" srcset=\"https:\/\/www.milosnicylasu.olsztyn.pl\/wp-content\/uploads\/2015\/06\/DSCN1058-www1-300x225.jpg 300w, https:\/\/www.milosnicylasu.olsztyn.pl\/wp-content\/uploads\/2015\/06\/DSCN1058-www1-400x300.jpg 400w, https:\/\/www.milosnicylasu.olsztyn.pl\/wp-content\/uploads\/2015\/06\/DSCN1058-www1.jpg 1024w\" sizes=\"auto, (max-width: 300px) 100vw, 300px\" \/><\/a><\/p>\n<p>&nbsp;<\/p>\n<p><strong>Hodyszewskie Sanktuarium Maryjne<\/strong><\/p>\n<p>W hodyszewskim sanktuarium czczony jest wizerunek Matki Bo\u017cej Pojednania. Obraz, o wymiarach 130&#215;105 cm, jest dzie\u0142em nieznanego artysty i powsta\u0142 prawdopodobnie w XVII w. Namalowany na desce wizerunek przedstawia na z\u0142otym tle Maryj\u0119 trzymaj\u0105c\u0105 na lewym ramieniu Dzieci\u0105tko Jezus. Przenaj\u015bwi\u0119tsza Panienka ubrana jest w szmaragdowo-niebiesk\u0105 sukni\u0119. Nad Jej czo\u0142em widnieje z\u0142oty krzy\u017c jerozolimski, a na prawym ramieniu gwiazda. Bo\u017ce Dzieci\u0119 lew\u0105 r\u0119k\u0105 podtrzymuje ksi\u0119g\u0119, a praw\u0105 za\u015b unosi w ge\u015bcie b\u0142ogos\u0142awie\u0144stwa. \u015awi\u0119te postacie pokrywa suknia z miedzianej blachy zdobiona per\u0142ami i z\u0142otem.<\/p>\n<p>31 sierpnia 1980 r. mia\u0142a miejsce uroczysta koronacja obrazu. Korony papieskie na\u0142o\u017cy\u0142 kardyna\u0142 Franciszek Macharski, metropolita krakowski.<\/p>\n<p><strong>Kult sanktuaryjny<\/strong><b><\/b><\/p>\n<p>Kult Matki Bo\u017cej Hodyszewskiej trwa nieprzerwanie od kilku wiek\u00f3w. Jak pisze ks. Antoni Roszkowski, wizerunek<strong> Kr\u00f3lowej Podlasia<\/strong> pojawi\u0142 si\u0119 w Hodyszewie w spos\u00f3b niezwyk\u0142y. Ot\u00f3\u017c odnaleziono go w lesie, gdzie by\u0142 zawieszony na jednym z drzew. Obraz natychmiast przeniesiono do kapliczki w Kiew\u0142akach jednak\u017ce w tajemniczych okoliczno\u015bciach powr\u00f3ci\u0142 w miejsce, w kt\u00f3rym zosta\u0142 znaleziony. Wydarzenia te odebrano jako wyra\u017any znak, i\u017c Matka Bo\u017ca pragnie pozosta\u0107 tutaj i przyst\u0105piono do budowy ma\u0142ej kapliczki, w kt\u00f3rej umieszczono cudowny obraz. Wizerunek Hodyszewskiej Pani na przestrzeni wiek\u00f3w znajdowa\u0142 si\u0119 w kolejno wznoszonych w Hodyszewie \u015bwi\u0105tyniach. By\u0142 przedmiotem kultu zar\u00f3wno katolik\u00f3w, jak i wiernych prawos\u0142awnych. Od samego pocz\u0105tku otoczono go szczeg\u00f3ln\u0105 czci\u0105. Wierni gromadzili si\u0119 na modlitwie i doznawali za po\u015brednictwem Matki Bo\u017cej Hodyszewskiej licznych \u0142ask, o czym \u015bwiadcz\u0105 zachowane wota dzi\u0119kczynne. Po wybuchu pierwszej wojny \u015bwiatowej uciekaj\u0105cy z Hodyszewa organista zabra\u0142 ze sob\u0105 do guberni po\u0142tawskiej s\u0142yn\u0105cy \u0142askami obraz i liczne wota. Cudowny wizerunek Kr\u00f3lowej Podlasia powr\u00f3ci\u0142 do Hodyszewa w 1928 r. i pozostaje tu do dzi\u015b. Obraz Matki Bo\u017cej Hodyszewskiej r\u00f3wnie\u017c obecnie jest przedmiotem szczeg\u00f3lnego kultu.<a href=\"http:\/\/www.milosnicylasu.olsztyn.pl\/wp-content\/uploads\/2015\/06\/DSCN1059-www.jpg\" data-rel=\"lightbox-image-1\" data-magnific_type=\"image\" data-rl_title=\"\" data-rl_caption=\"\" title=\"\"><img loading=\"lazy\" decoding=\"async\" class=\"size-medium wp-image-1958 alignright\" alt=\"DSCN1059-www\" src=\"http:\/\/www.milosnicylasu.olsztyn.pl\/wp-content\/uploads\/2015\/06\/DSCN1059-www-300x225.jpg\" width=\"300\" height=\"225\" srcset=\"https:\/\/www.milosnicylasu.olsztyn.pl\/wp-content\/uploads\/2015\/06\/DSCN1059-www-300x225.jpg 300w, https:\/\/www.milosnicylasu.olsztyn.pl\/wp-content\/uploads\/2015\/06\/DSCN1059-www-400x300.jpg 400w, https:\/\/www.milosnicylasu.olsztyn.pl\/wp-content\/uploads\/2015\/06\/DSCN1059-www.jpg 1024w\" sizes=\"auto, (max-width: 300px) 100vw, 300px\" \/><\/a><\/p>\n<p>W ka\u017cd\u0105 ostatni\u0105 niedziel\u0119 sierpnia, z okazji rocznicy koronacji obrazu, w sanktuarium odbywaj\u0105 si\u0119 uroczysto\u015bci ku czci Matki Bo\u017cej Matki Pojednania, kt\u00f3re poprzedza coroczna pielgrzymka z Zambrowa do Hodyszewa. Uroczysto\u015bci odpustowe maj\u0105 miejsce w \u015bwi\u0119to Zes\u0142ania Ducha \u015awi\u0119tego. W wigili\u0119 tego dnia odbywaj\u0105 si\u0119 liczne nabo\u017ce\u0144stwa maryjne, w tym r\u00f3wnie\u017c uroczysta procesja do kaplicy w Krynicy, a o p\u00f3\u0142nocy w sanktuarium odprawiana jest Pasterka Maryjna. Wsp\u00f3lnota parafialna prze\u017cywa r\u00f3wnie\u017c odpust z okazji \u015bwi\u0119ta Nawiedzenia Naj\u015bwi\u0119tszej Maryi Panny, jak te\u017c, 15 sierpnia kiedy to przypada \u015bwi\u0119to Wniebowzi\u0119cia NMP oraz w \u015bwi\u0119to Narodzenia NMP \u2013 8 wrze\u015bnia.<\/p>\n<p>&nbsp;<\/p>\n<p><a href=\"http:\/\/www.milosnicylasu.olsztyn.pl\/wp-content\/uploads\/2015\/06\/DSCN1075-www.jpg\" data-rel=\"lightbox-image-2\" data-magnific_type=\"image\" data-rl_title=\"\" data-rl_caption=\"\" title=\"\"><img loading=\"lazy\" decoding=\"async\" class=\"alignleft size-medium wp-image-1957\" alt=\"DSCN1075-www\" src=\"http:\/\/www.milosnicylasu.olsztyn.pl\/wp-content\/uploads\/2015\/06\/DSCN1075-www-225x300.jpg\" width=\"225\" height=\"300\" srcset=\"https:\/\/www.milosnicylasu.olsztyn.pl\/wp-content\/uploads\/2015\/06\/DSCN1075-www-225x300.jpg 225w, https:\/\/www.milosnicylasu.olsztyn.pl\/wp-content\/uploads\/2015\/06\/DSCN1075-www.jpg 768w\" sizes=\"auto, (max-width: 225px) 100vw, 225px\" \/><\/a>Parafia rzymskokatolicka pw. Wniebowzi\u0119cia Naj\u015bwi\u0119tszej Maryi Panny powsta\u0142a w Hodyszewie po zako\u0144czeniu I wojny \u015bwiatowej. W XVI w. Hodyszewo zamieszkiwa\u0142a ludno\u015b\u0107 ruska wyznania prawos\u0142awnego, w zwi\u0105zku z tym istnia\u0142a tu cerkiew prawos\u0142awna, kt\u00f3ra w 1596 r. sta\u0142a si\u0119 cerkwi\u0105 unick\u0105. Po kasacie unii w 1875 r., \u015bwi\u0105tynia ponownie przesz\u0142a na w\u0142asno\u015b\u0107 wiernych prawos\u0142awnych. Na przestrzeni wiek\u00f3w w Hodyszewie istnia\u0142o kilka drewnianych \u015bwi\u0105ty\u0144. Ostatni\u0105 z nich rozebrano pod koniec XIX w. i z cz\u0119\u015bci drewna zbudowano ma\u0142a cerkiew, kt\u00f3r\u0105 przeniesiono do Krynicy. W jej wn\u0119trzu znajduje si\u0119 \u017ar\u00f3de\u0142ko. W\u00f3wczas te\u017c wybudowano murowan\u0105 budowl\u0119 prawos\u0142awn\u0105, kt\u00f3ra zosta\u0142a rozebrana w okresie mi\u0119dzywojennym. Obecny ko\u015bci\u00f3\u0142 pw. Wniebowzi\u0119cia Naj\u015bwi\u0119tszej Maryi Panny zosta\u0142 wzniesiony w latach 1933-1975. W o\u0142tarzu g\u0142\u00f3wnym \u015bwi\u0105tyni znajduje si\u0119 cudowny wizerunek Matki Bo\u017cej Kr\u00f3lowej Podlasia. W 1976 r. biskup Miko\u0142aj Sasinowski kustoszami sanktuarium ustanowi\u0142 Ksi\u0119\u017cy Pallotyn\u00f3w.<\/p>\n<p>&nbsp;<\/p>\n","protected":false},"excerpt":{"rendered":"<p>&nbsp; Hodyszewskie Sanktuarium Maryjne W hodyszewskim sanktuarium czczony jest wizerunek Matki Bo\u017cej Pojednania. Obraz, o wymiarach 130&#215;105 cm, jest dzie\u0142em nieznanego artysty i powsta\u0142 prawdopodobnie w XVII w. Namalowany na desce wizerunek przedstawia na z\u0142otym tle Maryj\u0119 trzymaj\u0105c\u0105 na lewym ramieniu Dzieci\u0105tko Jezus. Przenaj\u015bwi\u0119tsza Panienka ubrana jest w szmaragdowo-niebiesk\u0105 sukni\u0119. Nad Jej czo\u0142em widnieje z\u0142oty [&hellip;]<\/p>\n","protected":false},"author":1,"featured_media":0,"comment_status":"open","ping_status":"open","sticky":false,"template":"","format":"standard","meta":{"footnotes":""},"categories":[1,9,5],"tags":[],"class_list":["post-1954","post","type-post","status-publish","format-standard","hentry","category-bez-kategorii","category-ciekawostki","category-wycieczki"],"_links":{"self":[{"href":"https:\/\/www.milosnicylasu.olsztyn.pl\/index.php?rest_route=\/wp\/v2\/posts\/1954","targetHints":{"allow":["GET"]}}],"collection":[{"href":"https:\/\/www.milosnicylasu.olsztyn.pl\/index.php?rest_route=\/wp\/v2\/posts"}],"about":[{"href":"https:\/\/www.milosnicylasu.olsztyn.pl\/index.php?rest_route=\/wp\/v2\/types\/post"}],"author":[{"embeddable":true,"href":"https:\/\/www.milosnicylasu.olsztyn.pl\/index.php?rest_route=\/wp\/v2\/users\/1"}],"replies":[{"embeddable":true,"href":"https:\/\/www.milosnicylasu.olsztyn.pl\/index.php?rest_route=%2Fwp%2Fv2%2Fcomments&post=1954"}],"version-history":[{"count":1,"href":"https:\/\/www.milosnicylasu.olsztyn.pl\/index.php?rest_route=\/wp\/v2\/posts\/1954\/revisions"}],"predecessor-version":[{"id":1959,"href":"https:\/\/www.milosnicylasu.olsztyn.pl\/index.php?rest_route=\/wp\/v2\/posts\/1954\/revisions\/1959"}],"wp:attachment":[{"href":"https:\/\/www.milosnicylasu.olsztyn.pl\/index.php?rest_route=%2Fwp%2Fv2%2Fmedia&parent=1954"}],"wp:term":[{"taxonomy":"category","embeddable":true,"href":"https:\/\/www.milosnicylasu.olsztyn.pl\/index.php?rest_route=%2Fwp%2Fv2%2Fcategories&post=1954"},{"taxonomy":"post_tag","embeddable":true,"href":"https:\/\/www.milosnicylasu.olsztyn.pl\/index.php?rest_route=%2Fwp%2Fv2%2Ftags&post=1954"}],"curies":[{"name":"wp","href":"https:\/\/api.w.org\/{rel}","templated":true}]}}