{"id":1961,"date":"2015-06-07T07:06:01","date_gmt":"2015-06-07T05:06:01","guid":{"rendered":"http:\/\/www.milosnicylasu.olsztyn.pl\/?p=1961"},"modified":"2015-06-07T07:14:59","modified_gmt":"2015-06-07T05:14:59","slug":"i-posiedzenie-nowej-rady","status":"publish","type":"post","link":"https:\/\/www.milosnicylasu.olsztyn.pl\/?p=1961","title":{"rendered":"I posiedzenie Nowej Rady"},"content":{"rendered":"<p>29 maja \u00a02015 roku odby\u0142o si\u0119 inauguracyjne posiedzenie Rady Naukowo-Spo\u0142ecznej Le\u015bnego Kompleksu Promocyjnego &#8222;Lasy Olszty\u0144skie&#8221;.<a href=\"http:\/\/www.milosnicylasu.olsztyn.pl\/wp-content\/uploads\/2015\/06\/DSCN0896-www.jpg\" data-rel=\"lightbox-image-0\" data-magnific_type=\"image\" data-rl_title=\"\" data-rl_caption=\"\" title=\"\"><img loading=\"lazy\" decoding=\"async\" class=\"alignleft size-medium wp-image-1962\" alt=\"DSCN0896-www\" src=\"http:\/\/www.milosnicylasu.olsztyn.pl\/wp-content\/uploads\/2015\/06\/DSCN0896-www-225x300.jpg\" width=\"225\" height=\"300\" srcset=\"https:\/\/www.milosnicylasu.olsztyn.pl\/wp-content\/uploads\/2015\/06\/DSCN0896-www-225x300.jpg 225w, https:\/\/www.milosnicylasu.olsztyn.pl\/wp-content\/uploads\/2015\/06\/DSCN0896-www.jpg 768w\" sizes=\"auto, (max-width: 225px) 100vw, 225px\" \/><\/a><\/p>\n<p>&nbsp;<\/p>\n<p>W sk\u0142ad Rady zosta\u0142 powo\u0142any Anatol Leszczy\u0144ski &#8211; prezes KMLiM. Jest to druga kadencja Tolka w Radzie.<\/p>\n<p>Gratulujemy i \u017cyczymy owocnej pracy!<\/p>\n","protected":false},"excerpt":{"rendered":"<p>29 maja \u00a02015 roku odby\u0142o si\u0119 inauguracyjne posiedzenie Rady Naukowo-Spo\u0142ecznej Le\u015bnego Kompleksu Promocyjnego &#8222;Lasy Olszty\u0144skie&#8221;. &nbsp; W sk\u0142ad Rady zosta\u0142 powo\u0142any Anatol Leszczy\u0144ski &#8211; prezes KMLiM. Jest to druga kadencja Tolka w Radzie. Gratulujemy i \u017cyczymy owocnej pracy!<\/p>\n","protected":false},"author":1,"featured_media":0,"comment_status":"open","ping_status":"open","sticky":false,"template":"","format":"standard","meta":{"footnotes":""},"categories":[1,6],"tags":[],"class_list":["post-1961","post","type-post","status-publish","format-standard","hentry","category-bez-kategorii","category-odznaczenia"],"_links":{"self":[{"href":"https:\/\/www.milosnicylasu.olsztyn.pl\/index.php?rest_route=\/wp\/v2\/posts\/1961","targetHints":{"allow":["GET"]}}],"collection":[{"href":"https:\/\/www.milosnicylasu.olsztyn.pl\/index.php?rest_route=\/wp\/v2\/posts"}],"about":[{"href":"https:\/\/www.milosnicylasu.olsztyn.pl\/index.php?rest_route=\/wp\/v2\/types\/post"}],"author":[{"embeddable":true,"href":"https:\/\/www.milosnicylasu.olsztyn.pl\/index.php?rest_route=\/wp\/v2\/users\/1"}],"replies":[{"embeddable":true,"href":"https:\/\/www.milosnicylasu.olsztyn.pl\/index.php?rest_route=%2Fwp%2Fv2%2Fcomments&post=1961"}],"version-history":[{"count":3,"href":"https:\/\/www.milosnicylasu.olsztyn.pl\/index.php?rest_route=\/wp\/v2\/posts\/1961\/revisions"}],"predecessor-version":[{"id":1965,"href":"https:\/\/www.milosnicylasu.olsztyn.pl\/index.php?rest_route=\/wp\/v2\/posts\/1961\/revisions\/1965"}],"wp:attachment":[{"href":"https:\/\/www.milosnicylasu.olsztyn.pl\/index.php?rest_route=%2Fwp%2Fv2%2Fmedia&parent=1961"}],"wp:term":[{"taxonomy":"category","embeddable":true,"href":"https:\/\/www.milosnicylasu.olsztyn.pl\/index.php?rest_route=%2Fwp%2Fv2%2Fcategories&post=1961"},{"taxonomy":"post_tag","embeddable":true,"href":"https:\/\/www.milosnicylasu.olsztyn.pl\/index.php?rest_route=%2Fwp%2Fv2%2Ftags&post=1961"}],"curies":[{"name":"wp","href":"https:\/\/api.w.org\/{rel}","templated":true}]}}