{"id":1967,"date":"2015-06-14T08:49:46","date_gmt":"2015-06-14T06:49:46","guid":{"rendered":"http:\/\/www.milosnicylasu.olsztyn.pl\/?p=1967"},"modified":"2015-06-14T09:16:08","modified_gmt":"2015-06-14T07:16:08","slug":"kolejne-spotkanie-z-adamem-geldonem","status":"publish","type":"post","link":"https:\/\/www.milosnicylasu.olsztyn.pl\/?p=1967","title":{"rendered":"Kolejne spotkanie z Adamem Ge\u0142donem"},"content":{"rendered":"<p>&nbsp;<\/p>\n<p><a href=\"http:\/\/www.milosnicylasu.olsztyn.pl\/wp-content\/uploads\/2015\/06\/DSCN1270-www1.jpg\" data-rel=\"lightbox-image-0\" data-magnific_type=\"image\" data-rl_title=\"\" data-rl_caption=\"\" title=\"\"><img loading=\"lazy\" decoding=\"async\" class=\"alignleft size-medium wp-image-1969\" alt=\"DSCN1270-www\" src=\"http:\/\/www.milosnicylasu.olsztyn.pl\/wp-content\/uploads\/2015\/06\/DSCN1270-www1-300x225.jpg\" width=\"300\" height=\"225\" srcset=\"https:\/\/www.milosnicylasu.olsztyn.pl\/wp-content\/uploads\/2015\/06\/DSCN1270-www1-300x225.jpg 300w, https:\/\/www.milosnicylasu.olsztyn.pl\/wp-content\/uploads\/2015\/06\/DSCN1270-www1-400x300.jpg 400w, https:\/\/www.milosnicylasu.olsztyn.pl\/wp-content\/uploads\/2015\/06\/DSCN1270-www1.jpg 1024w\" sizes=\"auto, (max-width: 300px) 100vw, 300px\" \/><\/a><\/p>\n<p>&nbsp;<\/p>\n<p>&nbsp;<\/p>\n<p>&nbsp;<\/p>\n<p>&nbsp;<\/p>\n<p>&nbsp;<\/p>\n<p>&nbsp;<\/p>\n<p>11 czerwca 2015 r, w Regionalnej Dyrekcji Las\u00f3w Pa\u0144stwowych w Olsztynie, odby\u0142o si\u0119 kolejne spotkanie z naszym ulubionym le\u015bnikiem &#8211; Adamem Ge\u0142donem. Tym razem tematem prelekcji \u00a0by\u0142y : &#8221; Du\u017ce drapie\u017cniki &#8211; wilk, ry\u015b&#8221;. \u00a0<a href=\"http:\/\/www.milosnicylasu.olsztyn.pl\/wp-content\/uploads\/2015\/06\/DSCN1276-www.jpg\" data-rel=\"lightbox-image-1\" data-magnific_type=\"image\" data-rl_title=\"\" data-rl_caption=\"\" title=\"\"><img loading=\"lazy\" decoding=\"async\" class=\"size-medium wp-image-1970 alignright\" alt=\"DSCN1276-www\" src=\"http:\/\/www.milosnicylasu.olsztyn.pl\/wp-content\/uploads\/2015\/06\/DSCN1276-www-300x225.jpg\" width=\"300\" height=\"225\" srcset=\"https:\/\/www.milosnicylasu.olsztyn.pl\/wp-content\/uploads\/2015\/06\/DSCN1276-www-300x225.jpg 300w, https:\/\/www.milosnicylasu.olsztyn.pl\/wp-content\/uploads\/2015\/06\/DSCN1276-www-400x300.jpg 400w, https:\/\/www.milosnicylasu.olsztyn.pl\/wp-content\/uploads\/2015\/06\/DSCN1276-www.jpg 1024w\" sizes=\"auto, (max-width: 300px) 100vw, 300px\" \/><\/a><\/p>\n<p>&nbsp;<\/p>\n<p>W czasie pokazu multimedialnego, \u00a0Pan Adam \u00a0bardzo ciekawie opowiada\u0142 o \u00a0\u017cyciu tych drapie\u017cnik\u00f3w.<\/p>\n<p>W spotkaniu wzi\u0119\u0142o udzia\u0142 50 cz\u0142onk\u00f3w Ko\u0142a Mi\u0142o\u015bnik\u00f3w Lasu i Militari\u00f3w LOK przy Akademii Trzeciego Wieku w Olsztynie, w tym prezes Zarz\u0105du Wojew\u00f3dzkiego Oddzia\u0142u Ligi Ochrony Przyrody Tadeusz Pampuch.<\/p>\n<p>Jeszcze d\u0142ugo po zako\u0144czeniu prelekcji, Pan Adam odpowiada\u0142 na wiele pyta\u0144 zwi\u0105zanych z \u017cyciem wilka i rysia, drapie\u017cnik\u00f3w \u017cyj\u0105cych na Warmii i Mazurach.<\/p>\n<p>Dzi\u0119kujemy Panu Adamowi Ge\u0142donowi za wyk\u0142ad, za spotkanie, za liczne fascynacje i pasje, z kt\u00f3rymi systematycznie dzieli si\u0119 z nami, za serdeczno\u015b\u0107, za po\u015bwi\u0119cony czas. Bardzo dzi\u0119kujemy te\u017c \u00a0nadle\u015bniczemu Nadle\u015bnictwa Spychowo Panu Krzysztofowi Krasuli za umo\u017cliwienie \u00a0tego wyk\u0142adu.\u00a0<a href=\"http:\/\/www.milosnicylasu.olsztyn.pl\/wp-content\/uploads\/2015\/06\/DSCN1278-www.jpg\" data-rel=\"lightbox-image-2\" data-magnific_type=\"image\" data-rl_title=\"\" data-rl_caption=\"\" title=\"\"><img loading=\"lazy\" decoding=\"async\" class=\"alignleft size-medium wp-image-1971\" alt=\"DSCN1278-www\" src=\"http:\/\/www.milosnicylasu.olsztyn.pl\/wp-content\/uploads\/2015\/06\/DSCN1278-www-225x300.jpg\" width=\"225\" height=\"300\" srcset=\"https:\/\/www.milosnicylasu.olsztyn.pl\/wp-content\/uploads\/2015\/06\/DSCN1278-www-225x300.jpg 225w, https:\/\/www.milosnicylasu.olsztyn.pl\/wp-content\/uploads\/2015\/06\/DSCN1278-www.jpg 768w\" sizes=\"auto, (max-width: 225px) 100vw, 225px\" \/><\/a><\/p>\n<p>&nbsp;<\/p>\n<p>&nbsp;<\/p>\n<p>&nbsp;<\/p>\n<p>&nbsp;<\/p>\n<p>&nbsp;<\/p>\n<p>Tradycyjnie, w podzi\u0119kowaniu za wyk\u0142ad Pan Adam otrzyma\u0142 pi\u0119kn\u0105 akwarel\u0119 Basi Kowalewskiej i dodatkowo upominek od Rysia Chudziakiewicza, kt\u00f3ry podczas zebrania zapozna\u0142 nas ze swoj\u0105 tw\u00f3rczo\u015bci\u0105 rze\u017abiarsk\u0105.<a href=\"http:\/\/www.milosnicylasu.olsztyn.pl\/wp-content\/uploads\/2015\/06\/DSCN1274-www.jpg\" data-rel=\"lightbox-image-3\" data-magnific_type=\"image\" data-rl_title=\"\" data-rl_caption=\"\" title=\"\"><img loading=\"lazy\" decoding=\"async\" class=\"size-medium wp-image-1972 alignright\" alt=\"DSCN1274-www\" src=\"http:\/\/www.milosnicylasu.olsztyn.pl\/wp-content\/uploads\/2015\/06\/DSCN1274-www-300x225.jpg\" width=\"300\" height=\"225\" srcset=\"https:\/\/www.milosnicylasu.olsztyn.pl\/wp-content\/uploads\/2015\/06\/DSCN1274-www-300x225.jpg 300w, https:\/\/www.milosnicylasu.olsztyn.pl\/wp-content\/uploads\/2015\/06\/DSCN1274-www-400x300.jpg 400w, https:\/\/www.milosnicylasu.olsztyn.pl\/wp-content\/uploads\/2015\/06\/DSCN1274-www.jpg 1024w\" sizes=\"auto, (max-width: 300px) 100vw, 300px\" \/><\/a><\/p>\n<p>&nbsp;<\/p>\n<p>&nbsp;<\/p>\n<p>&nbsp;<\/p>\n<p>&nbsp;<\/p>\n<p>&nbsp;<\/p>\n<p>Nadle\u015bnictwo Spychowo \u00a0poznali\u015bmy podczas wyjazdowej edukacji le\u015bnej. Byli\u015bmy tam bardzo go\u015bcinnie przyj\u0119ci. Od tego czasu czujemy si\u0119 zwi\u0105zani z le\u015bnikami ze Spychowa i ciesz\u0105 nas ich osi\u0105gni\u0119cia.\u00a0Gratulujemy wyr\u00f3\u017cnienia\u00a0<span style=\"color: #333333; font-style: normal; line-height: 24.375px;\">II stopnia w kategorii: us\u0142uga turystyczna<\/span><span style=\"color: #333333; font-style: normal; line-height: 24.375px;\">, kt\u00f3re Nadle\u015bnictwo otrzyma\u0142o\u00a0<\/span><span style=\"color: #333333; font-style: normal; line-height: 24.375px;\">na uroczystej Gali Jako\u015bci, kt\u00f3ra odby\u0142a si\u0119 10 czerwca 2015 w Warmi\u0144sko &#8211; Mazurskiej Filharmonii im. F. Nowowiejskiego w Olsztynie.\u00a0<\/span><span style=\"color: #333333; font-style: normal; line-height: 24.375px;\">Komisja konkursowa doceni\u0142a dzia\u0142ania Nadle\u015bnictwa pn. \u201eAktywna ekologia ca\u0142y rok&#8221; wp\u0142ywaj\u0105ce na rozw\u00f3j lokalnej turystyki i wydarze\u0144 kulturalnych.<\/span><\/p>\n<p>By\u0142a to ju\u017c XI edycja konkursu, kt\u00f3rej ide\u0105 jest promocja na rynku lokalnym, krajowym i Unii Europejskiej najlepszych produkt\u00f3w i us\u0142ug naszego regionu w r\u00f3\u017cnych kategoriach.<\/p>\n<p>Jeszcze raz Gratulujemy!<\/p>\n<p>W cz\u0119\u015bci organizacyjnej zebrania Anatol Leszczy\u0144ski om\u00f3wi\u0142 realizacj\u0119 planu pracy w maju i zapozna\u0142 z programem wyjazdu 21 czerwca do \u017bywkowa. Wyjazd ten b\u0119dzie ostatnim dniem wsp\u00f3lnie sp\u0119dzonym przed przerw\u0105 wakacyjn\u0105. Spotkamy si\u0119 \u00a0w pa\u017adzierniku.<\/p>\n<p>&nbsp;<\/p>\n<p>&nbsp;<\/p>\n","protected":false},"excerpt":{"rendered":"<p>&nbsp; &nbsp; &nbsp; &nbsp; &nbsp; &nbsp; &nbsp; 11 czerwca 2015 r, w Regionalnej Dyrekcji Las\u00f3w Pa\u0144stwowych w Olsztynie, odby\u0142o si\u0119 kolejne spotkanie z naszym ulubionym le\u015bnikiem &#8211; Adamem Ge\u0142donem. Tym razem tematem prelekcji \u00a0by\u0142y : &#8221; Du\u017ce drapie\u017cniki &#8211; wilk, ry\u015b&#8221;. \u00a0 &nbsp; W czasie pokazu multimedialnego, \u00a0Pan Adam \u00a0bardzo ciekawie opowiada\u0142 o \u00a0\u017cyciu tych [&hellip;]<\/p>\n","protected":false},"author":1,"featured_media":0,"comment_status":"open","ping_status":"open","sticky":false,"template":"","format":"standard","meta":{"footnotes":""},"categories":[1,9,2],"tags":[],"class_list":["post-1967","post","type-post","status-publish","format-standard","hentry","category-bez-kategorii","category-ciekawostki","category-rajdy"],"_links":{"self":[{"href":"https:\/\/www.milosnicylasu.olsztyn.pl\/index.php?rest_route=\/wp\/v2\/posts\/1967","targetHints":{"allow":["GET"]}}],"collection":[{"href":"https:\/\/www.milosnicylasu.olsztyn.pl\/index.php?rest_route=\/wp\/v2\/posts"}],"about":[{"href":"https:\/\/www.milosnicylasu.olsztyn.pl\/index.php?rest_route=\/wp\/v2\/types\/post"}],"author":[{"embeddable":true,"href":"https:\/\/www.milosnicylasu.olsztyn.pl\/index.php?rest_route=\/wp\/v2\/users\/1"}],"replies":[{"embeddable":true,"href":"https:\/\/www.milosnicylasu.olsztyn.pl\/index.php?rest_route=%2Fwp%2Fv2%2Fcomments&post=1967"}],"version-history":[{"count":3,"href":"https:\/\/www.milosnicylasu.olsztyn.pl\/index.php?rest_route=\/wp\/v2\/posts\/1967\/revisions"}],"predecessor-version":[{"id":1979,"href":"https:\/\/www.milosnicylasu.olsztyn.pl\/index.php?rest_route=\/wp\/v2\/posts\/1967\/revisions\/1979"}],"wp:attachment":[{"href":"https:\/\/www.milosnicylasu.olsztyn.pl\/index.php?rest_route=%2Fwp%2Fv2%2Fmedia&parent=1967"}],"wp:term":[{"taxonomy":"category","embeddable":true,"href":"https:\/\/www.milosnicylasu.olsztyn.pl\/index.php?rest_route=%2Fwp%2Fv2%2Fcategories&post=1967"},{"taxonomy":"post_tag","embeddable":true,"href":"https:\/\/www.milosnicylasu.olsztyn.pl\/index.php?rest_route=%2Fwp%2Fv2%2Ftags&post=1967"}],"curies":[{"name":"wp","href":"https:\/\/api.w.org\/{rel}","templated":true}]}}