{"id":2002,"date":"2015-06-23T21:39:58","date_gmt":"2015-06-23T19:39:58","guid":{"rendered":"http:\/\/www.milosnicylasu.olsztyn.pl\/?p=2002"},"modified":"2015-06-23T21:39:58","modified_gmt":"2015-06-23T19:39:58","slug":"edukacja-przyrodnicza-w-terenie-21-06-2015-cz-ii-zywkowo","status":"publish","type":"post","link":"https:\/\/www.milosnicylasu.olsztyn.pl\/?p=2002","title":{"rendered":"Edukacja przyrodnicza w terenie 21.06.2015 cz.II \u017bywkowo"},"content":{"rendered":"<p><b><a href=\"http:\/\/www.milosnicylasu.olsztyn.pl\/wp-content\/uploads\/2015\/06\/DSCN1629-www.jpg\" data-rel=\"lightbox-image-0\" data-magnific_type=\"image\" data-rl_title=\"\" data-rl_caption=\"\" title=\"\"><img loading=\"lazy\" decoding=\"async\" class=\"alignleft size-medium wp-image-2003\" alt=\"DSCN1629-www\" src=\"http:\/\/www.milosnicylasu.olsztyn.pl\/wp-content\/uploads\/2015\/06\/DSCN1629-www-300x225.jpg\" width=\"300\" height=\"225\" srcset=\"https:\/\/www.milosnicylasu.olsztyn.pl\/wp-content\/uploads\/2015\/06\/DSCN1629-www-300x225.jpg 300w, https:\/\/www.milosnicylasu.olsztyn.pl\/wp-content\/uploads\/2015\/06\/DSCN1629-www-400x300.jpg 400w, https:\/\/www.milosnicylasu.olsztyn.pl\/wp-content\/uploads\/2015\/06\/DSCN1629-www.jpg 1024w\" sizes=\"auto, (max-width: 300px) 100vw, 300px\" \/><\/a>\u017bywkowo cz\u0119sto nazywane jest stolic\u0105 bocian\u00f3w. Do tej sk\u0142adaj\u0105cej si\u0119 z dziewi\u0119ciu gospodarstw i zamieszkanej przez 25 os\u00f3b wsi co roku przylatuje oko\u0142o 100 bocian\u00f3w. Odlatuje z niej oko\u0142o 200.<a href=\"http:\/\/www.milosnicylasu.olsztyn.pl\/wp-content\/uploads\/2015\/06\/DSCN1654-www.jpg\" data-rel=\"lightbox-image-1\" data-magnific_type=\"image\" data-rl_title=\"\" data-rl_caption=\"\" title=\"\"><img loading=\"lazy\" decoding=\"async\" class=\"size-medium wp-image-2005 alignright\" alt=\"DSCN1654-www\" src=\"http:\/\/www.milosnicylasu.olsztyn.pl\/wp-content\/uploads\/2015\/06\/DSCN1654-www-300x225.jpg\" width=\"300\" height=\"225\" srcset=\"https:\/\/www.milosnicylasu.olsztyn.pl\/wp-content\/uploads\/2015\/06\/DSCN1654-www-300x225.jpg 300w, https:\/\/www.milosnicylasu.olsztyn.pl\/wp-content\/uploads\/2015\/06\/DSCN1654-www-400x300.jpg 400w, https:\/\/www.milosnicylasu.olsztyn.pl\/wp-content\/uploads\/2015\/06\/DSCN1654-www.jpg 1024w\" sizes=\"auto, (max-width: 300px) 100vw, 300px\" \/><\/a> <\/b><\/p>\n<p><em>Sk\u0105d si\u0119 wzi\u0119\u0142y bociany? Wed\u0142ug W\u0142adys\u0142awa Andrejewa z \u017bywkowa, mi\u0142o\u015bnika bocian\u00f3w, by\u0142o tak: Kt\u00f3rego\u015b dnia B\u00f3g wezwa\u0142 do siebie dwoje ludzi: m\u0119\u017cczyzn\u0119 i kobiet\u0119. Wr\u0119czy\u0142 im worek z gadami i nakaza\u0142 im pozby\u0107 si\u0119 paskudztwa wrzucaj\u0105c je do morza. Ludzie jak to ludzie, wiedzeni ciekawo\u015bci\u0105 rozsup\u0142ali tobo\u0142ek, a gadzina rozpe\u0142z\u0142a si\u0119 po polach. Zdenerwowany B\u00f3g wezwa\u0142 niepos\u0142uszn\u0105 par\u0119 i rzek\u0142: \u201eTeraz za kar\u0119 wy i wasi potomkowie b\u0119dziecie do ko\u0144ca \u015bwiata zbiera\u0107 gady\u201d i zamieni\u0142 ich w bociany, kt\u00f3re do dzi\u015b chodz\u0105 po polach.<\/em><\/p>\n<p><a href=\"http:\/\/www.milosnicylasu.olsztyn.pl\/wp-content\/uploads\/2015\/06\/DSCN1635-www.jpg\" data-rel=\"lightbox-image-2\" data-magnific_type=\"image\" data-rl_title=\"\" data-rl_caption=\"\" title=\"\"><img loading=\"lazy\" decoding=\"async\" class=\"size-medium wp-image-2004 alignright\" alt=\"DSCN1635-www\" src=\"http:\/\/www.milosnicylasu.olsztyn.pl\/wp-content\/uploads\/2015\/06\/DSCN1635-www-300x225.jpg\" width=\"300\" height=\"225\" srcset=\"https:\/\/www.milosnicylasu.olsztyn.pl\/wp-content\/uploads\/2015\/06\/DSCN1635-www-300x225.jpg 300w, https:\/\/www.milosnicylasu.olsztyn.pl\/wp-content\/uploads\/2015\/06\/DSCN1635-www-400x300.jpg 400w, https:\/\/www.milosnicylasu.olsztyn.pl\/wp-content\/uploads\/2015\/06\/DSCN1635-www.jpg 1024w\" sizes=\"auto, (max-width: 300px) 100vw, 300px\" \/><\/a><\/p>\n<p>We wsi na drzewach, dachach i s\u0142upach znajduje si\u0119 ponad 50 gniazd i platform pod gniazda. Co roku zaj\u0119tych jest od 35 do 40 z nich, w rekordowych latach zaj\u0119te s\u0105 wszystkie gniazda.<\/p>\n","protected":false},"excerpt":{"rendered":"<p>\u017bywkowo cz\u0119sto nazywane jest stolic\u0105 bocian\u00f3w. Do tej sk\u0142adaj\u0105cej si\u0119 z dziewi\u0119ciu gospodarstw i zamieszkanej przez 25 os\u00f3b wsi co roku przylatuje oko\u0142o 100 bocian\u00f3w. Odlatuje z niej oko\u0142o 200. Sk\u0105d si\u0119 wzi\u0119\u0142y bociany? Wed\u0142ug W\u0142adys\u0142awa Andrejewa z \u017bywkowa, mi\u0142o\u015bnika bocian\u00f3w, by\u0142o tak: Kt\u00f3rego\u015b dnia B\u00f3g wezwa\u0142 do siebie dwoje ludzi: m\u0119\u017cczyzn\u0119 i kobiet\u0119. Wr\u0119czy\u0142 [&hellip;]<\/p>\n","protected":false},"author":1,"featured_media":0,"comment_status":"open","ping_status":"open","sticky":false,"template":"","format":"standard","meta":{"footnotes":""},"categories":[1,9,5],"tags":[],"class_list":["post-2002","post","type-post","status-publish","format-standard","hentry","category-bez-kategorii","category-ciekawostki","category-wycieczki"],"_links":{"self":[{"href":"https:\/\/www.milosnicylasu.olsztyn.pl\/index.php?rest_route=\/wp\/v2\/posts\/2002","targetHints":{"allow":["GET"]}}],"collection":[{"href":"https:\/\/www.milosnicylasu.olsztyn.pl\/index.php?rest_route=\/wp\/v2\/posts"}],"about":[{"href":"https:\/\/www.milosnicylasu.olsztyn.pl\/index.php?rest_route=\/wp\/v2\/types\/post"}],"author":[{"embeddable":true,"href":"https:\/\/www.milosnicylasu.olsztyn.pl\/index.php?rest_route=\/wp\/v2\/users\/1"}],"replies":[{"embeddable":true,"href":"https:\/\/www.milosnicylasu.olsztyn.pl\/index.php?rest_route=%2Fwp%2Fv2%2Fcomments&post=2002"}],"version-history":[{"count":1,"href":"https:\/\/www.milosnicylasu.olsztyn.pl\/index.php?rest_route=\/wp\/v2\/posts\/2002\/revisions"}],"predecessor-version":[{"id":2006,"href":"https:\/\/www.milosnicylasu.olsztyn.pl\/index.php?rest_route=\/wp\/v2\/posts\/2002\/revisions\/2006"}],"wp:attachment":[{"href":"https:\/\/www.milosnicylasu.olsztyn.pl\/index.php?rest_route=%2Fwp%2Fv2%2Fmedia&parent=2002"}],"wp:term":[{"taxonomy":"category","embeddable":true,"href":"https:\/\/www.milosnicylasu.olsztyn.pl\/index.php?rest_route=%2Fwp%2Fv2%2Fcategories&post=2002"},{"taxonomy":"post_tag","embeddable":true,"href":"https:\/\/www.milosnicylasu.olsztyn.pl\/index.php?rest_route=%2Fwp%2Fv2%2Ftags&post=2002"}],"curies":[{"name":"wp","href":"https:\/\/api.w.org\/{rel}","templated":true}]}}