{"id":2008,"date":"2015-07-02T15:17:44","date_gmt":"2015-07-02T13:17:44","guid":{"rendered":"http:\/\/www.milosnicylasu.olsztyn.pl\/?p=2008"},"modified":"2015-07-02T16:40:20","modified_gmt":"2015-07-02T14:40:20","slug":"edukacja-przyrodnicza-w-terenie-21-06-2015r-gorowo-ilaweckie-cz-iii","status":"publish","type":"post","link":"https:\/\/www.milosnicylasu.olsztyn.pl\/?p=2008","title":{"rendered":"Edukacja przyrodnicza w terenie 21.06.2015r. &#8211; G\u00f3rowo I\u0142aweckie cz. III zabytki"},"content":{"rendered":"<p><b>W czasie niedzielnego wyjazdu zwiedzili\u015bmy G\u00f3rowo I\u0142aweckie<\/b> \u2013 oddalone o 15 km od granicy Polski\u00a0z Rosj\u0105. Naszym przewodnikiem by\u0142a \u00a0pi\u0119kna le\u015bniczanka, <a href=\"http:\/\/www.milosnicylasu.olsztyn.pl\/wp-content\/uploads\/2015\/07\/DSCN1391-www.jpg\" data-rel=\"lightbox-image-0\" data-magnific_type=\"image\" data-rl_title=\"\" data-rl_caption=\"\" title=\"\"><img loading=\"lazy\" decoding=\"async\" class=\"alignleft size-medium wp-image-2029\" alt=\"DSCN1391-www\" src=\"http:\/\/www.milosnicylasu.olsztyn.pl\/wp-content\/uploads\/2015\/07\/DSCN1391-www-300x225.jpg\" width=\"300\" height=\"225\" srcset=\"https:\/\/www.milosnicylasu.olsztyn.pl\/wp-content\/uploads\/2015\/07\/DSCN1391-www-300x225.jpg 300w, https:\/\/www.milosnicylasu.olsztyn.pl\/wp-content\/uploads\/2015\/07\/DSCN1391-www-400x300.jpg 400w, https:\/\/www.milosnicylasu.olsztyn.pl\/wp-content\/uploads\/2015\/07\/DSCN1391-www.jpg 1024w\" sizes=\"auto, (max-width: 300px) 100vw, 300px\" \/><\/a>kt\u00f3ra w 2012 roku zdoby\u0142a tytu\u0142 miss Warmii i Mazur.<\/p>\n<p><a href=\"http:\/\/www.milosnicylasu.olsztyn.pl\/wp-content\/uploads\/2015\/07\/DSCN1551-www.jpg\" data-rel=\"lightbox-image-1\" data-magnific_type=\"image\" data-rl_title=\"\" data-rl_caption=\"\" title=\"\"><img loading=\"lazy\" decoding=\"async\" class=\"alignleft size-medium wp-image-2009\" alt=\"DSCN1551-www\" src=\"http:\/\/www.milosnicylasu.olsztyn.pl\/wp-content\/uploads\/2015\/07\/DSCN1551-www-300x225.jpg\" width=\"300\" height=\"225\" srcset=\"https:\/\/www.milosnicylasu.olsztyn.pl\/wp-content\/uploads\/2015\/07\/DSCN1551-www-300x225.jpg 300w, https:\/\/www.milosnicylasu.olsztyn.pl\/wp-content\/uploads\/2015\/07\/DSCN1551-www-400x300.jpg 400w, https:\/\/www.milosnicylasu.olsztyn.pl\/wp-content\/uploads\/2015\/07\/DSCN1551-www.jpg 1024w\" sizes=\"auto, (max-width: 300px) 100vw, 300px\" \/><\/a><\/p>\n<p>&nbsp;<\/p>\n<p>G\u00f3rowo I\u0142aweckie jest miastem po\u0142o\u017conym we wschodniej cz\u0119\u015bci Wzniesie\u0144 G\u00f3rowskich\u00a0na siedmiu pag\u00f3rkach nad rzek\u0105 M\u0142yn\u00f3wk\u0105\u00a0i Stawem Garncarskim z wysp\u0105\u00a0i stanowi 0,25% powierzchni powiatu bartoszyckiego. Le\u017cy ono na obszarze historycznej Natangi\u00a0nale\u017c\u0105cego do geograficznej krainy Prus. Wed\u0142ug danych z 30 czerwca 2012 r. miasto mia\u0142o 4381 mieszka\u0144c\u00f3w.<a href=\"https:\/\/pl.wikipedia.org\/wiki\/G%C3%B3rowo_I%C5%82aweckie#cite_note-autonazwa1-1\"><sup><br \/>\n<\/sup><\/a><\/p>\n<p>Po\u0142o\u017cone na wzg\u00f3rzach miasteczko dobrze zachowa\u0142o zabytki, nale\u017c\u0105 do nich:<\/p>\n<p><a href=\"http:\/\/www.milosnicylasu.olsztyn.pl\/wp-content\/uploads\/2015\/07\/www.jpg\" data-rel=\"lightbox-image-2\" data-magnific_type=\"image\" data-rl_title=\"\" data-rl_caption=\"\" title=\"\"><img loading=\"lazy\" decoding=\"async\" class=\"size-medium wp-image-2011 alignright\" alt=\"-www\" src=\"http:\/\/www.milosnicylasu.olsztyn.pl\/wp-content\/uploads\/2015\/07\/www-300x225.jpg\" width=\"300\" height=\"225\" srcset=\"https:\/\/www.milosnicylasu.olsztyn.pl\/wp-content\/uploads\/2015\/07\/www-300x225.jpg 300w, https:\/\/www.milosnicylasu.olsztyn.pl\/wp-content\/uploads\/2015\/07\/www-400x300.jpg 400w, https:\/\/www.milosnicylasu.olsztyn.pl\/wp-content\/uploads\/2015\/07\/www.jpg 1024w\" sizes=\"auto, (max-width: 300px) 100vw, 300px\" \/><\/a><strong>Ratusz G\u00f3rowski<\/strong> \u2013 zabytkowy budynek wybudowany w stylu gotyku\u00a0pochodzi z XIV wieku. Przebudowany zosta\u0142 w p\u00f3\u017aniejszym okresie. Budynek na planie prostok\u0105ta ma charakterystyczn\u0105 drewnian\u0105 wie\u017cyczk\u0119.<br \/>\n\u015aredniowieczny uk\u0142ad urbanistyczny starego miasta z rynkiem\u00a0po\u015brodku z kt\u00f3rego naro\u017cy wychodzi 8 ulic<\/p>\n<p>.<a href=\"http:\/\/www.milosnicylasu.olsztyn.pl\/wp-content\/uploads\/2015\/07\/DSCN1480-www.jpg\" data-rel=\"lightbox-image-3\" data-magnific_type=\"image\" data-rl_title=\"\" data-rl_caption=\"\" title=\"\"><img loading=\"lazy\" decoding=\"async\" class=\"alignleft size-medium wp-image-2012\" alt=\"DSCN1480-www\" src=\"http:\/\/www.milosnicylasu.olsztyn.pl\/wp-content\/uploads\/2015\/07\/DSCN1480-www-300x225.jpg\" width=\"300\" height=\"225\" srcset=\"https:\/\/www.milosnicylasu.olsztyn.pl\/wp-content\/uploads\/2015\/07\/DSCN1480-www-300x225.jpg 300w, https:\/\/www.milosnicylasu.olsztyn.pl\/wp-content\/uploads\/2015\/07\/DSCN1480-www-400x300.jpg 400w, https:\/\/www.milosnicylasu.olsztyn.pl\/wp-content\/uploads\/2015\/07\/DSCN1480-www.jpg 1024w\" sizes=\"auto, (max-width: 300px) 100vw, 300px\" \/><\/a><br \/>\n<strong><\/strong><\/p>\n<p>&nbsp;<\/p>\n<p><strong>Ko\u015bci\u00f3\u0142 naj\u015bwi\u0119tszego Serca Pana \u00a0<span style=\"color: #333333; font-style: normal; line-height: 24.375px;\">Jezusa &#8211;\u00a0<\/span><\/strong><span style=\"color: #333333; font-style: normal; line-height: 24.375px;\">\u00a0<\/span>wybudowany jest w stylu neogotyckim, pochodzi z 1895 r. Parafia rzymskokatolicka.<\/p>\n<p>&nbsp;<\/p>\n<p><a href=\"http:\/\/www.milosnicylasu.olsztyn.pl\/wp-content\/uploads\/2015\/07\/DSCN1390-www.jpg\" data-rel=\"lightbox-image-4\" data-magnific_type=\"image\" data-rl_title=\"\" data-rl_caption=\"\" title=\"\"><img loading=\"lazy\" decoding=\"async\" class=\"size-medium wp-image-2010 alignright\" alt=\"DSCN1390-www\" src=\"http:\/\/www.milosnicylasu.olsztyn.pl\/wp-content\/uploads\/2015\/07\/DSCN1390-www-300x225.jpg\" width=\"300\" height=\"225\" srcset=\"https:\/\/www.milosnicylasu.olsztyn.pl\/wp-content\/uploads\/2015\/07\/DSCN1390-www-300x225.jpg 300w, https:\/\/www.milosnicylasu.olsztyn.pl\/wp-content\/uploads\/2015\/07\/DSCN1390-www-400x300.jpg 400w, https:\/\/www.milosnicylasu.olsztyn.pl\/wp-content\/uploads\/2015\/07\/DSCN1390-www.jpg 1024w\" sizes=\"auto, (max-width: 300px) 100vw, 300px\" \/><\/a><span style=\"color: #333333; font-style: normal; line-height: 24.375px;\"><strong>Cerkiew Grekokatolicka Podwy\u017cszenia Krzy\u017ca \u015awi\u0119tego,\u00a0<\/strong><\/span>\u00a0dawny ko\u015bci\u00f3\u0142 ewangelicki z XIV wieku.<\/p>\n<p>Do ko\u015bcio\u0142a przylega smuk\u0142a XV-wieczna wie\u017ca.<\/p>\n<p>&nbsp;<\/p>\n<p>&nbsp;<\/p>\n<p>&nbsp;<\/p>\n<p><a href=\"http:\/\/www.milosnicylasu.olsztyn.pl\/wp-content\/uploads\/2015\/07\/DSCN1400-www.jpg\" data-rel=\"lightbox-image-5\" data-magnific_type=\"image\" data-rl_title=\"\" data-rl_caption=\"\" title=\"\"><img loading=\"lazy\" decoding=\"async\" class=\"alignleft size-medium wp-image-2013\" alt=\"DSCN1400-www\" src=\"http:\/\/www.milosnicylasu.olsztyn.pl\/wp-content\/uploads\/2015\/07\/DSCN1400-www-300x225.jpg\" width=\"300\" height=\"225\" srcset=\"https:\/\/www.milosnicylasu.olsztyn.pl\/wp-content\/uploads\/2015\/07\/DSCN1400-www-300x225.jpg 300w, https:\/\/www.milosnicylasu.olsztyn.pl\/wp-content\/uploads\/2015\/07\/DSCN1400-www-400x300.jpg 400w, https:\/\/www.milosnicylasu.olsztyn.pl\/wp-content\/uploads\/2015\/07\/DSCN1400-www.jpg 1024w\" sizes=\"auto, (max-width: 300px) 100vw, 300px\" \/><\/a><\/p>\n<p>&nbsp;<\/p>\n<p>Wewn\u0105trz zobaczy\u0107 mo\u017cna najwi\u0119ksze na Warmii malowid\u0142o sufitowe oraz pi\u0119kny ikonostas Jerzego Nowosielskiego,\u00a0\u00a0jak te\u017c pi\u0119kn\u0105 barokow\u0105 polichromi\u0119\u00a0 sufitow\u0105 z 1660 r.<\/p>\n<p>&nbsp;<\/p>\n<p>W mie\u015bcie dzia\u0142aj\u0105 te\u017c dwa muzea, kt\u00f3re zwiedzili\u015bmy:<\/p>\n<p><b style=\"font-style: normal;\"><a href=\"http:\/\/www.milosnicylasu.olsztyn.pl\/wp-content\/uploads\/2015\/07\/DSCN1440-www.jpg\" data-rel=\"lightbox-image-6\" data-magnific_type=\"image\" data-rl_title=\"\" data-rl_caption=\"\" title=\"\"><img loading=\"lazy\" decoding=\"async\" class=\"size-medium wp-image-2016 alignright\" alt=\"DSCN1440-www\" src=\"http:\/\/www.milosnicylasu.olsztyn.pl\/wp-content\/uploads\/2015\/07\/DSCN1440-www-300x225.jpg\" width=\"300\" height=\"225\" srcset=\"https:\/\/www.milosnicylasu.olsztyn.pl\/wp-content\/uploads\/2015\/07\/DSCN1440-www-300x225.jpg 300w, https:\/\/www.milosnicylasu.olsztyn.pl\/wp-content\/uploads\/2015\/07\/DSCN1440-www-400x300.jpg 400w, https:\/\/www.milosnicylasu.olsztyn.pl\/wp-content\/uploads\/2015\/07\/DSCN1440-www.jpg 1024w\" sizes=\"auto, (max-width: 300px) 100vw, 300px\" \/><\/a><\/b><strong><\/strong><\/p>\n<p>&nbsp;<\/p>\n<p><strong>Muzeum Gazownictwa<\/strong><b style=\"font-style: normal;\">,<\/b> kt\u00f3re ze swymi unikatowymi zbiorami zabytkowej gazowni koksowej z roku 1908.<a href=\"http:\/\/www.milosnicylasu.olsztyn.pl\/wp-content\/uploads\/2015\/07\/DSCN1461-www.jpg\" data-rel=\"lightbox-image-7\" data-magnific_type=\"image\" data-rl_title=\"\" data-rl_caption=\"\" title=\"\"><img loading=\"lazy\" decoding=\"async\" class=\"alignleft size-medium wp-image-2020\" alt=\"DSCN1461-www\" src=\"http:\/\/www.milosnicylasu.olsztyn.pl\/wp-content\/uploads\/2015\/07\/DSCN1461-www-225x300.jpg\" width=\"225\" height=\"300\" srcset=\"https:\/\/www.milosnicylasu.olsztyn.pl\/wp-content\/uploads\/2015\/07\/DSCN1461-www-225x300.jpg 225w, https:\/\/www.milosnicylasu.olsztyn.pl\/wp-content\/uploads\/2015\/07\/DSCN1461-www.jpg 768w\" sizes=\"auto, (max-width: 225px) 100vw, 225px\" \/><\/a><\/p>\n<p>&nbsp;<\/p>\n<p>&nbsp;<\/p>\n<p><a href=\"http:\/\/www.milosnicylasu.olsztyn.pl\/wp-content\/uploads\/2015\/07\/DSCN1508-www.jpg\" data-rel=\"lightbox-image-8\" data-magnific_type=\"image\" data-rl_title=\"\" data-rl_caption=\"\" title=\"\"><img loading=\"lazy\" decoding=\"async\" class=\"alignleft size-medium wp-image-2018\" alt=\"DSCN1508-www\" src=\"http:\/\/www.milosnicylasu.olsztyn.pl\/wp-content\/uploads\/2015\/07\/DSCN1508-www-300x225.jpg\" width=\"300\" height=\"225\" srcset=\"https:\/\/www.milosnicylasu.olsztyn.pl\/wp-content\/uploads\/2015\/07\/DSCN1508-www-300x225.jpg 300w, https:\/\/www.milosnicylasu.olsztyn.pl\/wp-content\/uploads\/2015\/07\/DSCN1508-www-400x300.jpg 400w, https:\/\/www.milosnicylasu.olsztyn.pl\/wp-content\/uploads\/2015\/07\/DSCN1508-www.jpg 1024w\" sizes=\"auto, (max-width: 300px) 100vw, 300px\" \/><\/a><\/p>\n<p>&nbsp;<\/p>\n<p>&nbsp;<\/p>\n<p>&nbsp;<\/p>\n<p><strong>Wie\u017ca ci\u015bnie\u0144<\/strong> z 1910 roku.<\/p>\n<p>&nbsp;<\/p>\n<p>&nbsp;<\/p>\n<p>&nbsp;<\/p>\n<p>&nbsp;<\/p>\n<p><strong>Muzeum Miejskie<\/strong>, Regionalna Izba Historyczna, \u00a0kt\u00f3rego opiekunem jest Stowarzyszenie Historyczno &#8211; Kolekcjonerskie &#8222;DRYSE&#8221;<\/p>\n<p>&nbsp;<\/p>\n<p>&nbsp;<\/p>\n<p><span style=\"color: #333333; font-style: normal; line-height: 24.375px;\">\u00a0<\/span><\/p>\n","protected":false},"excerpt":{"rendered":"<p>W czasie niedzielnego wyjazdu zwiedzili\u015bmy G\u00f3rowo I\u0142aweckie \u2013 oddalone o 15 km od granicy Polski\u00a0z Rosj\u0105. Naszym przewodnikiem by\u0142a \u00a0pi\u0119kna le\u015bniczanka, kt\u00f3ra w 2012 roku zdoby\u0142a tytu\u0142 miss Warmii i Mazur. &nbsp; G\u00f3rowo I\u0142aweckie jest miastem po\u0142o\u017conym we wschodniej cz\u0119\u015bci Wzniesie\u0144 G\u00f3rowskich\u00a0na siedmiu pag\u00f3rkach nad rzek\u0105 M\u0142yn\u00f3wk\u0105\u00a0i Stawem Garncarskim z wysp\u0105\u00a0i stanowi 0,25% powierzchni powiatu [&hellip;]<\/p>\n","protected":false},"author":1,"featured_media":0,"comment_status":"open","ping_status":"open","sticky":false,"template":"","format":"standard","meta":{"footnotes":""},"categories":[1,9,5],"tags":[],"class_list":["post-2008","post","type-post","status-publish","format-standard","hentry","category-bez-kategorii","category-ciekawostki","category-wycieczki"],"_links":{"self":[{"href":"https:\/\/www.milosnicylasu.olsztyn.pl\/index.php?rest_route=\/wp\/v2\/posts\/2008","targetHints":{"allow":["GET"]}}],"collection":[{"href":"https:\/\/www.milosnicylasu.olsztyn.pl\/index.php?rest_route=\/wp\/v2\/posts"}],"about":[{"href":"https:\/\/www.milosnicylasu.olsztyn.pl\/index.php?rest_route=\/wp\/v2\/types\/post"}],"author":[{"embeddable":true,"href":"https:\/\/www.milosnicylasu.olsztyn.pl\/index.php?rest_route=\/wp\/v2\/users\/1"}],"replies":[{"embeddable":true,"href":"https:\/\/www.milosnicylasu.olsztyn.pl\/index.php?rest_route=%2Fwp%2Fv2%2Fcomments&post=2008"}],"version-history":[{"count":7,"href":"https:\/\/www.milosnicylasu.olsztyn.pl\/index.php?rest_route=\/wp\/v2\/posts\/2008\/revisions"}],"predecessor-version":[{"id":2030,"href":"https:\/\/www.milosnicylasu.olsztyn.pl\/index.php?rest_route=\/wp\/v2\/posts\/2008\/revisions\/2030"}],"wp:attachment":[{"href":"https:\/\/www.milosnicylasu.olsztyn.pl\/index.php?rest_route=%2Fwp%2Fv2%2Fmedia&parent=2008"}],"wp:term":[{"taxonomy":"category","embeddable":true,"href":"https:\/\/www.milosnicylasu.olsztyn.pl\/index.php?rest_route=%2Fwp%2Fv2%2Fcategories&post=2008"},{"taxonomy":"post_tag","embeddable":true,"href":"https:\/\/www.milosnicylasu.olsztyn.pl\/index.php?rest_route=%2Fwp%2Fv2%2Ftags&post=2008"}],"curies":[{"name":"wp","href":"https:\/\/api.w.org\/{rel}","templated":true}]}}