{"id":2024,"date":"2015-07-02T16:23:03","date_gmt":"2015-07-02T14:23:03","guid":{"rendered":"http:\/\/www.milosnicylasu.olsztyn.pl\/?p=2024"},"modified":"2015-07-02T19:31:14","modified_gmt":"2015-07-02T17:31:14","slug":"edukacja-przyrodnicza-w-terenie-cz-iv-bocianie-lato-w-zywkowie","status":"publish","type":"post","link":"https:\/\/www.milosnicylasu.olsztyn.pl\/?p=2024","title":{"rendered":"Edukacja przyrodnicza w terenie &#8211; cz.IV Bocianie Lato w \u017bywkowie"},"content":{"rendered":"<p>Po zwiedzaniu G\u00f3rowa I\u0142aweckiego wycieczkowicze udali si\u0119 na \u015bcie\u017ck\u0119 edukacyjn\u0105 w Dzikowie I\u0142aweckim.<a href=\"http:\/\/www.milosnicylasu.olsztyn.pl\/wp-content\/uploads\/2015\/07\/DSCN1584-www.jpg\" data-rel=\"lightbox-image-0\" data-magnific_type=\"image\" data-rl_title=\"\" data-rl_caption=\"\" title=\"\"><img loading=\"lazy\" decoding=\"async\" class=\"alignleft size-medium wp-image-2032\" alt=\"DSCN1584-www\" src=\"http:\/\/www.milosnicylasu.olsztyn.pl\/wp-content\/uploads\/2015\/07\/DSCN1584-www-300x225.jpg\" width=\"300\" height=\"225\" srcset=\"https:\/\/www.milosnicylasu.olsztyn.pl\/wp-content\/uploads\/2015\/07\/DSCN1584-www-300x225.jpg 300w, https:\/\/www.milosnicylasu.olsztyn.pl\/wp-content\/uploads\/2015\/07\/DSCN1584-www-400x300.jpg 400w, https:\/\/www.milosnicylasu.olsztyn.pl\/wp-content\/uploads\/2015\/07\/DSCN1584-www.jpg 1024w\" sizes=\"auto, (max-width: 300px) 100vw, 300px\" \/><\/a><\/p>\n<p>&nbsp;<\/p>\n<p><a href=\"http:\/\/www.milosnicylasu.olsztyn.pl\/wp-content\/uploads\/2015\/07\/DSCN1574-www.jpg\" data-rel=\"lightbox-image-1\" data-magnific_type=\"image\" data-rl_title=\"\" data-rl_caption=\"\" title=\"\"><img loading=\"lazy\" decoding=\"async\" class=\"size-medium wp-image-2035 alignright\" alt=\"DSCN1574-www\" src=\"http:\/\/www.milosnicylasu.olsztyn.pl\/wp-content\/uploads\/2015\/07\/DSCN1574-www-300x225.jpg\" width=\"300\" height=\"225\" srcset=\"https:\/\/www.milosnicylasu.olsztyn.pl\/wp-content\/uploads\/2015\/07\/DSCN1574-www-300x225.jpg 300w, https:\/\/www.milosnicylasu.olsztyn.pl\/wp-content\/uploads\/2015\/07\/DSCN1574-www-400x300.jpg 400w, https:\/\/www.milosnicylasu.olsztyn.pl\/wp-content\/uploads\/2015\/07\/DSCN1574-www.jpg 1024w\" sizes=\"auto, (max-width: 300px) 100vw, 300px\" \/><\/a><\/p>\n<p>&nbsp;<\/p>\n<p>Tam by\u0142\u00a0 czas aby odpocz\u0105\u0107, odetchn\u0105\u0107 \u015bwie\u017cym powietrzem g\u00f3rowskich las\u00f3w, odebra\u0107 nagrody za udzia\u0142 w konkursie o bocianach oraz<\/p>\n<p>&nbsp;<\/p>\n<p>&nbsp;<\/p>\n<p>posili\u0107 si\u0119 kie\u0142bask\u0105\u00a0 z ogniska.<\/p>\n<p>&nbsp;<\/p>\n<p>&nbsp;<\/p>\n<p>Kolejnym punktem by\u0142o przej\u015bcie bocianiej \u015bcie\u017cki w Toprzynach na zasadzie questu pod nazw\u0105 na tropie bociana.<\/p>\n<p><a href=\"http:\/\/www.milosnicylasu.olsztyn.pl\/wp-content\/uploads\/2015\/07\/DSCN1608-www.jpg\" data-rel=\"lightbox-image-2\" data-magnific_type=\"image\" data-rl_title=\"\" data-rl_caption=\"\" title=\"\"><img loading=\"lazy\" decoding=\"async\" class=\"alignleft size-medium wp-image-2034\" alt=\"DSCN1608-www\" src=\"http:\/\/www.milosnicylasu.olsztyn.pl\/wp-content\/uploads\/2015\/07\/DSCN1608-www-300x225.jpg\" width=\"300\" height=\"225\" srcset=\"https:\/\/www.milosnicylasu.olsztyn.pl\/wp-content\/uploads\/2015\/07\/DSCN1608-www-300x225.jpg 300w, https:\/\/www.milosnicylasu.olsztyn.pl\/wp-content\/uploads\/2015\/07\/DSCN1608-www-400x300.jpg 400w, https:\/\/www.milosnicylasu.olsztyn.pl\/wp-content\/uploads\/2015\/07\/DSCN1608-www.jpg 1024w\" sizes=\"auto, (max-width: 300px) 100vw, 300px\" \/><\/a><\/p>\n<p>&nbsp;<\/p>\n<p>Zm\u0119czeni 2 km tras\u0105 questu, wycieczkowicze dotarli do \u017bywkowa \u2013 bocianiej wsi gdzie \u017cyje 3 razy wi\u0119cej bocian\u00f3w ni\u017c ludzi. Tam weszli na wie\u017c\u0119 obserwacyjn\u0105 gdzie mogli przyjrze\u0107 si\u0119 bocianiemu mieszkaniu z g\u00f3ry.<\/p>\n<p><a href=\"http:\/\/www.milosnicylasu.olsztyn.pl\/wp-content\/uploads\/2015\/07\/DSCN1690-www.jpg\" data-rel=\"lightbox-image-3\" data-magnific_type=\"image\" data-rl_title=\"\" data-rl_caption=\"\" title=\"\"><img loading=\"lazy\" decoding=\"async\" class=\"alignleft size-medium wp-image-2026\" alt=\"DSCN1690-www\" src=\"http:\/\/www.milosnicylasu.olsztyn.pl\/wp-content\/uploads\/2015\/07\/DSCN1690-www-225x300.jpg\" width=\"225\" height=\"300\" srcset=\"https:\/\/www.milosnicylasu.olsztyn.pl\/wp-content\/uploads\/2015\/07\/DSCN1690-www-225x300.jpg 225w, https:\/\/www.milosnicylasu.olsztyn.pl\/wp-content\/uploads\/2015\/07\/DSCN1690-www.jpg 768w\" sizes=\"auto, (max-width: 225px) 100vw, 225px\" \/><\/a><\/p>\n<p>&nbsp;<\/p>\n<p>&nbsp;<\/p>\n<p>Ostatni\u0105 atrakcj\u0105 tego dnia by\u0142 udzia\u0142 w imprezie \u201eBocianie lato w \u017bywkowie&#8221; organizowanej ka\u017cdego roku przez Gmin\u0119 G\u00f3rowo I\u0142aweckie.<\/p>\n<p>&nbsp;<\/p>\n<p>&nbsp;<\/p>\n<p>&nbsp;<\/p>\n<p><a href=\"http:\/\/www.milosnicylasu.olsztyn.pl\/wp-content\/uploads\/2015\/07\/DSCN1618-www.jpg\" data-rel=\"lightbox-image-4\" data-magnific_type=\"image\" data-rl_title=\"\" data-rl_caption=\"\" title=\"\"><img loading=\"lazy\" decoding=\"async\" class=\"size-medium wp-image-2036 alignright\" alt=\"DSCN1618-www\" src=\"http:\/\/www.milosnicylasu.olsztyn.pl\/wp-content\/uploads\/2015\/07\/DSCN1618-www-300x225.jpg\" width=\"300\" height=\"225\" srcset=\"https:\/\/www.milosnicylasu.olsztyn.pl\/wp-content\/uploads\/2015\/07\/DSCN1618-www-300x225.jpg 300w, https:\/\/www.milosnicylasu.olsztyn.pl\/wp-content\/uploads\/2015\/07\/DSCN1618-www-400x300.jpg 400w, https:\/\/www.milosnicylasu.olsztyn.pl\/wp-content\/uploads\/2015\/07\/DSCN1618-www.jpg 1024w\" sizes=\"auto, (max-width: 300px) 100vw, 300px\" \/><\/a><\/p>\n<p>&nbsp;<\/p>\n<p>Cieszymy si\u0119, \u017ce tego roku cz\u0142onkowie naszego Ko\u0142a otrzymali zaproszenie. By\u0142o fajnie, weso\u0142o, \u015bpiewaj\u0105co. A \u015bpiewali\u015bmy razem z Czerwonym Tulipanem. Mogli\u015bmy \u00a0te\u017c porozmawia\u0107 z cz\u0142onkami zespo\u0142u, zrobi\u0107 wsp\u00f3lne zdj\u0119cie.<\/p>\n<p>&nbsp;<\/p>\n<p>&nbsp;<\/p>\n<p><a href=\"http:\/\/www.milosnicylasu.olsztyn.pl\/wp-content\/uploads\/2015\/07\/DSCN1643-www.jpg\" data-rel=\"lightbox-image-5\" data-magnific_type=\"image\" data-rl_title=\"\" data-rl_caption=\"\" title=\"\"><img loading=\"lazy\" decoding=\"async\" class=\"alignleft size-medium wp-image-2037\" alt=\"DSCN1643-www\" src=\"http:\/\/www.milosnicylasu.olsztyn.pl\/wp-content\/uploads\/2015\/07\/DSCN1643-www-300x225.jpg\" width=\"300\" height=\"225\" srcset=\"https:\/\/www.milosnicylasu.olsztyn.pl\/wp-content\/uploads\/2015\/07\/DSCN1643-www-300x225.jpg 300w, https:\/\/www.milosnicylasu.olsztyn.pl\/wp-content\/uploads\/2015\/07\/DSCN1643-www-400x300.jpg 400w, https:\/\/www.milosnicylasu.olsztyn.pl\/wp-content\/uploads\/2015\/07\/DSCN1643-www.jpg 1024w\" sizes=\"auto, (max-width: 300px) 100vw, 300px\" \/><\/a>Wys\u0142uchali\u015bmy te\u017c godzinnego koncertu ulubionego zespo\u0142u z Olsztyna i ogl\u0105dali\u015bmy wyst\u0119py \u00a0zespo\u0142\u00f3w z okolic G\u00f3rowa I\u0142aweckiego.<\/p>\n<p>Na zako\u0144czenie otrzymali\u015bmy dyplom.<a href=\"http:\/\/www.milosnicylasu.olsztyn.pl\/wp-content\/uploads\/2015\/07\/DSCN1687-www.jpg\" data-rel=\"lightbox-image-6\" data-magnific_type=\"image\" data-rl_title=\"\" data-rl_caption=\"\" title=\"\"><img loading=\"lazy\" decoding=\"async\" class=\"size-medium wp-image-2038 alignright\" alt=\"DSCN1687-www\" src=\"http:\/\/www.milosnicylasu.olsztyn.pl\/wp-content\/uploads\/2015\/07\/DSCN1687-www-300x225.jpg\" width=\"300\" height=\"225\" srcset=\"https:\/\/www.milosnicylasu.olsztyn.pl\/wp-content\/uploads\/2015\/07\/DSCN1687-www-300x225.jpg 300w, https:\/\/www.milosnicylasu.olsztyn.pl\/wp-content\/uploads\/2015\/07\/DSCN1687-www-400x300.jpg 400w, https:\/\/www.milosnicylasu.olsztyn.pl\/wp-content\/uploads\/2015\/07\/DSCN1687-www.jpg 1024w\" sizes=\"auto, (max-width: 300px) 100vw, 300px\" \/><\/a><\/p>\n","protected":false},"excerpt":{"rendered":"<p>Po zwiedzaniu G\u00f3rowa I\u0142aweckiego wycieczkowicze udali si\u0119 na \u015bcie\u017ck\u0119 edukacyjn\u0105 w Dzikowie I\u0142aweckim. &nbsp; &nbsp; Tam by\u0142\u00a0 czas aby odpocz\u0105\u0107, odetchn\u0105\u0107 \u015bwie\u017cym powietrzem g\u00f3rowskich las\u00f3w, odebra\u0107 nagrody za udzia\u0142 w konkursie o bocianach oraz &nbsp; &nbsp; posili\u0107 si\u0119 kie\u0142bask\u0105\u00a0 z ogniska. &nbsp; &nbsp; Kolejnym punktem by\u0142o przej\u015bcie bocianiej \u015bcie\u017cki w Toprzynach na zasadzie questu pod [&hellip;]<\/p>\n","protected":false},"author":1,"featured_media":0,"comment_status":"open","ping_status":"open","sticky":false,"template":"","format":"standard","meta":{"footnotes":""},"categories":[1,9,5],"tags":[],"class_list":["post-2024","post","type-post","status-publish","format-standard","hentry","category-bez-kategorii","category-ciekawostki","category-wycieczki"],"_links":{"self":[{"href":"https:\/\/www.milosnicylasu.olsztyn.pl\/index.php?rest_route=\/wp\/v2\/posts\/2024","targetHints":{"allow":["GET"]}}],"collection":[{"href":"https:\/\/www.milosnicylasu.olsztyn.pl\/index.php?rest_route=\/wp\/v2\/posts"}],"about":[{"href":"https:\/\/www.milosnicylasu.olsztyn.pl\/index.php?rest_route=\/wp\/v2\/types\/post"}],"author":[{"embeddable":true,"href":"https:\/\/www.milosnicylasu.olsztyn.pl\/index.php?rest_route=\/wp\/v2\/users\/1"}],"replies":[{"embeddable":true,"href":"https:\/\/www.milosnicylasu.olsztyn.pl\/index.php?rest_route=%2Fwp%2Fv2%2Fcomments&post=2024"}],"version-history":[{"count":6,"href":"https:\/\/www.milosnicylasu.olsztyn.pl\/index.php?rest_route=\/wp\/v2\/posts\/2024\/revisions"}],"predecessor-version":[{"id":2040,"href":"https:\/\/www.milosnicylasu.olsztyn.pl\/index.php?rest_route=\/wp\/v2\/posts\/2024\/revisions\/2040"}],"wp:attachment":[{"href":"https:\/\/www.milosnicylasu.olsztyn.pl\/index.php?rest_route=%2Fwp%2Fv2%2Fmedia&parent=2024"}],"wp:term":[{"taxonomy":"category","embeddable":true,"href":"https:\/\/www.milosnicylasu.olsztyn.pl\/index.php?rest_route=%2Fwp%2Fv2%2Fcategories&post=2024"},{"taxonomy":"post_tag","embeddable":true,"href":"https:\/\/www.milosnicylasu.olsztyn.pl\/index.php?rest_route=%2Fwp%2Fv2%2Ftags&post=2024"}],"curies":[{"name":"wp","href":"https:\/\/api.w.org\/{rel}","templated":true}]}}