{"id":2041,"date":"2015-07-02T19:53:58","date_gmt":"2015-07-02T17:53:58","guid":{"rendered":"http:\/\/www.milosnicylasu.olsztyn.pl\/?p=2041"},"modified":"2015-07-02T19:54:55","modified_gmt":"2015-07-02T17:54:55","slug":"edukacja-przyrodnicza-w-terenie-21-czerwca-2015-r-cz-v-podziekowanie","status":"publish","type":"post","link":"https:\/\/www.milosnicylasu.olsztyn.pl\/?p=2041","title":{"rendered":"Edukacja przyrodnicza w terenie 21 czerwca 2015 r. Cz.V &#8211; podzi\u0119kowanie"},"content":{"rendered":"<p>G\u0142\u00f3wnym &#8222;sprawc\u0105&#8221;wyjazdu do G\u00f3rowa i \u017bywkowa, w kt\u00f3rym uczestniczy\u0142o 56 os\u00f3b &#8211; cz\u0142onk\u00f3w Ko\u0142a Mi\u0142o\u015bnik\u00f3w Lasu i Militari\u00f3w LOK przy ATW w Olsztynie, by\u0142 Pan Tadeusz Pampuch &#8211; prezes zarz\u0105du Oddzia\u0142u Warmi\u0144sko-Mazurskiego Ligi Ochrony Przyrody. Postara\u0142 si\u0119 o dofinansowanie z Wojew\u00f3dzkiego Funduszu Ochrony \u015arodowiska, uzgodni\u0142 program z Nadle\u015bnictwem i z Urz\u0119dem Gminy. <strong>Dzi\u0119kujemy!\u00a0<\/strong><\/p>\n<p>Panu nadle\u015bniczemu W\u0142adys\u0142awowi Ma\u0144ko i innym pracownikom Nadle\u015bnictwa G\u00f3rowo I\u0142aweckie za serdeczne przyj\u0119cie, za przekazan\u0105 wiedz\u0119 le\u015bn\u0105 i krajoznawcz\u0105, za ognisko. <strong>Dzi\u0119kujemy!<\/strong><\/p>\n<p>Pani Bo\u017cenie Olszewskiej- \u015awitaj, w\u00f3jtowi Gminy G\u00f3rowo I\u0142aweckie dzi\u0119kujemy za zaproszenie, za pomoc w organizacji naszego pobytu, za ciep\u0142e przyj\u0119cie.<strong> Dzi\u0119kujemy i obiecujemy, \u017ce jeszcze wr\u00f3cimy w tak urocze strony.<br \/>\n<\/strong><\/p>\n","protected":false},"excerpt":{"rendered":"<p>G\u0142\u00f3wnym &#8222;sprawc\u0105&#8221;wyjazdu do G\u00f3rowa i \u017bywkowa, w kt\u00f3rym uczestniczy\u0142o 56 os\u00f3b &#8211; cz\u0142onk\u00f3w Ko\u0142a Mi\u0142o\u015bnik\u00f3w Lasu i Militari\u00f3w LOK przy ATW w Olsztynie, by\u0142 Pan Tadeusz Pampuch &#8211; prezes zarz\u0105du Oddzia\u0142u Warmi\u0144sko-Mazurskiego Ligi Ochrony Przyrody. Postara\u0142 si\u0119 o dofinansowanie z Wojew\u00f3dzkiego Funduszu Ochrony \u015arodowiska, uzgodni\u0142 program z Nadle\u015bnictwem i z Urz\u0119dem Gminy. Dzi\u0119kujemy!\u00a0 Panu nadle\u015bniczemu [&hellip;]<\/p>\n","protected":false},"author":1,"featured_media":0,"comment_status":"open","ping_status":"open","sticky":false,"template":"","format":"standard","meta":{"footnotes":""},"categories":[1,9,5],"tags":[],"class_list":["post-2041","post","type-post","status-publish","format-standard","hentry","category-bez-kategorii","category-ciekawostki","category-wycieczki"],"_links":{"self":[{"href":"https:\/\/www.milosnicylasu.olsztyn.pl\/index.php?rest_route=\/wp\/v2\/posts\/2041","targetHints":{"allow":["GET"]}}],"collection":[{"href":"https:\/\/www.milosnicylasu.olsztyn.pl\/index.php?rest_route=\/wp\/v2\/posts"}],"about":[{"href":"https:\/\/www.milosnicylasu.olsztyn.pl\/index.php?rest_route=\/wp\/v2\/types\/post"}],"author":[{"embeddable":true,"href":"https:\/\/www.milosnicylasu.olsztyn.pl\/index.php?rest_route=\/wp\/v2\/users\/1"}],"replies":[{"embeddable":true,"href":"https:\/\/www.milosnicylasu.olsztyn.pl\/index.php?rest_route=%2Fwp%2Fv2%2Fcomments&post=2041"}],"version-history":[{"count":3,"href":"https:\/\/www.milosnicylasu.olsztyn.pl\/index.php?rest_route=\/wp\/v2\/posts\/2041\/revisions"}],"predecessor-version":[{"id":2044,"href":"https:\/\/www.milosnicylasu.olsztyn.pl\/index.php?rest_route=\/wp\/v2\/posts\/2041\/revisions\/2044"}],"wp:attachment":[{"href":"https:\/\/www.milosnicylasu.olsztyn.pl\/index.php?rest_route=%2Fwp%2Fv2%2Fmedia&parent=2041"}],"wp:term":[{"taxonomy":"category","embeddable":true,"href":"https:\/\/www.milosnicylasu.olsztyn.pl\/index.php?rest_route=%2Fwp%2Fv2%2Fcategories&post=2041"},{"taxonomy":"post_tag","embeddable":true,"href":"https:\/\/www.milosnicylasu.olsztyn.pl\/index.php?rest_route=%2Fwp%2Fv2%2Ftags&post=2041"}],"curies":[{"name":"wp","href":"https:\/\/api.w.org\/{rel}","templated":true}]}}