{"id":2050,"date":"2015-07-26T07:10:21","date_gmt":"2015-07-26T05:10:21","guid":{"rendered":"http:\/\/www.milosnicylasu.olsztyn.pl\/?p=2050"},"modified":"2015-07-26T07:17:38","modified_gmt":"2015-07-26T05:17:38","slug":"goldap-cz-i-teznie","status":"publish","type":"post","link":"https:\/\/www.milosnicylasu.olsztyn.pl\/?p=2050","title":{"rendered":"Go\u0142dap &#8211; cz.I t\u0119\u017cnie"},"content":{"rendered":"<p><strong>Go\u0142dap \u2013 miasto uzdrowiskowe w wojew\u00f3dztwie warmi\u0144sko &#8211; \u00a0mazurskim, \u00a0 \u00a0 \u00a0 \u00a0 \u00a0 \u00a0 \u00a0 \u00a0 w powiecie Go\u0142dapskim,\u00a0siedziba gminy miejsko-wiejskiej Go\u0142dap, le\u017cy na terenie historycznej krainy Litwa Mniejsza<\/strong><strong>\u00a0<\/strong><\/p>\n<p>Miasto posiada status uzdrowiska.\u00a0Jako uzdrowisko klimatyczno-borowinowe oferuje us\u0142ugi lecznictwa w zakresie schorze\u0144 narz\u0105d\u00f3w ruchu, reumatycznych, stan\u00f3w pourazowych oraz niekt\u00f3rych chor\u00f3b uk\u0142adu oddechowego i nerwowego, a tak\u017ce chor\u00f3b kobiecych.<\/p>\n<p>Wed\u0142ug danych z 31 grudnia 2010 r. miasto mia\u0142o 13 401 mieszka\u0144c\u00f3w.<a href=\"https:\/\/pl.wikipedia.org\/wiki\/Go%C5%82dap#cite_note-Ludno.C5.9B.C4.872010-12-4\"><sup><br \/>\n<\/sup><\/a><\/p>\n<p>W 2010 r. miasto otrzyma\u0142o \u015brodki zewn\u0119trzne na szereg inwestycji uzdrowiskowych, w tym na budow\u0119 czwartych w Polsce t\u0119\u017cni solankowych.<\/p>\n<p><a href=\"http:\/\/www.milosnicylasu.olsztyn.pl\/wp-content\/uploads\/2015\/07\/DSCN2643-www.jpg\" data-rel=\"lightbox-image-0\" data-magnific_type=\"image\" data-rl_title=\"\" data-rl_caption=\"\" title=\"\"><img loading=\"lazy\" decoding=\"async\" class=\"alignleft size-medium wp-image-2051\" alt=\"DSCN2643-www\" src=\"http:\/\/www.milosnicylasu.olsztyn.pl\/wp-content\/uploads\/2015\/07\/DSCN2643-www-300x225.jpg\" width=\"300\" height=\"225\" srcset=\"https:\/\/www.milosnicylasu.olsztyn.pl\/wp-content\/uploads\/2015\/07\/DSCN2643-www-300x225.jpg 300w, https:\/\/www.milosnicylasu.olsztyn.pl\/wp-content\/uploads\/2015\/07\/DSCN2643-www-400x300.jpg 400w, https:\/\/www.milosnicylasu.olsztyn.pl\/wp-content\/uploads\/2015\/07\/DSCN2643-www.jpg 1024w\" sizes=\"auto, (max-width: 300px) 100vw, 300px\" \/><\/a>Czwarte w Polsce t\u0119\u017cnie solankowe o d\u0142ugo\u015bci 220 i wysoko\u015bci 8 m. Doprowadzone do t\u0119\u017cni solanki, wydobywane z g\u0142\u0119boko\u015bci 646,0 m, sp\u0142ywaj\u0105c po ga\u0142\u0105zkach tarniny, pod wp\u0142ywem s\u0142o\u0144ca i wiatru, wytwarzaj\u0105 wok\u00f3\u0142 t\u0119\u017cni mikroklimat o du\u017cej zawarto\u015bci jodu, bromu, magnezu, wapnia, potasu, sodu i fluoru.<a href=\"http:\/\/www.milosnicylasu.olsztyn.pl\/wp-content\/uploads\/2015\/07\/P7170029-www.jpg\" data-rel=\"lightbox-image-1\" data-magnific_type=\"image\" data-rl_title=\"\" data-rl_caption=\"\" title=\"\"><img loading=\"lazy\" decoding=\"async\" class=\"alignleft size-medium wp-image-2053\" alt=\"P7170029-www\" src=\"http:\/\/www.milosnicylasu.olsztyn.pl\/wp-content\/uploads\/2015\/07\/P7170029-www-300x225.jpg\" width=\"300\" height=\"225\" srcset=\"https:\/\/www.milosnicylasu.olsztyn.pl\/wp-content\/uploads\/2015\/07\/P7170029-www-300x225.jpg 300w, https:\/\/www.milosnicylasu.olsztyn.pl\/wp-content\/uploads\/2015\/07\/P7170029-www-400x300.jpg 400w, https:\/\/www.milosnicylasu.olsztyn.pl\/wp-content\/uploads\/2015\/07\/P7170029-www.jpg 1024w\" sizes=\"auto, (max-width: 300px) 100vw, 300px\" \/><\/a><\/p>\n<p>Powsta\u0142y aerozol odznacza si\u0119 szczeg\u00f3lnymi walorami zdrowotnymi \u00a0\u00a0\u00a0\u00a0\u00a0\u00a0\u00a0\u00a0\u00a0\u00a0\u00a0\u00a0\u00a0\u00a0\u00a0\u00a0\u00a0\u2013 jego cz\u0105steczki wnikaj\u0105 do organizmu poprzez b\u0142ony \u015bluzowe uk\u0142adu oddechowego oraz sk\u00f3r\u0119.<\/p>\n<p>Przebywaj\u0105c przy t\u0119\u017cniach leczymy przede wszystkim g\u00f3rne drogi oddechowe, zatoki, rozedm\u0119 p\u0142uc, nadci\u015bnienie t\u0119tnicze, alergi\u0119, nerwic\u0119 wegetatywn\u0105, depresj\u0119, stres o og\u00f3lne wyczerpanie organizmu. Inhalacje wykorzystane w profilaktyce u ludzi zdrowych powoduj\u0105 wzrost odporno\u015bci organizmu poprzez dzia\u0142anie bakteriob\u00f3jcze.<\/p>\n<p><b><a href=\"http:\/\/www.milosnicylasu.olsztyn.pl\/wp-content\/uploads\/2015\/07\/DSCN2655-www.jpg\" data-rel=\"lightbox-image-2\" data-magnific_type=\"image\" data-rl_title=\"\" data-rl_caption=\"\" title=\"\"><img loading=\"lazy\" decoding=\"async\" class=\"size-medium wp-image-2052 alignright\" alt=\"DSCN2655-www\" src=\"http:\/\/www.milosnicylasu.olsztyn.pl\/wp-content\/uploads\/2015\/07\/DSCN2655-www-300x225.jpg\" width=\"300\" height=\"225\" srcset=\"https:\/\/www.milosnicylasu.olsztyn.pl\/wp-content\/uploads\/2015\/07\/DSCN2655-www-300x225.jpg 300w, https:\/\/www.milosnicylasu.olsztyn.pl\/wp-content\/uploads\/2015\/07\/DSCN2655-www-400x300.jpg 400w, https:\/\/www.milosnicylasu.olsztyn.pl\/wp-content\/uploads\/2015\/07\/DSCN2655-www.jpg 1024w\" sizes=\"auto, (max-width: 300px) 100vw, 300px\" \/><\/a><\/b><\/p>\n<p>&nbsp;<\/p>\n<p><b>Pijalnia w\u00f3d mineralnych i leczniczych<\/b><\/p>\n<h2>Woda lecznicza.<\/h2>\n<p>0,6 %\u00a0chlorkowo \u2013 sodowa, fluorkowa. Woda jest czerpana z utwor\u00f3w jury dolnej z g\u0142\u0119boko\u015bci 646,0 m. odwiertem Go\u0142dap Zdr\u00f3j 1.<br \/>\nSuma g\u0142\u00f3wnych sk\u0142adnik\u00f3w mineralnych rozpuszczonych: 5970,97 mg\/dm3.<br \/>\nWoda posiada \u015bwiadectwo potwierdzaj\u0105ce jej w\u0142a\u015bciwo\u015bci lecznicze i przydatno\u015b\u0107 do kuracji pitnej, wydane na podstawie wymaga\u0144 zawartych w obowi\u0105zuj\u0105cych przepisach Ministerstwa Zdrowia.<\/p>\n<p><a href=\"http:\/\/www.milosnicylasu.olsztyn.pl\/wp-content\/uploads\/2015\/07\/DSCN2654-www.jpg\" data-rel=\"lightbox-image-3\" data-magnific_type=\"image\" data-rl_title=\"\" data-rl_caption=\"\" title=\"\"><img loading=\"lazy\" decoding=\"async\" class=\"alignleft size-medium wp-image-2054\" alt=\"DSCN2654-www\" src=\"http:\/\/www.milosnicylasu.olsztyn.pl\/wp-content\/uploads\/2015\/07\/DSCN2654-www-300x225.jpg\" width=\"300\" height=\"225\" srcset=\"https:\/\/www.milosnicylasu.olsztyn.pl\/wp-content\/uploads\/2015\/07\/DSCN2654-www-300x225.jpg 300w, https:\/\/www.milosnicylasu.olsztyn.pl\/wp-content\/uploads\/2015\/07\/DSCN2654-www-400x300.jpg 400w, https:\/\/www.milosnicylasu.olsztyn.pl\/wp-content\/uploads\/2015\/07\/DSCN2654-www.jpg 1024w\" sizes=\"auto, (max-width: 300px) 100vw, 300px\" \/><\/a><\/p>\n<p>&nbsp;<\/p>\n<p>T\u0119\u017cnie i pijalnia w\u00f3d usytuowane s\u0105 w pobli\u017cu jeziora Go\u0142dap.<\/p>\n<p>&nbsp;<\/p>\n<p>&nbsp;<\/p>\n<p>&nbsp;<\/p>\n<p>&nbsp;<\/p>\n<p><a href=\"http:\/\/www.milosnicylasu.olsztyn.pl\/wp-content\/uploads\/2015\/07\/DSCN2610-www.jpg\" data-rel=\"lightbox-image-4\" data-magnific_type=\"image\" data-rl_title=\"\" data-rl_caption=\"\" title=\"\"><img loading=\"lazy\" decoding=\"async\" class=\"size-medium wp-image-2056 alignright\" alt=\"DSCN2610-www\" src=\"http:\/\/www.milosnicylasu.olsztyn.pl\/wp-content\/uploads\/2015\/07\/DSCN2610-www-300x225.jpg\" width=\"300\" height=\"225\" srcset=\"https:\/\/www.milosnicylasu.olsztyn.pl\/wp-content\/uploads\/2015\/07\/DSCN2610-www-300x225.jpg 300w, https:\/\/www.milosnicylasu.olsztyn.pl\/wp-content\/uploads\/2015\/07\/DSCN2610-www-400x300.jpg 400w, https:\/\/www.milosnicylasu.olsztyn.pl\/wp-content\/uploads\/2015\/07\/DSCN2610-www.jpg 1024w\" sizes=\"auto, (max-width: 300px) 100vw, 300px\" \/><\/a><\/p>\n<p>Pi\u0119kne promenady spacerowe, wspania\u0142a ro\u015blinno\u015b\u0107, zamontowane urz\u0105dzenia do \u0107wicze\u0144 &#8211; mo\u017cna zazdro\u015bci\u0107, ale tez mo\u017cna tam pojecha\u0107- to tylko ok.160 km.<\/p>\n<p>&nbsp;<\/p>\n<p>&nbsp;<\/p>\n<p>&nbsp;<\/p>\n<p>&nbsp;<\/p>\n<p>&nbsp;<\/p>\n<p>&nbsp;<\/p>\n<p>&nbsp;<\/p>\n<p>&nbsp;<\/p>\n","protected":false},"excerpt":{"rendered":"<p>Go\u0142dap \u2013 miasto uzdrowiskowe w wojew\u00f3dztwie warmi\u0144sko &#8211; \u00a0mazurskim, \u00a0 \u00a0 \u00a0 \u00a0 \u00a0 \u00a0 \u00a0 \u00a0 w powiecie Go\u0142dapskim,\u00a0siedziba gminy miejsko-wiejskiej Go\u0142dap, le\u017cy na terenie historycznej krainy Litwa Mniejsza\u00a0 Miasto posiada status uzdrowiska.\u00a0Jako uzdrowisko klimatyczno-borowinowe oferuje us\u0142ugi lecznictwa w zakresie schorze\u0144 narz\u0105d\u00f3w ruchu, reumatycznych, stan\u00f3w pourazowych oraz niekt\u00f3rych chor\u00f3b uk\u0142adu oddechowego i nerwowego, a [&hellip;]<\/p>\n","protected":false},"author":1,"featured_media":0,"comment_status":"open","ping_status":"open","sticky":false,"template":"","format":"standard","meta":{"footnotes":""},"categories":[1,9,5],"tags":[],"class_list":["post-2050","post","type-post","status-publish","format-standard","hentry","category-bez-kategorii","category-ciekawostki","category-wycieczki"],"_links":{"self":[{"href":"https:\/\/www.milosnicylasu.olsztyn.pl\/index.php?rest_route=\/wp\/v2\/posts\/2050","targetHints":{"allow":["GET"]}}],"collection":[{"href":"https:\/\/www.milosnicylasu.olsztyn.pl\/index.php?rest_route=\/wp\/v2\/posts"}],"about":[{"href":"https:\/\/www.milosnicylasu.olsztyn.pl\/index.php?rest_route=\/wp\/v2\/types\/post"}],"author":[{"embeddable":true,"href":"https:\/\/www.milosnicylasu.olsztyn.pl\/index.php?rest_route=\/wp\/v2\/users\/1"}],"replies":[{"embeddable":true,"href":"https:\/\/www.milosnicylasu.olsztyn.pl\/index.php?rest_route=%2Fwp%2Fv2%2Fcomments&post=2050"}],"version-history":[{"count":3,"href":"https:\/\/www.milosnicylasu.olsztyn.pl\/index.php?rest_route=\/wp\/v2\/posts\/2050\/revisions"}],"predecessor-version":[{"id":2058,"href":"https:\/\/www.milosnicylasu.olsztyn.pl\/index.php?rest_route=\/wp\/v2\/posts\/2050\/revisions\/2058"}],"wp:attachment":[{"href":"https:\/\/www.milosnicylasu.olsztyn.pl\/index.php?rest_route=%2Fwp%2Fv2%2Fmedia&parent=2050"}],"wp:term":[{"taxonomy":"category","embeddable":true,"href":"https:\/\/www.milosnicylasu.olsztyn.pl\/index.php?rest_route=%2Fwp%2Fv2%2Fcategories&post=2050"},{"taxonomy":"post_tag","embeddable":true,"href":"https:\/\/www.milosnicylasu.olsztyn.pl\/index.php?rest_route=%2Fwp%2Fv2%2Ftags&post=2050"}],"curies":[{"name":"wp","href":"https:\/\/api.w.org\/{rel}","templated":true}]}}