{"id":2076,"date":"2015-08-03T18:38:33","date_gmt":"2015-08-03T16:38:33","guid":{"rendered":"http:\/\/www.milosnicylasu.olsztyn.pl\/?p=2076"},"modified":"2015-08-03T18:43:08","modified_gmt":"2015-08-03T16:43:08","slug":"malwy","status":"publish","type":"post","link":"https:\/\/www.milosnicylasu.olsztyn.pl\/?p=2076","title":{"rendered":"Malwy"},"content":{"rendered":"<h4><\/h4>\n<p><a href=\"http:\/\/www.milosnicylasu.olsztyn.pl\/wp-content\/uploads\/2015\/08\/DSCN2948-www.jpg\" data-rel=\"lightbox-image-0\" data-magnific_type=\"image\" data-rl_title=\"\" data-rl_caption=\"\" title=\"\"><img loading=\"lazy\" decoding=\"async\" class=\"alignleft size-medium wp-image-2077\" alt=\"DSCN2948-www\" src=\"http:\/\/www.milosnicylasu.olsztyn.pl\/wp-content\/uploads\/2015\/08\/DSCN2948-www-300x225.jpg\" width=\"300\" height=\"225\" srcset=\"https:\/\/www.milosnicylasu.olsztyn.pl\/wp-content\/uploads\/2015\/08\/DSCN2948-www-300x225.jpg 300w, https:\/\/www.milosnicylasu.olsztyn.pl\/wp-content\/uploads\/2015\/08\/DSCN2948-www-400x300.jpg 400w, https:\/\/www.milosnicylasu.olsztyn.pl\/wp-content\/uploads\/2015\/08\/DSCN2948-www.jpg 1024w\" sizes=\"auto, (max-width: 300px) 100vw, 300px\" \/><\/a>Malwa jest ro\u015blin\u0105 w zale\u017cno\u015bci od odmiany jednoroczn\u0105 lub dwuletni\u0105. Znana by\u0142a ju\u017c w czasach staro\u017cytno\u015bci za swoje w\u0142a\u015bciwo\u015bci lecznicze. Kwiat ten ma u podstawy wychodz\u0105ce tu\u017c nad ziemi\u0105 li\u015bcie, a nad nimi pojawia si\u0119 do\u015b\u0107 wysoka \u0142odyga, na kt\u00f3rej znajduje si\u0119 przepi\u0119kny kwiatostan z barwnymi i sporej wielko\u015bci kwiatami pojedynczymi lub pe\u0142nymi. Malwy osi\u0105gaj\u0105 do 2,2m wysoko\u015bci. Do najpi\u0119kniejszych rodzaj\u00f3w tego kwiatu nale\u017c\u0105 te o wielu r\u00f3\u017cnych, pastelowych kolorach z pe\u0142nymi kwiatami.<a href=\"http:\/\/www.milosnicylasu.olsztyn.pl\/wp-content\/uploads\/2015\/08\/DSCN2954-www.jpg\" data-rel=\"lightbox-image-1\" data-magnific_type=\"image\" data-rl_title=\"\" data-rl_caption=\"\" title=\"\"><img loading=\"lazy\" decoding=\"async\" class=\"size-medium wp-image-2078 alignright\" alt=\"DSCN2954-www\" src=\"http:\/\/www.milosnicylasu.olsztyn.pl\/wp-content\/uploads\/2015\/08\/DSCN2954-www-300x225.jpg\" width=\"300\" height=\"225\" srcset=\"https:\/\/www.milosnicylasu.olsztyn.pl\/wp-content\/uploads\/2015\/08\/DSCN2954-www-300x225.jpg 300w, https:\/\/www.milosnicylasu.olsztyn.pl\/wp-content\/uploads\/2015\/08\/DSCN2954-www-400x300.jpg 400w, https:\/\/www.milosnicylasu.olsztyn.pl\/wp-content\/uploads\/2015\/08\/DSCN2954-www.jpg 1024w\" sizes=\"auto, (max-width: 300px) 100vw, 300px\" \/><\/a><\/p>\n<p>Malwy wysiewa si\u0119 pod koniec maja w niewielkich skrzynkach okrytych oknem, a nast\u0119pnie rozdziela si\u0119 siewki i przesadza w odst\u0119pach ok. 25 cm. We wrze\u015bniu lub wiosn\u0105 sadzi si\u0119 je w rozstawie 35x55cm.<\/p>\n<p>Uprawa malwy nie nale\u017cy do najtrudniejszych. Najlepiej ro\u015bnie w miejscach nas\u0142onecznionych oraz na \u017cyznych glebach. Piel\u0119gnacja malw nie jest konieczna. Ro\u015blina bardzo dobrze znosi r\u00f3\u017cne warunki atmosferyczne oraz rzadkie podlewanie. Raz posadzona potrafi si\u0119 utrzyma\u0107 do 3-4 lat.<a href=\"http:\/\/www.milosnicylasu.olsztyn.pl\/wp-content\/uploads\/2015\/08\/DSCN2962-www.jpg\" data-rel=\"lightbox-image-2\" data-magnific_type=\"image\" data-rl_title=\"\" data-rl_caption=\"\" title=\"\"><img loading=\"lazy\" decoding=\"async\" class=\"alignleft size-medium wp-image-2079\" alt=\"DSCN2962-www\" src=\"http:\/\/www.milosnicylasu.olsztyn.pl\/wp-content\/uploads\/2015\/08\/DSCN2962-www-300x225.jpg\" width=\"300\" height=\"225\" srcset=\"https:\/\/www.milosnicylasu.olsztyn.pl\/wp-content\/uploads\/2015\/08\/DSCN2962-www-300x225.jpg 300w, https:\/\/www.milosnicylasu.olsztyn.pl\/wp-content\/uploads\/2015\/08\/DSCN2962-www-400x300.jpg 400w, https:\/\/www.milosnicylasu.olsztyn.pl\/wp-content\/uploads\/2015\/08\/DSCN2962-www.jpg 1024w\" sizes=\"auto, (max-width: 300px) 100vw, 300px\" \/><\/a><\/p>\n<p>Malwy s\u0105 ro\u015blinami bardzo dekoracyjnymi. Ozdabia si\u0119 nimi domy na wsi, stosuje do zakrywania \u015bcian albo sadzi przy ogrodzeniach i drogach. Niekt\u00f3rzy sadz\u0105 malwy z ty\u0142u rabat, jako ich t\u0142o.<\/p>\n<h4><a href=\"http:\/\/www.milosnicylasu.olsztyn.pl\/wp-content\/uploads\/2015\/08\/DSCN2967-www.jpg\" data-rel=\"lightbox-image-3\" data-magnific_type=\"image\" data-rl_title=\"\" data-rl_caption=\"\" title=\"\"><img loading=\"lazy\" decoding=\"async\" class=\"size-medium wp-image-2080 alignright\" alt=\"DSCN2967-www\" src=\"http:\/\/www.milosnicylasu.olsztyn.pl\/wp-content\/uploads\/2015\/08\/DSCN2967-www-300x225.jpg\" width=\"300\" height=\"225\" srcset=\"https:\/\/www.milosnicylasu.olsztyn.pl\/wp-content\/uploads\/2015\/08\/DSCN2967-www-300x225.jpg 300w, https:\/\/www.milosnicylasu.olsztyn.pl\/wp-content\/uploads\/2015\/08\/DSCN2967-www-400x300.jpg 400w, https:\/\/www.milosnicylasu.olsztyn.pl\/wp-content\/uploads\/2015\/08\/DSCN2967-www.jpg 1024w\" sizes=\"auto, (max-width: 300px) 100vw, 300px\" \/><\/a><\/h4>\n<p>Kwitnie co roku, ale najpi\u0119kniejsze kwiaty mo\u017cna zobaczy\u0107 w drugim roku.<\/p>\n<p>Piel\u0119gnacja malw zim\u0105 jest niekonieczna, gdy\u017c spokojnie zimuje w ziemi.<\/p>\n<p>&nbsp;<\/p>\n<p>A zdj\u0119cia pi\u0119knych malw zrobione zosta\u0142y w drodze na odpust w S\u0119talu. <a href=\"http:\/\/www.milosnicylasu.olsztyn.pl\/wp-content\/uploads\/2015\/08\/DSCN2946-www.jpg\" data-rel=\"lightbox-image-4\" data-magnific_type=\"image\" data-rl_title=\"\" data-rl_caption=\"\" title=\"\"><img loading=\"lazy\" decoding=\"async\" class=\"alignleft size-medium wp-image-2082\" alt=\"DSCN2946-www\" src=\"http:\/\/www.milosnicylasu.olsztyn.pl\/wp-content\/uploads\/2015\/08\/DSCN2946-www-300x225.jpg\" width=\"300\" height=\"225\" srcset=\"https:\/\/www.milosnicylasu.olsztyn.pl\/wp-content\/uploads\/2015\/08\/DSCN2946-www-300x225.jpg 300w, https:\/\/www.milosnicylasu.olsztyn.pl\/wp-content\/uploads\/2015\/08\/DSCN2946-www-400x300.jpg 400w, https:\/\/www.milosnicylasu.olsztyn.pl\/wp-content\/uploads\/2015\/08\/DSCN2946-www.jpg 1024w\" sizes=\"auto, (max-width: 300px) 100vw, 300px\" \/><\/a>Wszystkie te malwy ros\u0142y przy jednym domostwie. Niesamowite !<\/p>\n","protected":false},"excerpt":{"rendered":"<p>Malwa jest ro\u015blin\u0105 w zale\u017cno\u015bci od odmiany jednoroczn\u0105 lub dwuletni\u0105. Znana by\u0142a ju\u017c w czasach staro\u017cytno\u015bci za swoje w\u0142a\u015bciwo\u015bci lecznicze. Kwiat ten ma u podstawy wychodz\u0105ce tu\u017c nad ziemi\u0105 li\u015bcie, a nad nimi pojawia si\u0119 do\u015b\u0107 wysoka \u0142odyga, na kt\u00f3rej znajduje si\u0119 przepi\u0119kny kwiatostan z barwnymi i sporej wielko\u015bci kwiatami pojedynczymi lub pe\u0142nymi. Malwy osi\u0105gaj\u0105 [&hellip;]<\/p>\n","protected":false},"author":1,"featured_media":0,"comment_status":"open","ping_status":"open","sticky":false,"template":"","format":"standard","meta":{"footnotes":""},"categories":[1,9],"tags":[],"class_list":["post-2076","post","type-post","status-publish","format-standard","hentry","category-bez-kategorii","category-ciekawostki"],"_links":{"self":[{"href":"https:\/\/www.milosnicylasu.olsztyn.pl\/index.php?rest_route=\/wp\/v2\/posts\/2076","targetHints":{"allow":["GET"]}}],"collection":[{"href":"https:\/\/www.milosnicylasu.olsztyn.pl\/index.php?rest_route=\/wp\/v2\/posts"}],"about":[{"href":"https:\/\/www.milosnicylasu.olsztyn.pl\/index.php?rest_route=\/wp\/v2\/types\/post"}],"author":[{"embeddable":true,"href":"https:\/\/www.milosnicylasu.olsztyn.pl\/index.php?rest_route=\/wp\/v2\/users\/1"}],"replies":[{"embeddable":true,"href":"https:\/\/www.milosnicylasu.olsztyn.pl\/index.php?rest_route=%2Fwp%2Fv2%2Fcomments&post=2076"}],"version-history":[{"count":2,"href":"https:\/\/www.milosnicylasu.olsztyn.pl\/index.php?rest_route=\/wp\/v2\/posts\/2076\/revisions"}],"predecessor-version":[{"id":2083,"href":"https:\/\/www.milosnicylasu.olsztyn.pl\/index.php?rest_route=\/wp\/v2\/posts\/2076\/revisions\/2083"}],"wp:attachment":[{"href":"https:\/\/www.milosnicylasu.olsztyn.pl\/index.php?rest_route=%2Fwp%2Fv2%2Fmedia&parent=2076"}],"wp:term":[{"taxonomy":"category","embeddable":true,"href":"https:\/\/www.milosnicylasu.olsztyn.pl\/index.php?rest_route=%2Fwp%2Fv2%2Fcategories&post=2076"},{"taxonomy":"post_tag","embeddable":true,"href":"https:\/\/www.milosnicylasu.olsztyn.pl\/index.php?rest_route=%2Fwp%2Fv2%2Ftags&post=2076"}],"curies":[{"name":"wp","href":"https:\/\/api.w.org\/{rel}","templated":true}]}}