{"id":2106,"date":"2015-08-23T00:21:01","date_gmt":"2015-08-22T22:21:01","guid":{"rendered":"http:\/\/www.milosnicylasu.olsztyn.pl\/?p=2106"},"modified":"2015-08-25T06:43:42","modified_gmt":"2015-08-25T04:43:42","slug":"wilno","status":"publish","type":"post","link":"https:\/\/www.milosnicylasu.olsztyn.pl\/?p=2106","title":{"rendered":"Wilno"},"content":{"rendered":"<p>&nbsp;<\/p>\n<table width=\"100%\" border=\"0\" cellspacing=\"0\" cellpadding=\"0\">\n<tbody>\n<tr>\n<td><b>W lipcu, z grup\u0105 uczestnik\u00f3w pleneru malarskiego w Go\u0142dapi, odwiedzili\u015bmy Wilno. Wi\u0119kszo\u015b\u0107 cz\u0142onk\u00f3w Ko\u0142a na pewno by\u0142a w Wilnie, ale tak dla przypomnienia par\u0119 fakt\u00f3w i troch\u0119 zdj\u0119\u0107&#8230;..<\/b><b><\/b><b>Wilno<\/b> &#8211; stolica pa\u0144stwa, miasto po\u0142o\u017cone nad Wili\u0105 i u uj\u015bcia Wilejki. Jest to wa\u017cny o\u015brodek przemys\u0142owy i kulturalny, najwi\u0119ksze skupisko Polonii na ziemi litewskiej. <b>Wilno<\/b> przez d\u0142ugi okres swojej historii by\u0142o miastem wielonarodowym i wielokulturowym, czego \u015blady widoczne s\u0105 do dzi\u015b. Miasto jest malowniczo po\u0142o\u017cone w dolinie Wilejki i otoczone lasami sosnowymi. <b>Wilno <\/b>posiada prawdopodobnie najwi\u0119ksz\u0105 star\u00f3wk\u0119 w Europie &#8211; 360 ha (trzy razy wi\u0119ksza ni\u017c w Krakowie)<\/p>\n<p>Byli\u015bmy tam jeden dzie\u0144, ale zwiedzili\u015bmy bardzo du\u017co zabytk\u00f3w. Te najwa\u017cniejsze, kt\u00f3re zrobi\u0142y na nas najwi\u0119ksze wra\u017cenie to:<\/p>\n<p><a href=\"http:\/\/www.milosnicylasu.olsztyn.pl\/wp-content\/uploads\/2015\/08\/DSCN2258-www.jpg\" data-rel=\"lightbox-image-0\" data-magnific_type=\"image\" data-rl_title=\"\" data-rl_caption=\"\" title=\"\"><img loading=\"lazy\" decoding=\"async\" class=\"alignleft size-medium wp-image-2107\" alt=\"DSCN2258-www\" src=\"http:\/\/www.milosnicylasu.olsztyn.pl\/wp-content\/uploads\/2015\/08\/DSCN2258-www-300x225.jpg\" width=\"300\" height=\"225\" srcset=\"https:\/\/www.milosnicylasu.olsztyn.pl\/wp-content\/uploads\/2015\/08\/DSCN2258-www-300x225.jpg 300w, https:\/\/www.milosnicylasu.olsztyn.pl\/wp-content\/uploads\/2015\/08\/DSCN2258-www-400x300.jpg 400w, https:\/\/www.milosnicylasu.olsztyn.pl\/wp-content\/uploads\/2015\/08\/DSCN2258-www.jpg 1024w\" sizes=\"auto, (max-width: 300px) 100vw, 300px\" \/><\/a><strong>\u00a0Nekropolia na Rossie.<\/strong> Zlokalizowana jest ona w dzielnicy po\u0142o\u017conej na po\u0142udnie od centrum. Cmentarz ten za\u0142o\u017cony zosta\u0142 na pocz\u0105tku XIX wieku przez misjonarzy. Obecnie jego obszar to ponad 10 hektar\u00f3w.<\/p>\n<p>&nbsp;<\/p>\n<p><a href=\"http:\/\/www.milosnicylasu.olsztyn.pl\/wp-content\/uploads\/2015\/08\/DSCN2217-www.jpg\" data-rel=\"lightbox-image-1\" data-magnific_type=\"image\" data-rl_title=\"\" data-rl_caption=\"\" title=\"\"><img loading=\"lazy\" decoding=\"async\" class=\"size-medium wp-image-2108 alignright\" alt=\"DSCN2217-www\" src=\"http:\/\/www.milosnicylasu.olsztyn.pl\/wp-content\/uploads\/2015\/08\/DSCN2217-www-300x225.jpg\" width=\"300\" height=\"225\" srcset=\"https:\/\/www.milosnicylasu.olsztyn.pl\/wp-content\/uploads\/2015\/08\/DSCN2217-www-300x225.jpg 300w, https:\/\/www.milosnicylasu.olsztyn.pl\/wp-content\/uploads\/2015\/08\/DSCN2217-www-400x300.jpg 400w, https:\/\/www.milosnicylasu.olsztyn.pl\/wp-content\/uploads\/2015\/08\/DSCN2217-www.jpg 1024w\" sizes=\"auto, (max-width: 300px) 100vw, 300px\" \/><\/a> Pochowano tam mi\u0119dzy innymi serce Marsza\u0142ka J\u00f3zefa Pi\u0142sudskiego w maju 1936 roku. Ponadto mo\u017cna na Rossie odnale\u017a\u0107 grobowiec Joachima Lelewela, W\u0142adys\u0142awa Syrokomli i \u015awiatope\u0142ka Karpi\u0144skiego.<\/p>\n<p>&nbsp;<\/p>\n<p>&nbsp;<\/p>\n<p>&nbsp;<\/p>\n<p><strong><a href=\"http:\/\/www.milosnicylasu.olsztyn.pl\/wp-content\/uploads\/2015\/08\/DSCN2268-www.jpg\" data-rel=\"lightbox-image-2\" data-magnific_type=\"image\" data-rl_title=\"\" data-rl_caption=\"\" title=\"\"><img loading=\"lazy\" decoding=\"async\" class=\"alignleft size-medium wp-image-2109\" alt=\"DSCN2268-www\" src=\"http:\/\/www.milosnicylasu.olsztyn.pl\/wp-content\/uploads\/2015\/08\/DSCN2268-www-300x225.jpg\" width=\"300\" height=\"225\" srcset=\"https:\/\/www.milosnicylasu.olsztyn.pl\/wp-content\/uploads\/2015\/08\/DSCN2268-www-300x225.jpg 300w, https:\/\/www.milosnicylasu.olsztyn.pl\/wp-content\/uploads\/2015\/08\/DSCN2268-www-400x300.jpg 400w, https:\/\/www.milosnicylasu.olsztyn.pl\/wp-content\/uploads\/2015\/08\/DSCN2268-www.jpg 1024w\" sizes=\"auto, (max-width: 300px) 100vw, 300px\" \/><\/a>Ko\u015bci\u00f3\u0142 \u015bw. Piotra i Paw\u0142a<\/strong>. Wybudowany zosta\u0142 on z inicjatywy hetmana polnego litewskiego Micha\u0142a Kazimierza Paca.<\/p>\n<p>Prace budowlane prowadzone by\u0142y od 1668 do 1676 roku, a wystr\u00f3j wn\u0119trza zaprojektowali znani \u00f3wcze\u015bnie arty\u015bci w\u0142oscy.<\/p>\n<p>&nbsp;<\/p>\n<p><a href=\"http:\/\/www.milosnicylasu.olsztyn.pl\/wp-content\/uploads\/2015\/08\/DSCN2325-www.jpg\" data-rel=\"lightbox-image-3\" data-magnific_type=\"image\" data-rl_title=\"\" data-rl_caption=\"\" title=\"\"><img loading=\"lazy\" decoding=\"async\" class=\"alignleft size-medium wp-image-2110\" alt=\"DSCN2325-www\" src=\"http:\/\/www.milosnicylasu.olsztyn.pl\/wp-content\/uploads\/2015\/08\/DSCN2325-www-300x225.jpg\" width=\"300\" height=\"225\" srcset=\"https:\/\/www.milosnicylasu.olsztyn.pl\/wp-content\/uploads\/2015\/08\/DSCN2325-www-300x225.jpg 300w, https:\/\/www.milosnicylasu.olsztyn.pl\/wp-content\/uploads\/2015\/08\/DSCN2325-www-400x300.jpg 400w, https:\/\/www.milosnicylasu.olsztyn.pl\/wp-content\/uploads\/2015\/08\/DSCN2325-www.jpg 1024w\" sizes=\"auto, (max-width: 300px) 100vw, 300px\" \/><\/a>Jedn\u0105 z najbardziej znanych pozosta\u0142o\u015bci \u015bredniowiecznych jest w Wilnie<b>\u00a0<\/b><span style=\"color: #000000; font-style: normal; line-height: 24.375px;\">\u00a0<\/span><span style=\"color: #000000; font-style: normal; line-height: 24.375px;\">Baszta\u00a0<\/span><b>Giedymina<\/b>. Jest to ocala\u0142a cz\u0119\u015b\u0107 Zamku G\u00f3rnego wzniesionego przez Giedymina w XIV wieku na szczycie g\u00f3ry Turzej. Po po\u017carze odbudowano go w stylu gotyckim w czasach ksi\u0119cia Witolda<\/p>\n<p>&nbsp;<\/p>\n<p><strong>Katedra \u015bw. Stanis\u0142awa<\/strong> to kolejny zabytek wile\u0144ski, do kt\u00f3rego wiedzie ulica Zamkowa. <a href=\"http:\/\/www.milosnicylasu.olsztyn.pl\/wp-content\/uploads\/2015\/08\/DSCN2329-www.jpg\" data-rel=\"lightbox-image-4\" data-magnific_type=\"image\" data-rl_title=\"\" data-rl_caption=\"\" title=\"\"><img loading=\"lazy\" decoding=\"async\" class=\"alignleft size-medium wp-image-2122\" alt=\"DSCN2329-www\" src=\"http:\/\/www.milosnicylasu.olsztyn.pl\/wp-content\/uploads\/2015\/08\/DSCN2329-www-300x225.jpg\" width=\"300\" height=\"225\" srcset=\"https:\/\/www.milosnicylasu.olsztyn.pl\/wp-content\/uploads\/2015\/08\/DSCN2329-www-300x225.jpg 300w, https:\/\/www.milosnicylasu.olsztyn.pl\/wp-content\/uploads\/2015\/08\/DSCN2329-www-400x300.jpg 400w, https:\/\/www.milosnicylasu.olsztyn.pl\/wp-content\/uploads\/2015\/08\/DSCN2329-www.jpg 1024w\" sizes=\"auto, (max-width: 300px) 100vw, 300px\" \/><\/a>Zgodnie z legend\u0105 zosta\u0142a ona wniesiona w miejscu \u015bwi\u0119tego gaju pogan, miejscu kultu Perkuna, kt\u00f3ry sta\u0142 na czele panteonu przedchrze\u015bcija\u0144skiej <b>Litwy<\/b>. Budow\u0119 rozpocz\u0119to nied\u0142ugo po chrystianizacji pa\u0144stwa za panowania Jagie\u0142\u0142y. Pierwotn\u0105 drewnian\u0105 budowl\u0119 odbudowano po po\u017carze w stylu gotyckim, kolejne przebudowy mia\u0142y miejsce w latach 1530, 1610, 1741. Ostatecznie po zniszczeniach w roku 1769 przebudowano archikatedr\u0119 w stylu klasycystycznym i w takiej postaci dotrwa\u0142a ona do naszych czas\u00f3w. W katedrze znajduj\u0105 si\u0119 <b>relikwie \u015bw. Kazimierza<\/b>. Zabytek ten jest uwa\u017cany za jedno z najwspanialszych osi\u0105gni\u0119\u0107 architektury klasycystycznej w tej cz\u0119\u015bci Europy.<\/p>\n<p>&nbsp;<\/p>\n<p><b><a href=\"http:\/\/www.milosnicylasu.olsztyn.pl\/wp-content\/uploads\/2015\/08\/DSCN2368-www.jpg\" data-rel=\"lightbox-image-5\" data-magnific_type=\"image\" data-rl_title=\"\" data-rl_caption=\"\" title=\"\"><img loading=\"lazy\" decoding=\"async\" class=\"alignleft size-medium wp-image-2111\" alt=\"DSCN2368-www\" src=\"http:\/\/www.milosnicylasu.olsztyn.pl\/wp-content\/uploads\/2015\/08\/DSCN2368-www-300x225.jpg\" width=\"300\" height=\"225\" srcset=\"https:\/\/www.milosnicylasu.olsztyn.pl\/wp-content\/uploads\/2015\/08\/DSCN2368-www-300x225.jpg 300w, https:\/\/www.milosnicylasu.olsztyn.pl\/wp-content\/uploads\/2015\/08\/DSCN2368-www-400x300.jpg 400w, https:\/\/www.milosnicylasu.olsztyn.pl\/wp-content\/uploads\/2015\/08\/DSCN2368-www.jpg 1024w\" sizes=\"auto, (max-width: 300px) 100vw, 300px\" \/><\/a><\/b><strong>Ostra Brama<\/strong> jest stale obecne w \u015bwiadomo\u015bci kulturowej i religijnej Polak\u00f3w. Wi\u0105\u017ce si\u0119 z kultem maryjnym o wielowiekowej tradycji i literackimi \u015bwiadectwami jego znaczenia. Ostra Brama jest jedn\u0105 z bram miejskich <strong>Wilna<\/strong>, wzniesion\u0105 w latach 1503- 1522 w stylu gotyckim. Fragment muru obronnego, kt\u00f3ry do niej przylega, stanowi jedyn\u0105 ocala\u0142\u0105 do dnia dzisiejszego pozosta\u0142o\u015b\u0107 fortyfikacji miejskich. <a href=\"http:\/\/www.milosnicylasu.olsztyn.pl\/wp-content\/uploads\/2015\/08\/DSCN2372-www.jpg\" data-rel=\"lightbox-image-6\" data-magnific_type=\"image\" data-rl_title=\"\" data-rl_caption=\"\" title=\"\"><img loading=\"lazy\" decoding=\"async\" class=\"size-medium wp-image-2112 alignright\" alt=\"DSCN2372-www\" src=\"http:\/\/www.milosnicylasu.olsztyn.pl\/wp-content\/uploads\/2015\/08\/DSCN2372-www-225x300.jpg\" width=\"225\" height=\"300\" srcset=\"https:\/\/www.milosnicylasu.olsztyn.pl\/wp-content\/uploads\/2015\/08\/DSCN2372-www-225x300.jpg 225w, https:\/\/www.milosnicylasu.olsztyn.pl\/wp-content\/uploads\/2015\/08\/DSCN2372-www.jpg 768w\" sizes=\"auto, (max-width: 225px) 100vw, 225px\" \/><\/a><\/p>\n<p>Osobliwo\u015bci\u0105 Bramy jest umiejscowiona od strony wewn\u0119trznej kaplica z cudownym obrazem <b>Matki Boskiej Ostrobramskiej<\/b>.<\/p>\n<p>&nbsp;<\/p>\n<p>&nbsp;<\/p>\n<p>&nbsp;<\/p>\n<p>&nbsp;<\/p>\n<p><strong>Ratusz<\/strong><\/p>\n<p><a href=\"http:\/\/www.milosnicylasu.olsztyn.pl\/wp-content\/uploads\/2015\/08\/DSCN2456-www.jpg\" data-rel=\"lightbox-image-7\" data-magnific_type=\"image\" data-rl_title=\"\" data-rl_caption=\"\" title=\"\"><img loading=\"lazy\" decoding=\"async\" class=\"alignleft size-medium wp-image-2113\" alt=\"DSCN2456-www\" src=\"http:\/\/www.milosnicylasu.olsztyn.pl\/wp-content\/uploads\/2015\/08\/DSCN2456-www-300x225.jpg\" width=\"300\" height=\"225\" srcset=\"https:\/\/www.milosnicylasu.olsztyn.pl\/wp-content\/uploads\/2015\/08\/DSCN2456-www-300x225.jpg 300w, https:\/\/www.milosnicylasu.olsztyn.pl\/wp-content\/uploads\/2015\/08\/DSCN2456-www-400x300.jpg 400w, https:\/\/www.milosnicylasu.olsztyn.pl\/wp-content\/uploads\/2015\/08\/DSCN2456-www.jpg 1024w\" sizes=\"auto, (max-width: 300px) 100vw, 300px\" \/><\/a>Obecny Ratusz na wile\u0144skiej Star\u00f3wce to ju\u017c trzecia wersja pierwotnej siedziby w\u0142adz miejskich. Pierwszy budynek w stylu gotyckim, wyposa\u017cony w pr\u0119gierz szubienic\u0119 i sal\u0119 tortur powsta\u0142 jeszcze za panowania W\u0142adys\u0142awa Jagie\u0142\u0142y. Po po\u017carze w 1749 r. podniszczon\u0105 budowle poddano restauracji jednak obecny kszta\u0142t Ratusz osi\u0105gn\u0105\u0142 dopiero latach 1781-83 kiedy po zawaleniu wie\u017cy postanowiono go odbudowa\u0107 po raz kolejny. Dzisiejsza posta\u0107 reprezentuje styl klasycystyczny, upodabniaj\u0105c si\u0119 do staro\u017cytnych budowli rzymskich z charakterystyczn\u0105 kolumnada i tr\u00f3jk\u0105tnym zwie\u0144czeniem. W przesz\u0142o\u015bci budowla by\u0142a miejscem wa\u017cnych wydarze\u0144 artystycznych, w tym premiery \u201eHalki\u201d Stanis\u0142awa Moniuszki. Obecnie ratusz jest atrakcj\u0105 turystyczn\u0105. W \u015brodku mo\u017cna ogl\u0105da\u0107 pi\u0119kn\u0105 Sal\u0119 Wielk\u0105 oraz cz\u0119\u015bciowo gotyckie piwnice, w kt\u00f3rych urz\u0105dzono muzeum ratusza.<\/p>\n<p><strong>Star\u00f3wka<\/strong><\/p>\n<p><a href=\"http:\/\/www.milosnicylasu.olsztyn.pl\/wp-content\/uploads\/2015\/08\/DSCN2475-www.jpg\" data-rel=\"lightbox-image-8\" data-magnific_type=\"image\" data-rl_title=\"\" data-rl_caption=\"\" title=\"\"><img loading=\"lazy\" decoding=\"async\" class=\"size-medium wp-image-2114 alignright\" alt=\"DSCN2475-www\" src=\"http:\/\/www.milosnicylasu.olsztyn.pl\/wp-content\/uploads\/2015\/08\/DSCN2475-www-300x225.jpg\" width=\"300\" height=\"225\" srcset=\"https:\/\/www.milosnicylasu.olsztyn.pl\/wp-content\/uploads\/2015\/08\/DSCN2475-www-300x225.jpg 300w, https:\/\/www.milosnicylasu.olsztyn.pl\/wp-content\/uploads\/2015\/08\/DSCN2475-www-400x300.jpg 400w, https:\/\/www.milosnicylasu.olsztyn.pl\/wp-content\/uploads\/2015\/08\/DSCN2475-www.jpg 1024w\" sizes=\"auto, (max-width: 300px) 100vw, 300px\" \/><\/a>Star\u00f3wk\u0119<strong> <\/strong>w Wilnie uwa\u017ca si\u0119 obecnie za najlepiej zachowane i zarazem najwi\u0119ksze w \u015brodkowej Europie \u015bredniowieczne Stare Miasto. Od czas\u00f3w jej powstania nadal funkcjonuje ten sam uk\u0142ad ulic i plac\u00f3w. Na powierzchni ok. 360 ha ulokowanych jest wiele dom\u00f3w z oryginalnymi barokowymi fasadami. Zauwa\u017ca si\u0119 tu liczne wp\u0142ywy w\u0142oskie. Na Star\u00f3wce dominuj\u0105 \u015bwi\u0105tynie, zar\u00f3wno te katolickie, jak i prawos\u0142awne<\/p>\n<p><strong><span style=\"color: #000000; font-style: normal; line-height: 24.375px;\">G\u00f3ra Trzech Krzy\u017cy<\/span><span style=\"color: #000000; font-style: normal; line-height: 24.375px;\">\u00a0<\/span><\/strong><\/p>\n<p>&nbsp;<\/p>\n<p><a href=\"http:\/\/www.milosnicylasu.olsztyn.pl\/wp-content\/uploads\/2015\/08\/DSCN2571-www.jpg\" data-rel=\"lightbox-image-9\" data-magnific_type=\"image\" data-rl_title=\"\" data-rl_caption=\"\" title=\"\"><img loading=\"lazy\" decoding=\"async\" class=\"alignleft size-medium wp-image-2115\" alt=\"DSCN2571-www\" src=\"http:\/\/www.milosnicylasu.olsztyn.pl\/wp-content\/uploads\/2015\/08\/DSCN2571-www-300x225.jpg\" width=\"300\" height=\"225\" srcset=\"https:\/\/www.milosnicylasu.olsztyn.pl\/wp-content\/uploads\/2015\/08\/DSCN2571-www-300x225.jpg 300w, https:\/\/www.milosnicylasu.olsztyn.pl\/wp-content\/uploads\/2015\/08\/DSCN2571-www-400x300.jpg 400w, https:\/\/www.milosnicylasu.olsztyn.pl\/wp-content\/uploads\/2015\/08\/DSCN2571-www.jpg 1024w\" sizes=\"auto, (max-width: 300px) 100vw, 300px\" \/><\/a>Owiane histori\u0105 miejsce wi\u0105\u017ce si\u0119 z trzema hipotezami jego powstania. Wed\u0142ug pierwszej \u2013 wile\u0144skiej legendy \u2013 krzy\u017ce po\u015bwi\u0119cone by\u0142y pami\u0119ci siedmiu zamordowanych tu franciszkan\u00f3w za czas\u00f3w Olgierda. Czterech z nich str\u0105cono do w pobli\u017cu p\u0142yn\u0105cej rzeki Wilenki, natomiast trzy krzy\u017ce z cia\u0142ami m\u0119czennik\u00f3w ustawiono na g\u00f3rze. Druga hipoteza t\u0142umaczy, \u017ce krzy\u017ce wzniesiono po przyj\u0119ciu chrztu przez Litw\u0119, aby wyruszaj\u0105cy na Wilno Krzy\u017cacy mogli z daleka widzie\u0107 chrze\u015bcija\u0144skie symbole. Wed\u0142ug ostatniej teorii krzy\u017ce ustawiono w podzi\u0119ce za ust\u0105pienie zarazy.<\/p>\n<p><strong>Ko\u015bci\u00f3\u0142 <\/strong><b>\u015bw. Anny<a href=\"http:\/\/www.milosnicylasu.olsztyn.pl\/wp-content\/uploads\/2015\/08\/DSCN2573-www.jpg\" data-rel=\"lightbox-image-10\" data-magnific_type=\"image\" data-rl_title=\"\" data-rl_caption=\"\" title=\"\"><img loading=\"lazy\" decoding=\"async\" class=\"alignleft size-medium wp-image-2118\" alt=\"DSCN2573-www\" src=\"http:\/\/www.milosnicylasu.olsztyn.pl\/wp-content\/uploads\/2015\/08\/DSCN2573-www-300x225.jpg\" width=\"300\" height=\"225\" srcset=\"https:\/\/www.milosnicylasu.olsztyn.pl\/wp-content\/uploads\/2015\/08\/DSCN2573-www-300x225.jpg 300w, https:\/\/www.milosnicylasu.olsztyn.pl\/wp-content\/uploads\/2015\/08\/DSCN2573-www-400x300.jpg 400w, https:\/\/www.milosnicylasu.olsztyn.pl\/wp-content\/uploads\/2015\/08\/DSCN2573-www.jpg 1024w\" sizes=\"auto, (max-width: 300px) 100vw, 300px\" \/><\/a><\/b>. Dzieje tej \u015bwi\u0105tyni by\u0142y bardzo burzliwe. Ufundowa\u0107 mia\u0142 j\u0105 Aleksander Jagiello\u0144czyk, a zaprojektowa\u0107 architekt Benedykt Rejt. W XVI wieku ko\u015bci\u00f3\u0142 znalaz\u0142 si\u0119 na pewien czas w r\u0119kach protestant\u00f3w, a nast\u0119pnie przej\u0119li go bernardyni. \u015awi\u0105tyni\u0119 strawi\u0142 po\u017car, a odbudowa nast\u0105pi\u0142a za czas\u00f3w Zygmunta Augusta, Kiedy to wzniesiono j\u0105 na nowo w stylu gotyckim. Wsp\u00f3\u0142cze\u015bnie ko\u015bci\u00f3\u0142 \u015bw. Anny stanowi osobliw\u0105 mieszanin\u0119 styl\u00f3w, po\u015br\u00f3d kt\u00f3rych dominuje niderlandzki gotyk, styl neogotycki z XIX wieku oraz p\u00f3\u017any barok charakterystyczny zw\u0142aszcza dla trzech o\u0142tarzy.<\/p>\n<p>&nbsp;<\/p>\n<p>&nbsp;<\/p>\n<p>&nbsp;<\/p>\n<p><span style=\"color: #000000; font-style: normal; line-height: 24.375px;\">\u00a0<\/span><\/td>\n<\/tr>\n<\/tbody>\n<\/table>\n","protected":false},"excerpt":{"rendered":"<p>&nbsp; W lipcu, z grup\u0105 uczestnik\u00f3w pleneru malarskiego w Go\u0142dapi, odwiedzili\u015bmy Wilno. Wi\u0119kszo\u015b\u0107 cz\u0142onk\u00f3w Ko\u0142a na pewno by\u0142a w Wilnie, ale tak dla przypomnienia par\u0119 fakt\u00f3w i troch\u0119 zdj\u0119\u0107&#8230;..Wilno &#8211; stolica pa\u0144stwa, miasto po\u0142o\u017cone nad Wili\u0105 i u uj\u015bcia Wilejki. Jest to wa\u017cny o\u015brodek przemys\u0142owy i kulturalny, najwi\u0119ksze skupisko Polonii na ziemi litewskiej. Wilno przez [&hellip;]<\/p>\n","protected":false},"author":1,"featured_media":2112,"comment_status":"open","ping_status":"open","sticky":false,"template":"","format":"standard","meta":{"footnotes":""},"categories":[1,9,5],"tags":[],"class_list":["post-2106","post","type-post","status-publish","format-standard","has-post-thumbnail","hentry","category-bez-kategorii","category-ciekawostki","category-wycieczki"],"_links":{"self":[{"href":"https:\/\/www.milosnicylasu.olsztyn.pl\/index.php?rest_route=\/wp\/v2\/posts\/2106","targetHints":{"allow":["GET"]}}],"collection":[{"href":"https:\/\/www.milosnicylasu.olsztyn.pl\/index.php?rest_route=\/wp\/v2\/posts"}],"about":[{"href":"https:\/\/www.milosnicylasu.olsztyn.pl\/index.php?rest_route=\/wp\/v2\/types\/post"}],"author":[{"embeddable":true,"href":"https:\/\/www.milosnicylasu.olsztyn.pl\/index.php?rest_route=\/wp\/v2\/users\/1"}],"replies":[{"embeddable":true,"href":"https:\/\/www.milosnicylasu.olsztyn.pl\/index.php?rest_route=%2Fwp%2Fv2%2Fcomments&post=2106"}],"version-history":[{"count":5,"href":"https:\/\/www.milosnicylasu.olsztyn.pl\/index.php?rest_route=\/wp\/v2\/posts\/2106\/revisions"}],"predecessor-version":[{"id":2123,"href":"https:\/\/www.milosnicylasu.olsztyn.pl\/index.php?rest_route=\/wp\/v2\/posts\/2106\/revisions\/2123"}],"wp:featuredmedia":[{"embeddable":true,"href":"https:\/\/www.milosnicylasu.olsztyn.pl\/index.php?rest_route=\/wp\/v2\/media\/2112"}],"wp:attachment":[{"href":"https:\/\/www.milosnicylasu.olsztyn.pl\/index.php?rest_route=%2Fwp%2Fv2%2Fmedia&parent=2106"}],"wp:term":[{"taxonomy":"category","embeddable":true,"href":"https:\/\/www.milosnicylasu.olsztyn.pl\/index.php?rest_route=%2Fwp%2Fv2%2Fcategories&post=2106"},{"taxonomy":"post_tag","embeddable":true,"href":"https:\/\/www.milosnicylasu.olsztyn.pl\/index.php?rest_route=%2Fwp%2Fv2%2Ftags&post=2106"}],"curies":[{"name":"wp","href":"https:\/\/api.w.org\/{rel}","templated":true}]}}