{"id":2124,"date":"2015-08-28T12:26:56","date_gmt":"2015-08-28T10:26:56","guid":{"rendered":"http:\/\/www.milosnicylasu.olsztyn.pl\/?p=2124"},"modified":"2015-08-28T12:26:56","modified_gmt":"2015-08-28T10:26:56","slug":"sladami-mickiewicza-i-slowackiego-w-wilnie","status":"publish","type":"post","link":"https:\/\/www.milosnicylasu.olsztyn.pl\/?p=2124","title":{"rendered":"\u015aladami Mickiewicza i S\u0142owackiego w Wilnie"},"content":{"rendered":"<p><a href=\"http:\/\/www.milosnicylasu.olsztyn.pl\/wp-content\/uploads\/2015\/08\/DSCN2469-www.jpg\" data-rel=\"lightbox-image-0\" data-magnific_type=\"image\" data-rl_title=\"\" data-rl_caption=\"\" title=\"\"><img loading=\"lazy\" decoding=\"async\" class=\"alignleft size-medium wp-image-2127\" alt=\"DSCN2469-www\" src=\"http:\/\/www.milosnicylasu.olsztyn.pl\/wp-content\/uploads\/2015\/08\/DSCN2469-www-300x225.jpg\" width=\"300\" height=\"225\" srcset=\"https:\/\/www.milosnicylasu.olsztyn.pl\/wp-content\/uploads\/2015\/08\/DSCN2469-www-300x225.jpg 300w, https:\/\/www.milosnicylasu.olsztyn.pl\/wp-content\/uploads\/2015\/08\/DSCN2469-www-400x300.jpg 400w, https:\/\/www.milosnicylasu.olsztyn.pl\/wp-content\/uploads\/2015\/08\/DSCN2469-www.jpg 1024w\" sizes=\"auto, (max-width: 300px) 100vw, 300px\" \/><\/a>Adam Mickiewicz do Wilna z Nowogr\u00f3dka przyjecha\u0142 bryczk\u0105 24 wrze\u015bnia 1815 roku, by podj\u0105\u0107 studia na Uniwersytecie Wile\u0144skim, na uczelni, kt\u00f3ra prze\u017cywa\u0142a okres rozkwitu, na kt\u00f3rej wyk\u0142ady prowadzili znani w ca\u0142ej Europie profesorzy. A 5 listopada 1824 roku, po wyroku w sprawie filomat\u00f3w i filaret\u00f3w, w rosyjskiej kibitce Mickiewicz opu\u015bci\u0142 Wilno na zawsze.<\/p>\n<p><a href=\"http:\/\/www.milosnicylasu.olsztyn.pl\/wp-content\/uploads\/2015\/08\/DSCN2428-www.jpg\" data-rel=\"lightbox-image-1\" data-magnific_type=\"image\" data-rl_title=\"\" data-rl_caption=\"\" title=\"\"><img loading=\"lazy\" decoding=\"async\" class=\"alignleft size-medium wp-image-2125\" alt=\"DSCN2428-www\" src=\"http:\/\/www.milosnicylasu.olsztyn.pl\/wp-content\/uploads\/2015\/08\/DSCN2428-www-300x225.jpg\" width=\"300\" height=\"225\" srcset=\"https:\/\/www.milosnicylasu.olsztyn.pl\/wp-content\/uploads\/2015\/08\/DSCN2428-www-300x225.jpg 300w, https:\/\/www.milosnicylasu.olsztyn.pl\/wp-content\/uploads\/2015\/08\/DSCN2428-www-400x300.jpg 400w, https:\/\/www.milosnicylasu.olsztyn.pl\/wp-content\/uploads\/2015\/08\/DSCN2428-www.jpg 1024w\" sizes=\"auto, (max-width: 300px) 100vw, 300px\" \/><\/a>Wile\u0144scy przewodnicy policzyli, \u017ce na budynkach wile\u0144skiej star\u00f3wki jest siedem tablic pami\u0105tkowych w j\u0119zykach litewskim i polskim, przypominaj\u0105cych o obecno\u015bci wieszcza. Na terenie Uniwersytetu Wile\u0144skiego jest dziedziniec im. Adama Mickiewicza, w ko\u015bciele akademickim \u015bwi\u0119tych Jan\u00f3w jest popiersie poety \u2013 w tym miejscu prawdopodobnie Mickiewicz si\u0119 modli\u0142.<\/p>\n<p><a href=\"http:\/\/www.milosnicylasu.olsztyn.pl\/wp-content\/uploads\/2015\/08\/DSCN2429-www.jpg\" data-rel=\"lightbox-image-2\" data-magnific_type=\"image\" data-rl_title=\"\" data-rl_caption=\"\" title=\"\"><img loading=\"lazy\" decoding=\"async\" class=\"size-medium wp-image-2126 alignright\" alt=\"DSCN2429-www\" src=\"http:\/\/www.milosnicylasu.olsztyn.pl\/wp-content\/uploads\/2015\/08\/DSCN2429-www-300x225.jpg\" width=\"300\" height=\"225\" srcset=\"https:\/\/www.milosnicylasu.olsztyn.pl\/wp-content\/uploads\/2015\/08\/DSCN2429-www-300x225.jpg 300w, https:\/\/www.milosnicylasu.olsztyn.pl\/wp-content\/uploads\/2015\/08\/DSCN2429-www-400x300.jpg 400w, https:\/\/www.milosnicylasu.olsztyn.pl\/wp-content\/uploads\/2015\/08\/DSCN2429-www.jpg 1024w\" sizes=\"auto, (max-width: 300px) 100vw, 300px\" \/><\/a>W dawnym klasztorze bazylian\u00f3w jest tzw. cela Konrada, w kt\u00f3rej by\u0142 wi\u0119ziony poeta i gdzie toczy si\u0119 akcja trzeciej cz\u0119\u015bci \u201eDziad\u00f3w\u201d, jest muzeum Mickiewicza i jego pomnik.<\/p>\n<p>Mickiewicz jest obecny jest nie tylko na wile\u0144skiej star\u00f3wce. W Wilnie jest ulica Adama Mickiewicz, gimnazjum Adama Mickiewicza z polskim j\u0119zykiem nauczania, jest restauracja Pan Tadeusz, kt\u00f3ra si\u0119 znajduje w Domu Kultury Polskiej.<\/p>\n<p><a href=\"http:\/\/www.milosnicylasu.olsztyn.pl\/wp-content\/uploads\/2015\/08\/DSCN2550-www.jpg\" data-rel=\"lightbox-image-3\" data-magnific_type=\"image\" data-rl_title=\"\" data-rl_caption=\"\" title=\"\"><img loading=\"lazy\" decoding=\"async\" class=\"alignleft size-medium wp-image-2128\" alt=\"DSCN2550-www\" src=\"http:\/\/www.milosnicylasu.olsztyn.pl\/wp-content\/uploads\/2015\/08\/DSCN2550-www-300x225.jpg\" width=\"300\" height=\"225\" srcset=\"https:\/\/www.milosnicylasu.olsztyn.pl\/wp-content\/uploads\/2015\/08\/DSCN2550-www-300x225.jpg 300w, https:\/\/www.milosnicylasu.olsztyn.pl\/wp-content\/uploads\/2015\/08\/DSCN2550-www-400x300.jpg 400w, https:\/\/www.milosnicylasu.olsztyn.pl\/wp-content\/uploads\/2015\/08\/DSCN2550-www.jpg 1024w\" sizes=\"auto, (max-width: 300px) 100vw, 300px\" \/><\/a> <a href=\"http:\/\/www.milosnicylasu.olsztyn.pl\/wp-content\/uploads\/2015\/08\/DSCN2553-www.jpg\" data-rel=\"lightbox-image-4\" data-magnific_type=\"image\" data-rl_title=\"\" data-rl_caption=\"\" title=\"\"><img loading=\"lazy\" decoding=\"async\" class=\"alignleft size-medium wp-image-2129\" alt=\"DSCN2553-www\" src=\"http:\/\/www.milosnicylasu.olsztyn.pl\/wp-content\/uploads\/2015\/08\/DSCN2553-www-300x225.jpg\" width=\"300\" height=\"225\" srcset=\"https:\/\/www.milosnicylasu.olsztyn.pl\/wp-content\/uploads\/2015\/08\/DSCN2553-www-300x225.jpg 300w, https:\/\/www.milosnicylasu.olsztyn.pl\/wp-content\/uploads\/2015\/08\/DSCN2553-www-400x300.jpg 400w, https:\/\/www.milosnicylasu.olsztyn.pl\/wp-content\/uploads\/2015\/08\/DSCN2553-www.jpg 1024w\" sizes=\"auto, (max-width: 300px) 100vw, 300px\" \/><\/a>Zwi\u0105zki S\u0142owackiego z Wilnem nie s\u0105 tak g\u0142o\u015bne, jak te Mickiewicza, zapewne dlatego, \u017ce S\u0142owacki przebywa\u0142 w Wilnie tylko w latach wczesnej m\u0142odo\u015bci i dzieci\u0144stwa. Dlatego te\u017c nie ma zbyt wielu miejsc upami\u0119tniaj\u0105cych pobyt m\u0142odego Juliusza w mie\u015bcie.<\/p>\n<p>S\u0142owacki mieszka\u0142 w Wilnie dwukrotnie, za ka\u017cdym razem sprowadzaj\u0105c si\u0119 tu z rodzin\u0105 \u2013 najpierw z matk\u0105 i ojcem, gdy ten otrzyma\u0142 posad\u0119 na Uniwersytecie (Juliusz mia\u0142 wtedy 2 lata). Jednak gdy trzy lata p\u00f3\u017aniej ojciec umiera, matka z synem wyprowadzaj\u0105 si\u0119 z Wilna. Wracaj\u0105 tu ponownie w 1819 r., gdy matka ponownie wychodzi za m\u0105\u017c \u2013 tak\u017ce za profesora miejscowego Uniwersytetu.<\/p>\n<p>S\u0142owacki uko\u0144czy\u0142 w Wilnie gimnazjum. W 1824 r. od uderzenia pioruna ginie we w\u0142asnym domu (!) ojczym poety, uwieczniony potem przez Mickiewicza w \u201eDziadach\u201d. Obaj zreszt\u0105 spotykali si\u0119 ze sob\u0105 w Wilnie. Dom, w kt\u00f3rym mieszka\u0142 S\u0142owacki (ul.Zamkowa) jest dzi\u015b oznaczony wizerunkiem poety \u2013 nie\u0142atwo do niego trafi\u0107, oznaczenie domu znajduje si\u0119 od strony podw\u00f3rza, niewidoczne z ulicy<\/p>\n<p>S\u0142owacki zd\u0105\u017cy\u0142 jeszcze w Wilnie uko\u0144czy\u0107 Uniwersytet (1828 r.), po czym wyjecha\u0142 z miasta na zawsze. Mieszka\u0142 wi\u0119c tu d\u0142u\u017cej od Mickiewicza, cho\u0107 pami\u0105tek po tym drugim jest w Wilnie zdecydowanie wi\u0119cej. No i Mickiewicz pozostawi\u0142 w swojej tw\u00f3rczo\u015bci wiele \u015blad\u00f3w z Wilna, w przeciwie\u0144stwie do S\u0142owackiego.<\/p>\n","protected":false},"excerpt":{"rendered":"<p>Adam Mickiewicz do Wilna z Nowogr\u00f3dka przyjecha\u0142 bryczk\u0105 24 wrze\u015bnia 1815 roku, by podj\u0105\u0107 studia na Uniwersytecie Wile\u0144skim, na uczelni, kt\u00f3ra prze\u017cywa\u0142a okres rozkwitu, na kt\u00f3rej wyk\u0142ady prowadzili znani w ca\u0142ej Europie profesorzy. A 5 listopada 1824 roku, po wyroku w sprawie filomat\u00f3w i filaret\u00f3w, w rosyjskiej kibitce Mickiewicz opu\u015bci\u0142 Wilno na zawsze. Wile\u0144scy przewodnicy [&hellip;]<\/p>\n","protected":false},"author":1,"featured_media":0,"comment_status":"open","ping_status":"open","sticky":false,"template":"","format":"standard","meta":{"footnotes":""},"categories":[1,9,5],"tags":[],"class_list":["post-2124","post","type-post","status-publish","format-standard","hentry","category-bez-kategorii","category-ciekawostki","category-wycieczki"],"_links":{"self":[{"href":"https:\/\/www.milosnicylasu.olsztyn.pl\/index.php?rest_route=\/wp\/v2\/posts\/2124","targetHints":{"allow":["GET"]}}],"collection":[{"href":"https:\/\/www.milosnicylasu.olsztyn.pl\/index.php?rest_route=\/wp\/v2\/posts"}],"about":[{"href":"https:\/\/www.milosnicylasu.olsztyn.pl\/index.php?rest_route=\/wp\/v2\/types\/post"}],"author":[{"embeddable":true,"href":"https:\/\/www.milosnicylasu.olsztyn.pl\/index.php?rest_route=\/wp\/v2\/users\/1"}],"replies":[{"embeddable":true,"href":"https:\/\/www.milosnicylasu.olsztyn.pl\/index.php?rest_route=%2Fwp%2Fv2%2Fcomments&post=2124"}],"version-history":[{"count":1,"href":"https:\/\/www.milosnicylasu.olsztyn.pl\/index.php?rest_route=\/wp\/v2\/posts\/2124\/revisions"}],"predecessor-version":[{"id":2130,"href":"https:\/\/www.milosnicylasu.olsztyn.pl\/index.php?rest_route=\/wp\/v2\/posts\/2124\/revisions\/2130"}],"wp:attachment":[{"href":"https:\/\/www.milosnicylasu.olsztyn.pl\/index.php?rest_route=%2Fwp%2Fv2%2Fmedia&parent=2124"}],"wp:term":[{"taxonomy":"category","embeddable":true,"href":"https:\/\/www.milosnicylasu.olsztyn.pl\/index.php?rest_route=%2Fwp%2Fv2%2Fcategories&post=2124"},{"taxonomy":"post_tag","embeddable":true,"href":"https:\/\/www.milosnicylasu.olsztyn.pl\/index.php?rest_route=%2Fwp%2Fv2%2Ftags&post=2124"}],"curies":[{"name":"wp","href":"https:\/\/api.w.org\/{rel}","templated":true}]}}