{"id":214,"date":"2013-04-14T10:13:31","date_gmt":"2013-04-14T08:13:31","guid":{"rendered":"http:\/\/www.milosnicylasu.olsztyn.pl\/?p=214"},"modified":"2013-04-23T09:37:13","modified_gmt":"2013-04-23T07:37:13","slug":"odwiedzilismy-kudypy","status":"publish","type":"post","link":"https:\/\/www.milosnicylasu.olsztyn.pl\/?p=214","title":{"rendered":"Odwiedzili\u015bmy Kudypy"},"content":{"rendered":"<p><a href=\"http:\/\/www.milosnicylasu.olsztyn.pl\/wp-content\/uploads\/2013\/04\/P4130083-www.jpg\" data-rel=\"lightbox-image-0\" data-magnific_type=\"image\" data-rl_title=\"\" data-rl_caption=\"\" title=\"\"><img loading=\"lazy\" decoding=\"async\" class=\"alignleft size-medium wp-image-274\" alt=\"P4130083-www\" src=\"http:\/\/www.milosnicylasu.olsztyn.pl\/wp-content\/uploads\/2013\/04\/P4130083-www-300x168.jpg\" width=\"300\" height=\"168\" srcset=\"https:\/\/www.milosnicylasu.olsztyn.pl\/wp-content\/uploads\/2013\/04\/P4130083-www-300x168.jpg 300w, https:\/\/www.milosnicylasu.olsztyn.pl\/wp-content\/uploads\/2013\/04\/P4130083-www-500x281.jpg 500w, https:\/\/www.milosnicylasu.olsztyn.pl\/wp-content\/uploads\/2013\/04\/P4130083-www.jpg 1024w\" sizes=\"auto, (max-width: 300px) 100vw, 300px\" \/><\/a>Pi\u0119kna pogoda, jeszcze troch\u0119 zimowa sceneria towarzyszy\u0142a nam w czasie sobotniego spaceru z Dajtek do Kudyp. Niestety, arboretum jest jeszcze zamkni\u0119te \/do ko\u0144ca kwietnia\/, ale przeszli\u015bmy dalej &#8211; do &#8222;miejsca mocy&#8221;, gdzie Tolek Leszczy\u0144ski pomaga\u0142 nam sprawdzi\u0107 nasze predyspozycje radiestecyzyjne na by\u0142ym wyrobisku torfowym. Wynika z tego, \u017ce s\u0105 w naszym Kole osoby, kt\u00f3re maj\u0105 takie zdolno\u015bci. Mamy nadziej\u0119,\u017ce wkr\u00f3tce zacznie dzia\u0142a\u0107 sekcja zajmuj\u0105ca si\u0119 tymi ciekawymi zjawiskami.<\/p>\n<p>&nbsp;<\/p>\n","protected":false},"excerpt":{"rendered":"<p>Pi\u0119kna pogoda, jeszcze troch\u0119 zimowa sceneria towarzyszy\u0142a nam w czasie sobotniego spaceru z Dajtek do Kudyp. Niestety, arboretum jest jeszcze zamkni\u0119te \/do ko\u0144ca kwietnia\/, ale przeszli\u015bmy dalej &#8211; do &#8222;miejsca mocy&#8221;, gdzie Tolek Leszczy\u0144ski pomaga\u0142 nam sprawdzi\u0107 nasze predyspozycje radiestecyzyjne na by\u0142ym wyrobisku torfowym. Wynika z tego, \u017ce s\u0105 w naszym Kole osoby, kt\u00f3re maj\u0105 [&hellip;]<\/p>\n","protected":false},"author":1,"featured_media":0,"comment_status":"open","ping_status":"open","sticky":false,"template":"","format":"standard","meta":{"footnotes":""},"categories":[1,2],"tags":[],"class_list":["post-214","post","type-post","status-publish","format-standard","hentry","category-bez-kategorii","category-rajdy"],"_links":{"self":[{"href":"https:\/\/www.milosnicylasu.olsztyn.pl\/index.php?rest_route=\/wp\/v2\/posts\/214","targetHints":{"allow":["GET"]}}],"collection":[{"href":"https:\/\/www.milosnicylasu.olsztyn.pl\/index.php?rest_route=\/wp\/v2\/posts"}],"about":[{"href":"https:\/\/www.milosnicylasu.olsztyn.pl\/index.php?rest_route=\/wp\/v2\/types\/post"}],"author":[{"embeddable":true,"href":"https:\/\/www.milosnicylasu.olsztyn.pl\/index.php?rest_route=\/wp\/v2\/users\/1"}],"replies":[{"embeddable":true,"href":"https:\/\/www.milosnicylasu.olsztyn.pl\/index.php?rest_route=%2Fwp%2Fv2%2Fcomments&post=214"}],"version-history":[{"count":6,"href":"https:\/\/www.milosnicylasu.olsztyn.pl\/index.php?rest_route=\/wp\/v2\/posts\/214\/revisions"}],"predecessor-version":[{"id":217,"href":"https:\/\/www.milosnicylasu.olsztyn.pl\/index.php?rest_route=\/wp\/v2\/posts\/214\/revisions\/217"}],"wp:attachment":[{"href":"https:\/\/www.milosnicylasu.olsztyn.pl\/index.php?rest_route=%2Fwp%2Fv2%2Fmedia&parent=214"}],"wp:term":[{"taxonomy":"category","embeddable":true,"href":"https:\/\/www.milosnicylasu.olsztyn.pl\/index.php?rest_route=%2Fwp%2Fv2%2Fcategories&post=214"},{"taxonomy":"post_tag","embeddable":true,"href":"https:\/\/www.milosnicylasu.olsztyn.pl\/index.php?rest_route=%2Fwp%2Fv2%2Ftags&post=214"}],"curies":[{"name":"wp","href":"https:\/\/api.w.org\/{rel}","templated":true}]}}