{"id":2158,"date":"2015-10-04T21:27:55","date_gmt":"2015-10-04T19:27:55","guid":{"rendered":"http:\/\/www.milosnicylasu.olsztyn.pl\/?p=2158"},"modified":"2015-10-04T21:28:40","modified_gmt":"2015-10-04T19:28:40","slug":"zawiadomienie","status":"publish","type":"post","link":"https:\/\/www.milosnicylasu.olsztyn.pl\/?p=2158","title":{"rendered":"Zawiadomienie"},"content":{"rendered":"<p align=\"center\"><b><span style=\"text-decoration: underline;\">ZAWIADOMIENIE<\/span><\/b><\/p>\n<p align=\"center\"><b>ZARZ\u0104DU\u00a0 KO\u0141A\u00a0 MI\u0141O\u015aNIK\u00d3W\u00a0 LASU\u00a0 I\u00a0 MILITARI\u00d3W\u00a0 LIGI\u00a0 OBRONY\u00a0 KRAJU <\/b><\/p>\n<p align=\"center\"><b>przy\u00a0 AKADEMII\u00a0 TRZECIEGO\u00a0 WIEKU\u00a0 w\u00a0 OLSZTYNIE.<\/b><\/p>\n<p><b>\u00a0 \u00a0 \u00a0 \u00a0 \u00a0 \u00a0 \u00a0 \u00a0 \u00a0 \u00a0 \u00a0 \u00a0 \u00a0 \u00a0 \u00a0 \u00a0 \u00a0 \u00a0 \u00a0 \u00a0 \u00a0 \u00a0 \u00a0 \u00a0 \u00a0 \u00a0 z a w i a d a m i a,<\/b><\/p>\n<p>\u017ce w dniu <b>5 listopada 2015<\/b> r.<\/p>\n<p align=\"center\">w sali konferencyjnej Regionalnej\u00a0 Dyrekcji\u00a0 Las\u00f3w Pa\u0144stwowych w Olsztynie, odb\u0119dzie si\u0119<\/p>\n<p align=\"center\">\u00a0<b>Walne Zebranie Sprawozdawczo &#8211; wyborcze<\/b><\/p>\n<p><b>\u00a0\u00a0\u00a0\u00a0\u00a0\u00a0\u00a0\u00a0\u00a0\u00a0\u00a0\u00a0\u00a0\u00a0\u00a0\u00a0\u00a0\u00a0\u00a0\u00a0\u00a0\u00a0\u00a0\u00a0\u00a0\u00a0\u00a0\u00a0\u00a0\u00a0\u00a0\u00a0\u00a0\u00a0\u00a0\u00a0\u00a0\u00a0\u00a0\u00a0\u00a0\u00a0\u00a0\u00a0\u00a0\u00a0\u00a0\u00a0\u00a0\u00a0\u00a0\u00a0\u00a0\u00a0\u00a0\u00a0\u00a0\u00a0\u00a0\u00a0\u00a0\u00a0\u00a0\u00a0\u00a0\u00a0\u00a0\u00a0\u00a0\u00a0\u00a0\u00a0\u00a0\u00a0\u00a0\u00a0\u00a0\u00a0\u00a0\u00a0\u00a0\u00a0\u00a0\u00a0\u00a0\u00a0\u00a0\u00a0\u00a0\u00a0\u00a0\u00a0\u00a0\u00a0\u00a0\u00a0\u00a0\u00a0\u00a0\u00a0\u00a0\u00a0\u00a0\u00a0\u00a0\u00a0\u00a0\u00a0\u00a0\u00a0\u00a0\u00a0\u00a0\u00a0\u00a0\u00a0\u00a0\u00a0\u00a0\u00a0\u00a0\u00a0\u00a0\u00a0\u00a0\u00a0\u00a0\u00a0\u00a0\u00a0\u00a0\u00a0\u00a0\u00a0\u00a0\u00a0\u00a0\u00a0\u00a0\u00a0\u00a0\u00a0\u00a0\u00a0\u00a0\u00a0\u00a0\u00a0\u00a0\u00a0\u00a0\u00a0\u00a0\u00a0\u00a0\u00a0\u00a0\u00a0\u00a0\u00a0\u00a0\u00a0\u00a0\u00a0\u00a0\u00a0 <\/b><\/p>\n<p align=\"center\">Pocz\u0105tek obrad Walnego Zebrania Sprawozdawczo \u2013 wyborczego<b> <\/b>w<b>\u00a0 I \u2013 szym <\/b>\u00a0terminie<\/p>\n<p align=\"center\">\u00a0godz.\u00a0 <b>15<sup>00<\/sup><\/b><\/p>\n<p align=\"center\">W przypadku braku wymaganej ilo\u015bci cz\u0142onk\u00f3w ko\u0142a, Walne Zebranie odb\u0119dzie si\u0119<\/p>\n<p align=\"center\">w <b>II &#8211; gim<\/b> terminie o godz.\u00a0 <b>15<sup>15<\/sup><\/b>.<\/p>\n<p>Zgodnie\u00a0 z\u00a0 rozdzia\u0142em IV\u00a0 pkt.5 Statutu Ligi Obrony Kraju uchwa\u0142y Walnego Zebrania odbytego w II \u2013 gim terminie s\u0105 wa\u017cne bez wzgl\u0119du na liczb\u0119 cz\u0142onk\u00f3w ko\u0142a obecnych<\/p>\n<p>na zebraniu.<\/p>\n<p align=\"center\"><b>Proponowany porz\u0105dek obrad.<\/b><\/p>\n<p align=\"center\"><b>\u00a0<\/b><\/p>\n<p><b>Porz\u0105dek zebrania:<\/b><\/p>\n<ol>\n<li>Otwarcie zebrania.<\/li>\n<li>Wyb\u00f3r Przewodnicz\u0105cego\u00a0 i Prezydium Zebrania.<\/li>\n<li>Przyj\u0119cie regulaminu zebrania.<\/li>\n<li>Zatwierdzenie porz\u0105dku obrad.<\/li>\n<li>Wyb\u00f3r sekretarza zebrania.<\/li>\n<li>Wyb\u00f3r Komisji Mandatowej, Komisji Skrutacyjnej Komisji Wyborczej, Komisji Uchwa\u0142 i Wniosk\u00f3w<\/li>\n<li>Sprawozdanie Komisji Mandatowej stwierdzaj\u0105cej prawomocno\u015b\u0107 obrad.<\/li>\n<li>Sprawozdanie Zarz\u0105du Ko\u0142a z\u00a0 dzia\u0142alno\u015bci za 2010 \u2013 2015 r.<\/li>\n<li>Sprawozdanie Komisji Rewizyjnej.<\/li>\n<li>Dyskusja.<\/li>\n<li>Zatwierdzenie sprawozda\u0144 z dzia\u0142alno\u015bci Zarz\u0105du i udzielenie absolutorium<\/li>\n<\/ol>\n<p>ust\u0119puj\u0105cemu Zarz\u0105dowi\u00a0 Kola<\/p>\n<p>12. Wybory:<\/p>\n<p>&#8211; wyb\u00f3r Prezesa ko\u0142a<\/p>\n<p>&#8211; wyb\u00f3r Zarz\u0105du kola<\/p>\n<p>&#8211; wyb\u00f3r Komisji Rewizyjnej<\/p>\n<p>13. Podj\u0119cie uchwa\u0142<\/p>\n<p>14.Uchwalenie programu dzia\u0142ania na nast\u0119pn\u0105 kadencj\u0119.<\/p>\n<p>15.Wyb\u00f3r Delegat\u00f3w na Walne Zebranie sprawozdawczo \u2013wyborcze Powiatowego \u00a0 \u00a0 \u00a0 Zarz\u0105du \u00a0LOK w Olsztynie<\/p>\n<p>16. Sprawy r\u00f3\u017cne.<\/p>\n<p>17. Zako\u0144czenie obrad.<\/p>\n<p><b>\u00a0 \u00a0 \u00a0 \u00a0 \u00a0 \u00a0 \u00a0 \u00a0 \u00a0 \u00a0 \u00a0 \u00a0 \u00a0 \u00a0 \u00a0ZARZ\u0104D\u00a0 KO\u0141A\u00a0 MI\u0141O\u015aNIK\u00d3W\u00a0 LASU \u00a0 \u00a0I\u00a0 MILITARI\u00d3W<\/b><\/p>\n<p align=\"center\"><b>LIGI\u00a0 OBRONY\u00a0 KRAJU przy\u00a0 ATW\u00a0 w\u00a0 OLSZTYNIE<\/b><b> <\/b><b><\/b><\/p>\n<p>&nbsp;<\/p>\n","protected":false},"excerpt":{"rendered":"<p>ZAWIADOMIENIE ZARZ\u0104DU\u00a0 KO\u0141A\u00a0 MI\u0141O\u015aNIK\u00d3W\u00a0 LASU\u00a0 I\u00a0 MILITARI\u00d3W\u00a0 LIGI\u00a0 OBRONY\u00a0 KRAJU przy\u00a0 AKADEMII\u00a0 TRZECIEGO\u00a0 WIEKU\u00a0 w\u00a0 OLSZTYNIE. \u00a0 \u00a0 \u00a0 \u00a0 \u00a0 \u00a0 \u00a0 \u00a0 \u00a0 \u00a0 \u00a0 \u00a0 \u00a0 \u00a0 \u00a0 \u00a0 \u00a0 \u00a0 \u00a0 \u00a0 \u00a0 \u00a0 \u00a0 \u00a0 \u00a0 \u00a0 z a w i a d a m i a, \u017ce w dniu [&hellip;]<\/p>\n","protected":false},"author":1,"featured_media":0,"comment_status":"open","ping_status":"open","sticky":false,"template":"","format":"standard","meta":{"footnotes":""},"categories":[1,3],"tags":[],"class_list":["post-2158","post","type-post","status-publish","format-standard","hentry","category-bez-kategorii","category-zebrania"],"_links":{"self":[{"href":"https:\/\/www.milosnicylasu.olsztyn.pl\/index.php?rest_route=\/wp\/v2\/posts\/2158","targetHints":{"allow":["GET"]}}],"collection":[{"href":"https:\/\/www.milosnicylasu.olsztyn.pl\/index.php?rest_route=\/wp\/v2\/posts"}],"about":[{"href":"https:\/\/www.milosnicylasu.olsztyn.pl\/index.php?rest_route=\/wp\/v2\/types\/post"}],"author":[{"embeddable":true,"href":"https:\/\/www.milosnicylasu.olsztyn.pl\/index.php?rest_route=\/wp\/v2\/users\/1"}],"replies":[{"embeddable":true,"href":"https:\/\/www.milosnicylasu.olsztyn.pl\/index.php?rest_route=%2Fwp%2Fv2%2Fcomments&post=2158"}],"version-history":[{"count":2,"href":"https:\/\/www.milosnicylasu.olsztyn.pl\/index.php?rest_route=\/wp\/v2\/posts\/2158\/revisions"}],"predecessor-version":[{"id":2161,"href":"https:\/\/www.milosnicylasu.olsztyn.pl\/index.php?rest_route=\/wp\/v2\/posts\/2158\/revisions\/2161"}],"wp:attachment":[{"href":"https:\/\/www.milosnicylasu.olsztyn.pl\/index.php?rest_route=%2Fwp%2Fv2%2Fmedia&parent=2158"}],"wp:term":[{"taxonomy":"category","embeddable":true,"href":"https:\/\/www.milosnicylasu.olsztyn.pl\/index.php?rest_route=%2Fwp%2Fv2%2Fcategories&post=2158"},{"taxonomy":"post_tag","embeddable":true,"href":"https:\/\/www.milosnicylasu.olsztyn.pl\/index.php?rest_route=%2Fwp%2Fv2%2Ftags&post=2158"}],"curies":[{"name":"wp","href":"https:\/\/api.w.org\/{rel}","templated":true}]}}