{"id":2162,"date":"2015-10-05T07:56:53","date_gmt":"2015-10-05T05:56:53","guid":{"rendered":"http:\/\/www.milosnicylasu.olsztyn.pl\/?p=2162"},"modified":"2015-10-05T08:03:24","modified_gmt":"2015-10-05T06:03:24","slug":"pierwsze-spotkanie-po-wakacjach","status":"publish","type":"post","link":"https:\/\/www.milosnicylasu.olsztyn.pl\/?p=2162","title":{"rendered":"Pierwsze spotkanie po wakacjach"},"content":{"rendered":"<p>1 pa\u017adziernika 2015 r., w RDLP w Olsztynie odby\u0142o si\u0119 zebranie naszego Ko\u0142a. Po tak d\u0142ugiej przerwie, chyba zat\u0119sknili\u015bmy do siebie, bo przysz\u0142o bardzo du\u017co os\u00f3b, w tym te\u017c osoby zaproszone.<a href=\"http:\/\/www.milosnicylasu.olsztyn.pl\/wp-content\/uploads\/2015\/10\/DSCN4179-www.jpg\" data-rel=\"lightbox-image-0\" data-magnific_type=\"image\" data-rl_title=\"\" data-rl_caption=\"\" title=\"\"><img loading=\"lazy\" decoding=\"async\" class=\"alignleft size-medium wp-image-2163\" alt=\"DSCN4179-www\" src=\"http:\/\/www.milosnicylasu.olsztyn.pl\/wp-content\/uploads\/2015\/10\/DSCN4179-www-300x225.jpg\" width=\"300\" height=\"225\" srcset=\"https:\/\/www.milosnicylasu.olsztyn.pl\/wp-content\/uploads\/2015\/10\/DSCN4179-www-300x225.jpg 300w, https:\/\/www.milosnicylasu.olsztyn.pl\/wp-content\/uploads\/2015\/10\/DSCN4179-www-400x300.jpg 400w, https:\/\/www.milosnicylasu.olsztyn.pl\/wp-content\/uploads\/2015\/10\/DSCN4179-www.jpg 1024w\" sizes=\"auto, (max-width: 300px) 100vw, 300px\" \/><\/a><\/p>\n<p>Mi\u0142o nam by\u0142o go\u015bci\u0107 Pana Tadeusza Pampucha -prezesa Zarz\u0105du Wojew\u00f3dzkiego Ligi Ochrony Przyrody w Olsztynie i Pana Jerzego Kowalskiego &#8211; prezesa Zarz\u0105du Wojew\u00f3dzkiego \u00a0LOK w Olsztynie.<\/p>\n<p>Wyk\u0142adowc\u0105 by\u0142 pan Stanis\u0142aw Blonkowski &#8211; emerytowany pracownik Nadle\u015bnictwa Susz, kt\u00f3ry przed emerytur\u0105 by\u0142 zast\u0119pc\u0105 Nadle\u015bniczego. Przedstawi\u0142 temat &#8222;Hodowla selekcyjna drzew le\u015bnych na przyk\u0142adzie Nadle\u015bnictwa Susz&#8221;.<\/p>\n<p><a href=\"http:\/\/www.milosnicylasu.olsztyn.pl\/wp-content\/uploads\/2015\/10\/DSCN4172-www.jpg\" data-rel=\"lightbox-image-1\" data-magnific_type=\"image\" data-rl_title=\"\" data-rl_caption=\"\" title=\"\"><img loading=\"lazy\" decoding=\"async\" class=\"size-medium wp-image-2164 alignright\" alt=\"DSCN4172-www\" src=\"http:\/\/www.milosnicylasu.olsztyn.pl\/wp-content\/uploads\/2015\/10\/DSCN4172-www-300x225.jpg\" width=\"300\" height=\"225\" srcset=\"https:\/\/www.milosnicylasu.olsztyn.pl\/wp-content\/uploads\/2015\/10\/DSCN4172-www-300x225.jpg 300w, https:\/\/www.milosnicylasu.olsztyn.pl\/wp-content\/uploads\/2015\/10\/DSCN4172-www-400x300.jpg 400w, https:\/\/www.milosnicylasu.olsztyn.pl\/wp-content\/uploads\/2015\/10\/DSCN4172-www.jpg 1024w\" sizes=\"auto, (max-width: 300px) 100vw, 300px\" \/><\/a>Wyk\u0142ad by\u0142 bardzo interesuj\u0105cy. Pan Stanis\u0142aw,\u00a0<span style=\"color: #333333; font-style: normal; line-height: 24.375px;\">\u00a0<\/span><span style=\"color: #333333; font-style: normal; line-height: 24.375px;\">po wyk\u0142adzie, \u00a0\u00a0<\/span>d\u0142ugo jeszcze \u00a0odpowiada\u0142 na pytania naszych cz\u0142onk\u00f3w. Mi\u0142\u0105 niespodziank\u0105 by\u0142y albumy fotograficzne ze zdj\u0119ciami przyrody wykonanymi przez pana Stanis\u0142awa, kt\u00f3re otrzymali najaktywniejsi w dyskusji.<\/p>\n<p>Pan Tadeusz Pampuch te\u017c przygotowa\u0142 niespodziank\u0119, tym razem dla prezesa Ko\u0142a.<a href=\"http:\/\/www.milosnicylasu.olsztyn.pl\/wp-content\/uploads\/2015\/10\/DSCN4169-www.jpg\" data-rel=\"lightbox-image-2\" data-magnific_type=\"image\" data-rl_title=\"\" data-rl_caption=\"\" title=\"\"><img loading=\"lazy\" decoding=\"async\" class=\"alignleft size-medium wp-image-2165\" alt=\"DSCN4169-www\" src=\"http:\/\/www.milosnicylasu.olsztyn.pl\/wp-content\/uploads\/2015\/10\/DSCN4169-www-300x225.jpg\" width=\"300\" height=\"225\" srcset=\"https:\/\/www.milosnicylasu.olsztyn.pl\/wp-content\/uploads\/2015\/10\/DSCN4169-www-300x225.jpg 300w, https:\/\/www.milosnicylasu.olsztyn.pl\/wp-content\/uploads\/2015\/10\/DSCN4169-www-400x300.jpg 400w, https:\/\/www.milosnicylasu.olsztyn.pl\/wp-content\/uploads\/2015\/10\/DSCN4169-www.jpg 1024w\" sizes=\"auto, (max-width: 300px) 100vw, 300px\" \/><\/a><\/p>\n<p>Anatol Leszczy\u0144ski otrzyma\u0142 Srebrn\u0105 Odznak\u0119 Honorow\u0105 Ligi Ochrony Przyrody, przyznan\u0105 przez ZG LOP w Warszawie.<\/p>\n<p>Gratulujemy!<\/p>\n<p>&nbsp;<\/p>\n<p>&nbsp;<\/p>\n<p>W cz\u0119\u015bci organizacyjnej prezes Ko\u0142a przedstawi\u0142 wyniki konkursu o zio\u0142ach i wr\u0119czy\u0142 nagrody najlepszym znawcom zi\u00f3\u0142. A byli to nie tylko cz\u0142onkowie KMLiM. Poniewa\u017c konkurs by\u0142 internetowy, dowiedzieli\u015bmy si\u0119, \u017ce nasz\u0105 stron\u0119 czytaj\u0105 ludzie z Krakowa, z \u0141odzi&#8230;&#8230; Przypominamy, \u017ce pomys\u0142odawc\u0105 i sponsorem nagr\u00f3d \/p\u0142yty, ksi\u0105\u017cki\/ by\u0142 Pan Adam Siemakowicz. Dzi\u0119kujemy.<\/p>\n<p><a href=\"http:\/\/www.milosnicylasu.olsztyn.pl\/wp-content\/uploads\/2015\/10\/DSCN4181-www.jpg\" data-rel=\"lightbox-image-3\" data-magnific_type=\"image\" data-rl_title=\"\" data-rl_caption=\"\" title=\"\"><img loading=\"lazy\" decoding=\"async\" class=\"alignleft size-medium wp-image-2166\" alt=\"DSCN4181-www\" src=\"http:\/\/www.milosnicylasu.olsztyn.pl\/wp-content\/uploads\/2015\/10\/DSCN4181-www-300x225.jpg\" width=\"300\" height=\"225\" srcset=\"https:\/\/www.milosnicylasu.olsztyn.pl\/wp-content\/uploads\/2015\/10\/DSCN4181-www-300x225.jpg 300w, https:\/\/www.milosnicylasu.olsztyn.pl\/wp-content\/uploads\/2015\/10\/DSCN4181-www-400x300.jpg 400w, https:\/\/www.milosnicylasu.olsztyn.pl\/wp-content\/uploads\/2015\/10\/DSCN4181-www.jpg 1024w\" sizes=\"auto, (max-width: 300px) 100vw, 300px\" \/><\/a><\/p>\n<p>&nbsp;<\/p>\n<p>Uroczy\u015bcie, bo z r\u0105k prezesa Zarz\u0105du Wojew\u00f3dzkiego LOK legitymacj\u0119 cz\u0142onkowsk\u0105 naszego Ko\u0142a otrzyma\u0142 Czes\u0142aw Bu\u0144kowski.<\/p>\n<p>Cieszymy si\u0119, mamy nadziej\u0119,\u017ce b\u0119dzie dobrze czu\u0142 si\u0119 w naszym gronie. Jest to ju\u017c kolejna osoba z Barczewa, Czekamy na nast\u0119pne&#8230;.<\/p>\n<p>A co jeszcze w pa\u017adzierniku?<\/p>\n<p>Zapraszamy na sobotnie rajdy &#8211; 10 i 17, i na wyjazdow\u0105 edukacj\u0119 przyrodniczo-le\u015bn\u0105 24 pa\u017adziernika do Nadle\u015bnictwa Lidzbark.<\/p>\n<p>&nbsp;<\/p>\n<p>&nbsp;<\/p>\n<p>&nbsp;<\/p>\n<p>&nbsp;<\/p>\n","protected":false},"excerpt":{"rendered":"<p>1 pa\u017adziernika 2015 r., w RDLP w Olsztynie odby\u0142o si\u0119 zebranie naszego Ko\u0142a. Po tak d\u0142ugiej przerwie, chyba zat\u0119sknili\u015bmy do siebie, bo przysz\u0142o bardzo du\u017co os\u00f3b, w tym te\u017c osoby zaproszone. Mi\u0142o nam by\u0142o go\u015bci\u0107 Pana Tadeusza Pampucha -prezesa Zarz\u0105du Wojew\u00f3dzkiego Ligi Ochrony Przyrody w Olsztynie i Pana Jerzego Kowalskiego &#8211; prezesa Zarz\u0105du Wojew\u00f3dzkiego \u00a0LOK [&hellip;]<\/p>\n","protected":false},"author":1,"featured_media":0,"comment_status":"open","ping_status":"open","sticky":false,"template":"","format":"standard","meta":{"footnotes":""},"categories":[1,9,6,3],"tags":[],"class_list":["post-2162","post","type-post","status-publish","format-standard","hentry","category-bez-kategorii","category-ciekawostki","category-odznaczenia","category-zebrania"],"_links":{"self":[{"href":"https:\/\/www.milosnicylasu.olsztyn.pl\/index.php?rest_route=\/wp\/v2\/posts\/2162","targetHints":{"allow":["GET"]}}],"collection":[{"href":"https:\/\/www.milosnicylasu.olsztyn.pl\/index.php?rest_route=\/wp\/v2\/posts"}],"about":[{"href":"https:\/\/www.milosnicylasu.olsztyn.pl\/index.php?rest_route=\/wp\/v2\/types\/post"}],"author":[{"embeddable":true,"href":"https:\/\/www.milosnicylasu.olsztyn.pl\/index.php?rest_route=\/wp\/v2\/users\/1"}],"replies":[{"embeddable":true,"href":"https:\/\/www.milosnicylasu.olsztyn.pl\/index.php?rest_route=%2Fwp%2Fv2%2Fcomments&post=2162"}],"version-history":[{"count":3,"href":"https:\/\/www.milosnicylasu.olsztyn.pl\/index.php?rest_route=\/wp\/v2\/posts\/2162\/revisions"}],"predecessor-version":[{"id":2169,"href":"https:\/\/www.milosnicylasu.olsztyn.pl\/index.php?rest_route=\/wp\/v2\/posts\/2162\/revisions\/2169"}],"wp:attachment":[{"href":"https:\/\/www.milosnicylasu.olsztyn.pl\/index.php?rest_route=%2Fwp%2Fv2%2Fmedia&parent=2162"}],"wp:term":[{"taxonomy":"category","embeddable":true,"href":"https:\/\/www.milosnicylasu.olsztyn.pl\/index.php?rest_route=%2Fwp%2Fv2%2Fcategories&post=2162"},{"taxonomy":"post_tag","embeddable":true,"href":"https:\/\/www.milosnicylasu.olsztyn.pl\/index.php?rest_route=%2Fwp%2Fv2%2Ftags&post=2162"}],"curies":[{"name":"wp","href":"https:\/\/api.w.org\/{rel}","templated":true}]}}