{"id":2182,"date":"2015-10-09T07:07:58","date_gmt":"2015-10-09T05:07:58","guid":{"rendered":"http:\/\/www.milosnicylasu.olsztyn.pl\/?p=2182"},"modified":"2015-10-10T07:13:36","modified_gmt":"2015-10-10T05:13:36","slug":"jeszcze-troszeczke-lata","status":"publish","type":"post","link":"https:\/\/www.milosnicylasu.olsztyn.pl\/?p=2182","title":{"rendered":"Jeszcze troszeczk\u0119 lata"},"content":{"rendered":"<p><strong><i><span style=\"text-decoration: underline;\">&#8222;Jeszcze troszeczk\u0119 lata&#8230;&#8221; &#8211; Przymus Ryszard<\/span><\/i><\/strong><\/p>\n<p><a href=\"http:\/\/www.milosnicylasu.olsztyn.pl\/wp-content\/uploads\/2015\/10\/PA230080-www.jpg\" data-rel=\"lightbox-image-0\" data-magnific_type=\"image\" data-rl_title=\"\" data-rl_caption=\"\" title=\"\"><img loading=\"lazy\" decoding=\"async\" class=\"alignleft size-medium wp-image-2185\" alt=\"PA230080-www\" src=\"http:\/\/www.milosnicylasu.olsztyn.pl\/wp-content\/uploads\/2015\/10\/PA230080-www-300x225.jpg\" width=\"300\" height=\"225\" srcset=\"https:\/\/www.milosnicylasu.olsztyn.pl\/wp-content\/uploads\/2015\/10\/PA230080-www-300x225.jpg 300w, https:\/\/www.milosnicylasu.olsztyn.pl\/wp-content\/uploads\/2015\/10\/PA230080-www-400x300.jpg 400w, https:\/\/www.milosnicylasu.olsztyn.pl\/wp-content\/uploads\/2015\/10\/PA230080-www.jpg 1024w\" sizes=\"auto, (max-width: 300px) 100vw, 300px\" \/><\/a><\/p>\n<p>&nbsp;<\/p>\n<p>Jeszcze troszeczk\u0119 lata<br \/>\ni ju\u017c &#8211; troszeczk\u0119 jesieni.<br \/>\nJeszcze zieleni\u0105 si\u0119 li\u015bcie,<br \/>\nlecz kilka ju\u017c si\u0119 czerwieni&#8230;<a href=\"http:\/\/www.milosnicylasu.olsztyn.pl\/wp-content\/uploads\/2015\/10\/DSCN4046-www.jpg\" data-rel=\"lightbox-image-1\" data-magnific_type=\"image\" data-rl_title=\"\" data-rl_caption=\"\" title=\"\"><img loading=\"lazy\" decoding=\"async\" class=\"alignleft size-medium wp-image-2183\" alt=\"DSCN4046-www\" src=\"http:\/\/www.milosnicylasu.olsztyn.pl\/wp-content\/uploads\/2015\/10\/DSCN4046-www-300x225.jpg\" width=\"300\" height=\"225\" srcset=\"https:\/\/www.milosnicylasu.olsztyn.pl\/wp-content\/uploads\/2015\/10\/DSCN4046-www-300x225.jpg 300w, https:\/\/www.milosnicylasu.olsztyn.pl\/wp-content\/uploads\/2015\/10\/DSCN4046-www-400x300.jpg 400w, https:\/\/www.milosnicylasu.olsztyn.pl\/wp-content\/uploads\/2015\/10\/DSCN4046-www.jpg 1024w\" sizes=\"auto, (max-width: 300px) 100vw, 300px\" \/><\/a><\/p>\n<p>&nbsp;<\/p>\n<p>&nbsp;<\/p>\n<p>&nbsp;<\/p>\n<p>Po\u017cegnali\u015bmy bociany<a href=\"http:\/\/www.milosnicylasu.olsztyn.pl\/wp-content\/uploads\/2015\/10\/PB070777-www.jpg\" data-rel=\"lightbox-image-2\" data-magnific_type=\"image\" data-rl_title=\"\" data-rl_caption=\"\" title=\"\"><img loading=\"lazy\" decoding=\"async\" class=\"size-medium wp-image-2184 alignright\" alt=\"PB070777-www\" src=\"http:\/\/www.milosnicylasu.olsztyn.pl\/wp-content\/uploads\/2015\/10\/PB070777-www-300x225.jpg\" width=\"300\" height=\"225\" srcset=\"https:\/\/www.milosnicylasu.olsztyn.pl\/wp-content\/uploads\/2015\/10\/PB070777-www-300x225.jpg 300w, https:\/\/www.milosnicylasu.olsztyn.pl\/wp-content\/uploads\/2015\/10\/PB070777-www-400x300.jpg 400w, https:\/\/www.milosnicylasu.olsztyn.pl\/wp-content\/uploads\/2015\/10\/PB070777-www.jpg 1024w\" sizes=\"auto, (max-width: 300px) 100vw, 300px\" \/><\/a><br \/>\ni w lesie jest coraz ciszej.<\/p>\n<p>&nbsp;<\/p>\n<p>&nbsp;<\/p>\n<p>&nbsp;<\/p>\n<p>Tylko leszczyna szele\u015bci,<br \/>\nbo do niej rudy go\u015b\u0107 przyszed\u0142&#8230;.<\/p>\n<p><span style=\"color: #333333; font-style: normal; line-height: 24.375px;\">Dojrza\u0142y sady i pola<\/span>\u00a0w skibach zoranej ziemi.<br \/>\nJeszcze troszeczk\u0119 lata<br \/>\nna powitanie jesieni.<\/p>\n<p>&nbsp;<\/p>\n<p>&nbsp;<\/p>\n<p style=\"text-align: center;\"><strong><i><span style=\"text-decoration: underline;\">&#8222;Jesie\u0144 u fryzjera&#8221; &#8211; Gellnerowa Danuta<\/span><\/i><\/strong><br \/>\n<a href=\"http:\/\/www.milosnicylasu.olsztyn.pl\/wp-content\/uploads\/2013\/11\/PA190120-www.jpg\" data-rel=\"lightbox-image-3\" data-magnific_type=\"image\" data-rl_title=\"\" data-rl_caption=\"\" title=\"\"><img loading=\"lazy\" decoding=\"async\" class=\"alignleft size-medium wp-image-675\" alt=\"PA190120-www.jpg\" src=\"http:\/\/www.milosnicylasu.olsztyn.pl\/wp-content\/uploads\/2013\/11\/PA190120-www.jpg\" width=\"1\" height=\"1\" \/><\/a><a href=\"http:\/\/www.milosnicylasu.olsztyn.pl\/wp-content\/uploads\/2013\/11\/cropped-PA190120-www1.jpg\" data-rel=\"lightbox-image-4\" data-magnific_type=\"image\" data-rl_title=\"\" data-rl_caption=\"\" title=\"\"><img loading=\"lazy\" decoding=\"async\" class=\"size-medium wp-image-676 aligncenter\" alt=\"cropped-PA190120-www1.jpg\" src=\"http:\/\/www.milosnicylasu.olsztyn.pl\/wp-content\/uploads\/2013\/11\/cropped-PA190120-www1-300x116.jpg\" width=\"300\" height=\"116\" srcset=\"https:\/\/www.milosnicylasu.olsztyn.pl\/wp-content\/uploads\/2013\/11\/cropped-PA190120-www1-300x116.jpg 300w, https:\/\/www.milosnicylasu.olsztyn.pl\/wp-content\/uploads\/2013\/11\/cropped-PA190120-www1-500x194.jpg 500w, https:\/\/www.milosnicylasu.olsztyn.pl\/wp-content\/uploads\/2013\/11\/cropped-PA190120-www1.jpg 1000w\" sizes=\"auto, (max-width: 300px) 100vw, 300px\" \/><\/a><\/p>\n<p>Przysz\u0142a jesie\u0144\u00a0do fryzjera:<\/p>\n<p>&#8211; Prosz\u0119 mn\u0105 si\u0119 zaj\u0105\u0107 teraz!<br \/>\nLato mia\u0142o w\u0142osy z\u0142ote,<br \/>\nja na rude mam ochot\u0119.<\/p>\n<p>No, bo niech pan<br \/>\nspojrzy sam,<br \/>\nrudo tu i rudo tam&#8230;<br \/>\nM\u00f3wi fryzjer:<br \/>\n&#8211; Rzeczywi\u015bcie!<br \/>\nDooko\u0142a rude li\u015bcie,<br \/>\nruda trawa, rude krzaki,<br \/>\nchyba modny kolor taki.<br \/>\nSzczotka,<br \/>\ngrzebie\u0144,<br \/>\nfarby fura,<br \/>\nju\u017c gotowa jest fryzura.<br \/>\nWo\u0142a jesie\u0144: &#8211; W sam\u0105 por\u0119!<br \/>\nP\u0142ac\u0119 panu muchomorem!<\/p>\n","protected":false},"excerpt":{"rendered":"<p>&#8222;Jeszcze troszeczk\u0119 lata&#8230;&#8221; &#8211; Przymus Ryszard &nbsp; Jeszcze troszeczk\u0119 lata i ju\u017c &#8211; troszeczk\u0119 jesieni. Jeszcze zieleni\u0105 si\u0119 li\u015bcie, lecz kilka ju\u017c si\u0119 czerwieni&#8230; &nbsp; &nbsp; &nbsp; Po\u017cegnali\u015bmy bociany i w lesie jest coraz ciszej. &nbsp; &nbsp; &nbsp; Tylko leszczyna szele\u015bci, bo do niej rudy go\u015b\u0107 przyszed\u0142&#8230;. Dojrza\u0142y sady i pola\u00a0w skibach zoranej ziemi. Jeszcze [&hellip;]<\/p>\n","protected":false},"author":1,"featured_media":0,"comment_status":"open","ping_status":"open","sticky":false,"template":"","format":"standard","meta":{"footnotes":""},"categories":[1,9,7],"tags":[],"class_list":["post-2182","post","type-post","status-publish","format-standard","hentry","category-bez-kategorii","category-ciekawostki","category-wiersze"],"_links":{"self":[{"href":"https:\/\/www.milosnicylasu.olsztyn.pl\/index.php?rest_route=\/wp\/v2\/posts\/2182","targetHints":{"allow":["GET"]}}],"collection":[{"href":"https:\/\/www.milosnicylasu.olsztyn.pl\/index.php?rest_route=\/wp\/v2\/posts"}],"about":[{"href":"https:\/\/www.milosnicylasu.olsztyn.pl\/index.php?rest_route=\/wp\/v2\/types\/post"}],"author":[{"embeddable":true,"href":"https:\/\/www.milosnicylasu.olsztyn.pl\/index.php?rest_route=\/wp\/v2\/users\/1"}],"replies":[{"embeddable":true,"href":"https:\/\/www.milosnicylasu.olsztyn.pl\/index.php?rest_route=%2Fwp%2Fv2%2Fcomments&post=2182"}],"version-history":[{"count":10,"href":"https:\/\/www.milosnicylasu.olsztyn.pl\/index.php?rest_route=\/wp\/v2\/posts\/2182\/revisions"}],"predecessor-version":[{"id":2195,"href":"https:\/\/www.milosnicylasu.olsztyn.pl\/index.php?rest_route=\/wp\/v2\/posts\/2182\/revisions\/2195"}],"wp:attachment":[{"href":"https:\/\/www.milosnicylasu.olsztyn.pl\/index.php?rest_route=%2Fwp%2Fv2%2Fmedia&parent=2182"}],"wp:term":[{"taxonomy":"category","embeddable":true,"href":"https:\/\/www.milosnicylasu.olsztyn.pl\/index.php?rest_route=%2Fwp%2Fv2%2Fcategories&post=2182"},{"taxonomy":"post_tag","embeddable":true,"href":"https:\/\/www.milosnicylasu.olsztyn.pl\/index.php?rest_route=%2Fwp%2Fv2%2Ftags&post=2182"}],"curies":[{"name":"wp","href":"https:\/\/api.w.org\/{rel}","templated":true}]}}