{"id":2196,"date":"2015-10-10T20:18:23","date_gmt":"2015-10-10T18:18:23","guid":{"rendered":"http:\/\/www.milosnicylasu.olsztyn.pl\/?p=2196"},"modified":"2015-10-11T07:44:40","modified_gmt":"2015-10-11T05:44:40","slug":"sobotni-rajd-2","status":"publish","type":"post","link":"https:\/\/www.milosnicylasu.olsztyn.pl\/?p=2196","title":{"rendered":"Sobotni rajd"},"content":{"rendered":"<p><a href=\"http:\/\/www.milosnicylasu.olsztyn.pl\/wp-content\/uploads\/2015\/10\/DSCN4232-www.jpg\" data-rel=\"lightbox-image-0\" data-magnific_type=\"image\" data-rl_title=\"\" data-rl_caption=\"\" title=\"\"><img loading=\"lazy\" decoding=\"async\" class=\"alignleft size-medium wp-image-2199\" alt=\"DSCN4232-www\" src=\"http:\/\/www.milosnicylasu.olsztyn.pl\/wp-content\/uploads\/2015\/10\/DSCN4232-www-300x225.jpg\" width=\"300\" height=\"225\" srcset=\"https:\/\/www.milosnicylasu.olsztyn.pl\/wp-content\/uploads\/2015\/10\/DSCN4232-www-300x225.jpg 300w, https:\/\/www.milosnicylasu.olsztyn.pl\/wp-content\/uploads\/2015\/10\/DSCN4232-www-400x300.jpg 400w, https:\/\/www.milosnicylasu.olsztyn.pl\/wp-content\/uploads\/2015\/10\/DSCN4232-www.jpg 1024w\" sizes=\"auto, (max-width: 300px) 100vw, 300px\" \/><\/a>Pierwszy, po przerwie wakacyjnej, sobotni, jesienny, s\u0142oneczny rajd odby\u0142 si\u0119 10 pa\u017adziernika. Tym razem udali\u015bmy si\u0119 nad jezioro Ukiel aby zobaczy\u0107 nowe inwestycje, w tym g\u0142\u00f3wnie ca\u0142oroczny kompleks rekreacyjno-sportowy.<\/p>\n<p><a href=\"http:\/\/www.milosnicylasu.olsztyn.pl\/wp-content\/uploads\/2015\/10\/DSCN4195-www.jpg\" data-rel=\"lightbox-image-1\" data-magnific_type=\"image\" data-rl_title=\"\" data-rl_caption=\"\" title=\"\"><img loading=\"lazy\" decoding=\"async\" class=\"size-medium wp-image-2200 alignright\" alt=\"DSCN4195-www\" src=\"http:\/\/www.milosnicylasu.olsztyn.pl\/wp-content\/uploads\/2015\/10\/DSCN4195-www-300x225.jpg\" width=\"300\" height=\"225\" srcset=\"https:\/\/www.milosnicylasu.olsztyn.pl\/wp-content\/uploads\/2015\/10\/DSCN4195-www-300x225.jpg 300w, https:\/\/www.milosnicylasu.olsztyn.pl\/wp-content\/uploads\/2015\/10\/DSCN4195-www-400x300.jpg 400w, https:\/\/www.milosnicylasu.olsztyn.pl\/wp-content\/uploads\/2015\/10\/DSCN4195-www.jpg 1024w\" sizes=\"auto, (max-width: 300px) 100vw, 300px\" \/><\/a><\/p>\n<p>Centrum \u017ceglarskie jest trzeci\u0105 i ostatni\u0105 inwestycj\u0105 zrealizowan\u0105 nad tym akwenem. Wcze\u015bniej zmodernizowano pla\u017c\u0119 miejsk\u0105 i otwarto o\u015brodek szkolenia kajakarzy.<\/p>\n<p>Centrum \u017beglarstwa Wodnego i Lodowego na S\u0142onecznej Polanie sk\u0142ada si\u0119 z mariny z salami szkoleniowymi, hangaru z warsztatem szkutniczym, slip\u00f3w do wodowania oraz pomost\u00f3w, przy kt\u00f3rych cumowa\u0107 mo\u017ce ok. 100 \u0142odzi i jacht\u00f3w. Mie\u015bci si\u0119 tam te\u017c si\u0142ownia z salami odnowy biologicznej, wypo\u017cyczalnia sprz\u0119tu p\u0142ywaj\u0105cego i sportowego. W ramach tej inwestycji zbudowano r\u00f3wnie\u017c boisko i \u015bcie\u017ck\u0119 spacerowo-rowerow\u0105 nad Zatok\u0105 Mi\u0142\u0105.<a href=\"http:\/\/www.milosnicylasu.olsztyn.pl\/wp-content\/uploads\/2015\/10\/DSCN4212-www.jpg\" data-rel=\"lightbox-image-2\" data-magnific_type=\"image\" data-rl_title=\"\" data-rl_caption=\"\" title=\"\"><img loading=\"lazy\" decoding=\"async\" class=\"alignleft size-medium wp-image-2201\" alt=\"DSCN4212-www\" src=\"http:\/\/www.milosnicylasu.olsztyn.pl\/wp-content\/uploads\/2015\/10\/DSCN4212-www-300x225.jpg\" width=\"300\" height=\"225\" srcset=\"https:\/\/www.milosnicylasu.olsztyn.pl\/wp-content\/uploads\/2015\/10\/DSCN4212-www-300x225.jpg 300w, https:\/\/www.milosnicylasu.olsztyn.pl\/wp-content\/uploads\/2015\/10\/DSCN4212-www-400x300.jpg 400w, https:\/\/www.milosnicylasu.olsztyn.pl\/wp-content\/uploads\/2015\/10\/DSCN4212-www.jpg 1024w\" sizes=\"auto, (max-width: 300px) 100vw, 300px\" \/><\/a><\/p>\n<p>Przysta\u0144 ma s\u0142u\u017cy\u0107 g\u0142\u00f3wnie szkoleniu \u017ceglarskiemu m\u0142odzie\u017cy, ale tak\u017ce amatorom sport\u00f3w wodnych oraz profesjonalnym \u017ceglarzom i bojerowcom. Miasto za 3,2 mln z\u0142 zakupi\u0142o bojery i jachty &#8211; od tych najprostszych po profesjonalne \u0142odzie klas wyczynowych.<\/p>\n<p>&nbsp;<\/p>\n<p>Na wyposa\u017ceniu bazy \u017ceglarskiej jest te\u017c sprz\u0119t do rekreacji, w tym rowery, narty biegowe i nartorolki.<a href=\"http:\/\/www.milosnicylasu.olsztyn.pl\/wp-content\/uploads\/2015\/10\/DSCN4207-www.jpg\" data-rel=\"lightbox-image-3\" data-magnific_type=\"image\" data-rl_title=\"\" data-rl_caption=\"\" title=\"\"><img loading=\"lazy\" decoding=\"async\" class=\"size-medium wp-image-2202 alignright\" alt=\"DSCN4207-www\" src=\"http:\/\/www.milosnicylasu.olsztyn.pl\/wp-content\/uploads\/2015\/10\/DSCN4207-www-300x225.jpg\" width=\"300\" height=\"225\" srcset=\"https:\/\/www.milosnicylasu.olsztyn.pl\/wp-content\/uploads\/2015\/10\/DSCN4207-www-300x225.jpg 300w, https:\/\/www.milosnicylasu.olsztyn.pl\/wp-content\/uploads\/2015\/10\/DSCN4207-www-400x300.jpg 400w, https:\/\/www.milosnicylasu.olsztyn.pl\/wp-content\/uploads\/2015\/10\/DSCN4207-www.jpg 1024w\" sizes=\"auto, (max-width: 300px) 100vw, 300px\" \/><\/a><\/p>\n<p>&nbsp;<\/p>\n<p>Poza baz\u0105 \u017ceglarsk\u0105 w sk\u0142ad Centrum Rekreacyjno-Sportowego Ukiel wchodz\u0105 zmodernizowana pla\u017ca miejska i o\u015brodek szkolenia kajakarzy. Na brzegu jeziora powsta\u0142y r\u00f3wnie\u017c hala i boiska do siatk\u00f3wki pla\u017cowej oraz gry w squasha, nowe mola i pomosty, parkingi, wypo\u017cyczalnie sprz\u0119tu do sport\u00f3w wodnych i zimowych. Wok\u00f3\u0142 jeziora wytyczono szlak do turystyki pieszej i rowerowej, kt\u00f3ry zim\u0105 pe\u0142ni\u0107 ma funkcj\u0119 trasy narciarskiej.<\/p>\n<p><a href=\"http:\/\/www.milosnicylasu.olsztyn.pl\/wp-content\/uploads\/2015\/10\/DSCN4222-www.jpg\" data-rel=\"lightbox-image-4\" data-magnific_type=\"image\" data-rl_title=\"\" data-rl_caption=\"\" title=\"\"><img loading=\"lazy\" decoding=\"async\" class=\"alignleft size-medium wp-image-2207\" alt=\"DSCN4222-www\" src=\"http:\/\/www.milosnicylasu.olsztyn.pl\/wp-content\/uploads\/2015\/10\/DSCN4222-www-300x225.jpg\" width=\"300\" height=\"225\" srcset=\"https:\/\/www.milosnicylasu.olsztyn.pl\/wp-content\/uploads\/2015\/10\/DSCN4222-www-300x225.jpg 300w, https:\/\/www.milosnicylasu.olsztyn.pl\/wp-content\/uploads\/2015\/10\/DSCN4222-www-400x300.jpg 400w, https:\/\/www.milosnicylasu.olsztyn.pl\/wp-content\/uploads\/2015\/10\/DSCN4222-www.jpg 1024w\" sizes=\"auto, (max-width: 300px) 100vw, 300px\" \/><\/a>Budowa ca\u0142orocznej infrastruktury rekreacyjno-sportowego nad jeziorem Ukiel oraz uzbrojenie dzia\u0142ek w tzw. strefach przedsi\u0119biorczo\u015bci, kt\u00f3re miasto oferuje inwestorom pod dzia\u0142alno\u015b\u0107 hotelow\u0105 i rekreacyjn\u0105, kosztowa\u0142o blisko 100 mln z\u0142. Inwestycja zosta\u0142a dofinansowana z Regionalnego Programu Operacyjnego.<\/p>\n<p><a href=\"http:\/\/www.milosnicylasu.olsztyn.pl\/wp-content\/uploads\/2015\/10\/DSCN4209-www.jpg\" data-rel=\"lightbox-image-5\" data-magnific_type=\"image\" data-rl_title=\"\" data-rl_caption=\"\" title=\"\"><img loading=\"lazy\" decoding=\"async\" class=\"alignleft size-medium wp-image-2203\" alt=\"DSCN4209-www\" src=\"http:\/\/www.milosnicylasu.olsztyn.pl\/wp-content\/uploads\/2015\/10\/DSCN4209-www-300x225.jpg\" width=\"300\" height=\"225\" srcset=\"https:\/\/www.milosnicylasu.olsztyn.pl\/wp-content\/uploads\/2015\/10\/DSCN4209-www-300x225.jpg 300w, https:\/\/www.milosnicylasu.olsztyn.pl\/wp-content\/uploads\/2015\/10\/DSCN4209-www-400x300.jpg 400w, https:\/\/www.milosnicylasu.olsztyn.pl\/wp-content\/uploads\/2015\/10\/DSCN4209-www.jpg 1024w\" sizes=\"auto, (max-width: 300px) 100vw, 300px\" \/><\/a><\/p>\n<p>&nbsp;<\/p>\n<p>&nbsp;<\/p>\n<p>Jezioro Ukiel jest najwi\u0119kszym z 11 jezior le\u017c\u0105cych w granicach administracyjnych Olsztyna.<\/p>\n<p>&nbsp;<\/p>\n<p>&nbsp;<\/p>\n<p>Ma powierzchni\u0119 412 ha i g\u0142\u0119boko\u015b\u0107 43 m. Linia brzegowa o d\u0142ugo\u015bci 22,5 km tworzy wiele zatok i p\u00f3\u0142wysp\u00f3w.<\/p>\n<p style=\"text-align: center;\"><a href=\"http:\/\/www.milosnicylasu.olsztyn.pl\/wp-content\/uploads\/2015\/10\/DSCN4236-www.jpg\" data-rel=\"lightbox-image-6\" data-magnific_type=\"image\" data-rl_title=\"\" data-rl_caption=\"\" title=\"\"><img loading=\"lazy\" decoding=\"async\" class=\"size-medium wp-image-2204 aligncenter\" alt=\"DSCN4236-www\" src=\"http:\/\/www.milosnicylasu.olsztyn.pl\/wp-content\/uploads\/2015\/10\/DSCN4236-www-300x225.jpg\" width=\"300\" height=\"225\" srcset=\"https:\/\/www.milosnicylasu.olsztyn.pl\/wp-content\/uploads\/2015\/10\/DSCN4236-www-300x225.jpg 300w, https:\/\/www.milosnicylasu.olsztyn.pl\/wp-content\/uploads\/2015\/10\/DSCN4236-www-400x300.jpg 400w, https:\/\/www.milosnicylasu.olsztyn.pl\/wp-content\/uploads\/2015\/10\/DSCN4236-www.jpg 1024w\" sizes=\"auto, (max-width: 300px) 100vw, 300px\" \/><\/a><\/p>\n","protected":false},"excerpt":{"rendered":"<p>Pierwszy, po przerwie wakacyjnej, sobotni, jesienny, s\u0142oneczny rajd odby\u0142 si\u0119 10 pa\u017adziernika. Tym razem udali\u015bmy si\u0119 nad jezioro Ukiel aby zobaczy\u0107 nowe inwestycje, w tym g\u0142\u00f3wnie ca\u0142oroczny kompleks rekreacyjno-sportowy. Centrum \u017ceglarskie jest trzeci\u0105 i ostatni\u0105 inwestycj\u0105 zrealizowan\u0105 nad tym akwenem. Wcze\u015bniej zmodernizowano pla\u017c\u0119 miejsk\u0105 i otwarto o\u015brodek szkolenia kajakarzy. Centrum \u017beglarstwa Wodnego i Lodowego na [&hellip;]<\/p>\n","protected":false},"author":1,"featured_media":0,"comment_status":"open","ping_status":"open","sticky":false,"template":"","format":"standard","meta":{"footnotes":""},"categories":[1,9,2],"tags":[],"class_list":["post-2196","post","type-post","status-publish","format-standard","hentry","category-bez-kategorii","category-ciekawostki","category-rajdy"],"_links":{"self":[{"href":"https:\/\/www.milosnicylasu.olsztyn.pl\/index.php?rest_route=\/wp\/v2\/posts\/2196","targetHints":{"allow":["GET"]}}],"collection":[{"href":"https:\/\/www.milosnicylasu.olsztyn.pl\/index.php?rest_route=\/wp\/v2\/posts"}],"about":[{"href":"https:\/\/www.milosnicylasu.olsztyn.pl\/index.php?rest_route=\/wp\/v2\/types\/post"}],"author":[{"embeddable":true,"href":"https:\/\/www.milosnicylasu.olsztyn.pl\/index.php?rest_route=\/wp\/v2\/users\/1"}],"replies":[{"embeddable":true,"href":"https:\/\/www.milosnicylasu.olsztyn.pl\/index.php?rest_route=%2Fwp%2Fv2%2Fcomments&post=2196"}],"version-history":[{"count":5,"href":"https:\/\/www.milosnicylasu.olsztyn.pl\/index.php?rest_route=\/wp\/v2\/posts\/2196\/revisions"}],"predecessor-version":[{"id":2208,"href":"https:\/\/www.milosnicylasu.olsztyn.pl\/index.php?rest_route=\/wp\/v2\/posts\/2196\/revisions\/2208"}],"wp:attachment":[{"href":"https:\/\/www.milosnicylasu.olsztyn.pl\/index.php?rest_route=%2Fwp%2Fv2%2Fmedia&parent=2196"}],"wp:term":[{"taxonomy":"category","embeddable":true,"href":"https:\/\/www.milosnicylasu.olsztyn.pl\/index.php?rest_route=%2Fwp%2Fv2%2Fcategories&post=2196"},{"taxonomy":"post_tag","embeddable":true,"href":"https:\/\/www.milosnicylasu.olsztyn.pl\/index.php?rest_route=%2Fwp%2Fv2%2Ftags&post=2196"}],"curies":[{"name":"wp","href":"https:\/\/api.w.org\/{rel}","templated":true}]}}