{"id":2209,"date":"2015-10-11T20:17:55","date_gmt":"2015-10-11T18:17:55","guid":{"rendered":"http:\/\/www.milosnicylasu.olsztyn.pl\/?p=2209"},"modified":"2015-10-12T13:58:07","modified_gmt":"2015-10-12T11:58:07","slug":"jest-takie-miejsce-vysne-ruzbachy","status":"publish","type":"post","link":"https:\/\/www.milosnicylasu.olsztyn.pl\/?p=2209","title":{"rendered":"Jest takie miejsce&#8230;&#8230;Vy\u0161n\u00e9 Ru\u017ebachy"},"content":{"rendered":"<p><strong>\u00a0 Vy\u0161n\u00e9 Ru\u017ebachy<\/strong> &#8211; to miejscowo\u015b\u0107 na wschodnich zboczach Magury Spiskiej, znana przede wszystkim ze swojego uzdrowiska i leczniczych ciep\u0142ych \u017ar\u00f3de\u0142.\u00a0\u00a0\u00a0 Po\u015br\u00f3d parku le\u015bnego na zachodnim skraju miejscowo\u015bci, przy leczniczych ciep\u0142ych \u017ar\u00f3d\u0142ach mineralnych powsta\u0142o uzdrowisko Wy\u017cnie Ru\u017cbachy. Jego historia si\u0119ga XV wieku. Pocz\u0105tkowy rozw\u00f3j uzdrowiska trwa\u0142 do ko\u0144ca XVI wieku, gdy stanowi\u0142o ono w\u0142asno\u015b\u0107 rodziny Lubomirskich, starost\u00f3w Zamku Lubowla\u0144skiego i spiskich miast, kt\u00f3re by\u0142y oddane w zastaw Polsce. Zyska\u0142o ono w\u00f3wczas uznanie polskiej szlachty, a p\u00f3\u017aniej w\u0119gierskich feuda\u0142\u00f3w. Po powrocie miast spiskich do W\u0119gier, uzdrowisko sta\u0142o si\u0119 w\u0142asno\u015bci\u0105 pa\u0144stwa, co nie sprzyja\u0142o jego rozwojowi. Cz\u0119\u015bciowy renesans uzdrowisko prze\u017cywa\u0142o w XIX wieku, kiedy sta\u0142o si\u0119 maj\u0105tkiem rodziny Zamojskich, zw\u0142aszcza za \u017cycia ostatniego z nich, kt\u00f3ry przyczyni\u0142 si\u0119 do rozwoju uzdrowiska w okresie przed II wojn\u0105 \u015bwiatow\u0105.<a href=\"http:\/\/www.milosnicylasu.olsztyn.pl\/wp-content\/uploads\/2015\/10\/DSCN3558-www.jpg\" data-rel=\"lightbox-image-0\" data-magnific_type=\"image\" data-rl_title=\"\" data-rl_caption=\"\" title=\"\"><img loading=\"lazy\" decoding=\"async\" class=\"alignleft size-medium wp-image-2216\" alt=\"DSCN3558-www\" src=\"http:\/\/www.milosnicylasu.olsztyn.pl\/wp-content\/uploads\/2015\/10\/DSCN3558-www-300x225.jpg\" width=\"300\" height=\"225\" srcset=\"https:\/\/www.milosnicylasu.olsztyn.pl\/wp-content\/uploads\/2015\/10\/DSCN3558-www-300x225.jpg 300w, https:\/\/www.milosnicylasu.olsztyn.pl\/wp-content\/uploads\/2015\/10\/DSCN3558-www-400x300.jpg 400w, https:\/\/www.milosnicylasu.olsztyn.pl\/wp-content\/uploads\/2015\/10\/DSCN3558-www.jpg 1024w\" sizes=\"auto, (max-width: 300px) 100vw, 300px\" \/><\/a><a href=\"http:\/\/www.milosnicylasu.olsztyn.pl\/wp-content\/uploads\/2015\/10\/DSCN3629-www.jpg\" data-rel=\"lightbox-image-1\" data-magnific_type=\"image\" data-rl_title=\"\" data-rl_caption=\"\" title=\"\"><img loading=\"lazy\" decoding=\"async\" class=\"alignleft size-medium wp-image-2210\" alt=\"DSCN3629-www\" src=\"http:\/\/www.milosnicylasu.olsztyn.pl\/wp-content\/uploads\/2015\/10\/DSCN3629-www-300x225.jpg\" width=\"300\" height=\"225\" srcset=\"https:\/\/www.milosnicylasu.olsztyn.pl\/wp-content\/uploads\/2015\/10\/DSCN3629-www-300x225.jpg 300w, https:\/\/www.milosnicylasu.olsztyn.pl\/wp-content\/uploads\/2015\/10\/DSCN3629-www-400x300.jpg 400w, https:\/\/www.milosnicylasu.olsztyn.pl\/wp-content\/uploads\/2015\/10\/DSCN3629-www.jpg 1024w\" sizes=\"auto, (max-width: 300px) 100vw, 300px\" \/><\/a><\/p>\n<p>&nbsp;<\/p>\n<p><span style=\"color: #333333; font-style: normal; line-height: 24.375px;\">\u00a0<\/span><span style=\"color: #333333; font-style: normal; line-height: 24.375px;\">Hrabia Jan Zamoyski i jego \u017cona Izabela de Bourbon (<\/span><span style=\"color: #333333; font-style: normal; line-height: 24.375px;\">\u017ar\u00f3d\u0142o termalne<\/span><span style=\"color: #333333; font-style: normal; line-height: 24.375px;\">\u00a0Izabella w Wy\u017cnych Ru\u017cbachach nazwane na jej cze\u015b\u0107) byli w\u0142a\u015bcicielami m.in. pi\u0119knej restauracji &#8222;Bia\u0142y Dom&#8221;, wybudowanej w 1931 roku, \u00a0<\/span><span style=\"color: #333333; font-style: normal; line-height: 24.375px;\">z bia\u0142ego trawertynu w stylu biedermeierowskim.<\/span><\/p>\n<p>&nbsp;<\/p>\n<p>&nbsp;<\/p>\n<p>&nbsp;<\/p>\n<p>&nbsp;<\/p>\n<p>Lecznicze wody uzdrowiskowe nale\u017c\u0105 do rodziny w\u00f3d mineralnych hydro-w\u0119glanowo-s\u00edarczanowych i wapniowo-magnezowych. Dziewi\u0119\u0107 \u017ar\u00f3de\u0142 daje a\u017c 150 litr\u00f3w wody na sekund\u0119 o temperaturze od 19 do 22 \u00b0C.<\/p>\n<p><a href=\"http:\/\/www.milosnicylasu.olsztyn.pl\/wp-content\/uploads\/2015\/10\/DSCN3589-www.jpg\" data-rel=\"lightbox-image-2\" data-magnific_type=\"image\" data-rl_title=\"\" data-rl_caption=\"\" title=\"\"><img loading=\"lazy\" decoding=\"async\" class=\"size-medium wp-image-2211 alignright\" alt=\"DSCN3589-www\" src=\"http:\/\/www.milosnicylasu.olsztyn.pl\/wp-content\/uploads\/2015\/10\/DSCN3589-www-300x225.jpg\" width=\"300\" height=\"225\" srcset=\"https:\/\/www.milosnicylasu.olsztyn.pl\/wp-content\/uploads\/2015\/10\/DSCN3589-www-300x225.jpg 300w, https:\/\/www.milosnicylasu.olsztyn.pl\/wp-content\/uploads\/2015\/10\/DSCN3589-www-400x300.jpg 400w, https:\/\/www.milosnicylasu.olsztyn.pl\/wp-content\/uploads\/2015\/10\/DSCN3589-www.jpg 1024w\" sizes=\"auto, (max-width: 300px) 100vw, 300px\" \/><\/a>Bij\u0105ce w Ru\u017cbachach silne <b>\u017ar\u00f3d\u0142a termalne<\/b> ju\u017c od dawna uzdrawiaj\u0105 cia\u0142o, natomiast atmosfera otaczaj\u0105cej je przyrody uspokaja dusz\u0119. Stare tradycje dostosowane dzi\u015b do nowoczesnych osi\u0105gni\u0119\u0107 wiedzy, lecz\u0105 i usuwaj\u0105 depresyjne my\u015bli, pomagaj\u0105 chorym i wszystkim ludziom zm\u0119czonym wzrastaj\u0105cym tempem \u017cycia.<a href=\"http:\/\/www.milosnicylasu.olsztyn.pl\/wp-content\/uploads\/2015\/10\/DSCN3574-www.jpg\" data-rel=\"lightbox-image-3\" data-magnific_type=\"image\" data-rl_title=\"\" data-rl_caption=\"\" title=\"\"><img loading=\"lazy\" decoding=\"async\" class=\"alignleft size-medium wp-image-2212\" alt=\"DSCN3574-www\" src=\"http:\/\/www.milosnicylasu.olsztyn.pl\/wp-content\/uploads\/2015\/10\/DSCN3574-www-300x225.jpg\" width=\"300\" height=\"225\" srcset=\"https:\/\/www.milosnicylasu.olsztyn.pl\/wp-content\/uploads\/2015\/10\/DSCN3574-www-300x225.jpg 300w, https:\/\/www.milosnicylasu.olsztyn.pl\/wp-content\/uploads\/2015\/10\/DSCN3574-www-400x300.jpg 400w, https:\/\/www.milosnicylasu.olsztyn.pl\/wp-content\/uploads\/2015\/10\/DSCN3574-www.jpg 1024w\" sizes=\"auto, (max-width: 300px) 100vw, 300px\" \/><\/a><\/p>\n<p>&nbsp;<\/p>\n<p>&nbsp;<\/p>\n<p>Nowe hotele i baseny termalne<\/p>\n<p>&nbsp;<\/p>\n<p>&nbsp;<\/p>\n<p>&nbsp;<\/p>\n<p><a href=\"http:\/\/www.milosnicylasu.olsztyn.pl\/wp-content\/uploads\/2015\/10\/DSCN3553-www.jpg\" data-rel=\"lightbox-image-4\" data-magnific_type=\"image\" data-rl_title=\"\" data-rl_caption=\"\" title=\"\"><img loading=\"lazy\" decoding=\"async\" class=\"size-medium wp-image-2213 alignright\" alt=\"DSCN3553-www\" src=\"http:\/\/www.milosnicylasu.olsztyn.pl\/wp-content\/uploads\/2015\/10\/DSCN3553-www-300x225.jpg\" width=\"300\" height=\"225\" srcset=\"https:\/\/www.milosnicylasu.olsztyn.pl\/wp-content\/uploads\/2015\/10\/DSCN3553-www-300x225.jpg 300w, https:\/\/www.milosnicylasu.olsztyn.pl\/wp-content\/uploads\/2015\/10\/DSCN3553-www-400x300.jpg 400w, https:\/\/www.milosnicylasu.olsztyn.pl\/wp-content\/uploads\/2015\/10\/DSCN3553-www.jpg 1024w\" sizes=\"auto, (max-width: 300px) 100vw, 300px\" \/><\/a><\/p>\n<p>&nbsp;<\/p>\n<p>W domkach szwajcarskich mo\u017cna wynaj\u0105\u0107 kwater\u0119 taniej ni\u017c w luksusowym hotelu.<\/p>\n<p>&nbsp;<\/p>\n<p>&nbsp;<\/p>\n<p>Wyj\u0105tkow\u0105 atrakcj\u0105 jest najwi\u0119ksze na S\u0142owacji jezioro trawertynowe <strong>Krater.<\/strong><a href=\"http:\/\/www.milosnicylasu.olsztyn.pl\/wp-content\/uploads\/2015\/10\/DSCN3641-www.jpg\" data-rel=\"lightbox-image-5\" data-magnific_type=\"image\" data-rl_title=\"\" data-rl_caption=\"\" title=\"\"><img loading=\"lazy\" decoding=\"async\" class=\"alignleft size-medium wp-image-2214\" alt=\"DSCN3641-www\" src=\"http:\/\/www.milosnicylasu.olsztyn.pl\/wp-content\/uploads\/2015\/10\/DSCN3641-www-300x225.jpg\" width=\"300\" height=\"225\" srcset=\"https:\/\/www.milosnicylasu.olsztyn.pl\/wp-content\/uploads\/2015\/10\/DSCN3641-www-300x225.jpg 300w, https:\/\/www.milosnicylasu.olsztyn.pl\/wp-content\/uploads\/2015\/10\/DSCN3641-www-400x300.jpg 400w, https:\/\/www.milosnicylasu.olsztyn.pl\/wp-content\/uploads\/2015\/10\/DSCN3641-www.jpg 1024w\" sizes=\"auto, (max-width: 300px) 100vw, 300px\" \/><\/a><\/p>\n<p>Nape\u0142nione jest wod\u0105 termaln\u0105 ze \u017ar\u00f3d\u0142a Izabela. Znajduje si\u0119 ono na terenie parku, na niewielkim szczycie kopy trawertynowej .<\/p>\n<p>&nbsp;<\/p>\n<p>&nbsp;<\/p>\n<p>&nbsp;<\/p>\n<p>Wyp\u0142ywa z niego uroczy potoczek, dr\u0105\u017c\u0105c w ziemi swoje \u015bcie\u017cki.<\/p>\n<p><a href=\"http:\/\/www.milosnicylasu.olsztyn.pl\/wp-content\/uploads\/2015\/10\/DSCN3634-www.jpg\" data-rel=\"lightbox-image-6\" data-magnific_type=\"image\" data-rl_title=\"\" data-rl_caption=\"\" title=\"\"><img loading=\"lazy\" decoding=\"async\" class=\"alignleft size-medium wp-image-2220\" alt=\"DSCN3634-www\" src=\"http:\/\/www.milosnicylasu.olsztyn.pl\/wp-content\/uploads\/2015\/10\/DSCN3634-www-300x225.jpg\" width=\"300\" height=\"225\" srcset=\"https:\/\/www.milosnicylasu.olsztyn.pl\/wp-content\/uploads\/2015\/10\/DSCN3634-www-300x225.jpg 300w, https:\/\/www.milosnicylasu.olsztyn.pl\/wp-content\/uploads\/2015\/10\/DSCN3634-www-400x300.jpg 400w, https:\/\/www.milosnicylasu.olsztyn.pl\/wp-content\/uploads\/2015\/10\/DSCN3634-www.jpg 1024w\" sizes=\"auto, (max-width: 300px) 100vw, 300px\" \/><\/a><\/p>\n<p>&nbsp;<\/p>\n<p>Jeziorko ma \u015brednic\u0119 20 metr\u00f3w, a g\u0142\u0119boko\u015b\u0107 3 metry. Temperatura wody to 22 stopnie. Jeziorko cz\u0119sto ma b\u0142\u0119kitno-seledynow\u0105 barw\u0119. Gdy ludzie nie zak\u0142\u00f3caj\u0105 jego \u201e\u017cycia\u201d, mo\u017cna ogl\u0105da\u0107 jak woda si\u0119 \u201egotuje\u201d, czyli wyrzuca na powierzchni\u0119 b\u0105belki\u2026<\/p>\n<p>&nbsp;<\/p>\n<p><a href=\"http:\/\/www.milosnicylasu.olsztyn.pl\/wp-content\/uploads\/2015\/10\/DSCN3533-www.jpg\" data-rel=\"lightbox-image-7\" data-magnific_type=\"image\" data-rl_title=\"\" data-rl_caption=\"\" title=\"\"><img loading=\"lazy\" decoding=\"async\" class=\"size-medium wp-image-2215 alignright\" alt=\"DSCN3533-www\" src=\"http:\/\/www.milosnicylasu.olsztyn.pl\/wp-content\/uploads\/2015\/10\/DSCN3533-www-300x225.jpg\" width=\"300\" height=\"225\" srcset=\"https:\/\/www.milosnicylasu.olsztyn.pl\/wp-content\/uploads\/2015\/10\/DSCN3533-www-300x225.jpg 300w, https:\/\/www.milosnicylasu.olsztyn.pl\/wp-content\/uploads\/2015\/10\/DSCN3533-www-400x300.jpg 400w, https:\/\/www.milosnicylasu.olsztyn.pl\/wp-content\/uploads\/2015\/10\/DSCN3533-www.jpg 1024w\" sizes=\"auto, (max-width: 300px) 100vw, 300px\" \/><\/a><\/p>\n<p>&nbsp;<\/p>\n<p>&nbsp;<\/p>\n<p>W miejscowo\u015bci znajduje si\u0119 rzymskokatolicki ko\u015bci\u00f3\u0142 barokowy z II po\u0142owy XVII wieku, z cudownym barokowym wn\u0119trzem.<\/p>\n","protected":false},"excerpt":{"rendered":"<p>\u00a0 Vy\u0161n\u00e9 Ru\u017ebachy &#8211; to miejscowo\u015b\u0107 na wschodnich zboczach Magury Spiskiej, znana przede wszystkim ze swojego uzdrowiska i leczniczych ciep\u0142ych \u017ar\u00f3de\u0142.\u00a0\u00a0\u00a0 Po\u015br\u00f3d parku le\u015bnego na zachodnim skraju miejscowo\u015bci, przy leczniczych ciep\u0142ych \u017ar\u00f3d\u0142ach mineralnych powsta\u0142o uzdrowisko Wy\u017cnie Ru\u017cbachy. Jego historia si\u0119ga XV wieku. Pocz\u0105tkowy rozw\u00f3j uzdrowiska trwa\u0142 do ko\u0144ca XVI wieku, gdy stanowi\u0142o ono w\u0142asno\u015b\u0107 rodziny [&hellip;]<\/p>\n","protected":false},"author":1,"featured_media":0,"comment_status":"open","ping_status":"open","sticky":false,"template":"","format":"standard","meta":{"footnotes":""},"categories":[1,9,5],"tags":[],"class_list":["post-2209","post","type-post","status-publish","format-standard","hentry","category-bez-kategorii","category-ciekawostki","category-wycieczki"],"_links":{"self":[{"href":"https:\/\/www.milosnicylasu.olsztyn.pl\/index.php?rest_route=\/wp\/v2\/posts\/2209","targetHints":{"allow":["GET"]}}],"collection":[{"href":"https:\/\/www.milosnicylasu.olsztyn.pl\/index.php?rest_route=\/wp\/v2\/posts"}],"about":[{"href":"https:\/\/www.milosnicylasu.olsztyn.pl\/index.php?rest_route=\/wp\/v2\/types\/post"}],"author":[{"embeddable":true,"href":"https:\/\/www.milosnicylasu.olsztyn.pl\/index.php?rest_route=\/wp\/v2\/users\/1"}],"replies":[{"embeddable":true,"href":"https:\/\/www.milosnicylasu.olsztyn.pl\/index.php?rest_route=%2Fwp%2Fv2%2Fcomments&post=2209"}],"version-history":[{"count":4,"href":"https:\/\/www.milosnicylasu.olsztyn.pl\/index.php?rest_route=\/wp\/v2\/posts\/2209\/revisions"}],"predecessor-version":[{"id":2223,"href":"https:\/\/www.milosnicylasu.olsztyn.pl\/index.php?rest_route=\/wp\/v2\/posts\/2209\/revisions\/2223"}],"wp:attachment":[{"href":"https:\/\/www.milosnicylasu.olsztyn.pl\/index.php?rest_route=%2Fwp%2Fv2%2Fmedia&parent=2209"}],"wp:term":[{"taxonomy":"category","embeddable":true,"href":"https:\/\/www.milosnicylasu.olsztyn.pl\/index.php?rest_route=%2Fwp%2Fv2%2Fcategories&post=2209"},{"taxonomy":"post_tag","embeddable":true,"href":"https:\/\/www.milosnicylasu.olsztyn.pl\/index.php?rest_route=%2Fwp%2Fv2%2Ftags&post=2209"}],"curies":[{"name":"wp","href":"https:\/\/api.w.org\/{rel}","templated":true}]}}