{"id":2224,"date":"2015-10-14T20:18:22","date_gmt":"2015-10-14T18:18:22","guid":{"rendered":"http:\/\/www.milosnicylasu.olsztyn.pl\/?p=2224"},"modified":"2015-10-14T20:19:29","modified_gmt":"2015-10-14T18:19:29","slug":"wernisaz-grupy-art","status":"publish","type":"post","link":"https:\/\/www.milosnicylasu.olsztyn.pl\/?p=2224","title":{"rendered":"Wernisa\u017c Grupy A*R*T*"},"content":{"rendered":"<p><a href=\"http:\/\/www.milosnicylasu.olsztyn.pl\/wp-content\/uploads\/2015\/10\/DSCN4263-www.jpg\" data-rel=\"lightbox-image-0\" data-magnific_type=\"image\" data-rl_title=\"\" data-rl_caption=\"\" title=\"\"><img loading=\"lazy\" decoding=\"async\" class=\"alignleft size-medium wp-image-2225\" alt=\"DSCN4263-www\" src=\"http:\/\/www.milosnicylasu.olsztyn.pl\/wp-content\/uploads\/2015\/10\/DSCN4263-www-300x225.jpg\" width=\"300\" height=\"225\" srcset=\"https:\/\/www.milosnicylasu.olsztyn.pl\/wp-content\/uploads\/2015\/10\/DSCN4263-www-300x225.jpg 300w, https:\/\/www.milosnicylasu.olsztyn.pl\/wp-content\/uploads\/2015\/10\/DSCN4263-www-400x300.jpg 400w, https:\/\/www.milosnicylasu.olsztyn.pl\/wp-content\/uploads\/2015\/10\/DSCN4263-www.jpg 1024w\" sizes=\"auto, (max-width: 300px) 100vw, 300px\" \/><\/a>14 pa\u017adziernika 2015 w galerii wystawienniczej Biblioteki Uniwersyteckiej odby\u0142 si\u0119 wernisa\u017c grupy Artystycznej Rezerwy Tw\u00f3rczej (A*R*T*). Zaprezentowane zosta\u0142y prace \u00a0zakresu malarstwa, grafiki, haftu, tkactwa, fotografiki, pergamano, decoupage.<\/p>\n<p><a href=\"http:\/\/www.milosnicylasu.olsztyn.pl\/wp-content\/uploads\/2015\/10\/DSCN4265-www.jpg\" data-rel=\"lightbox-image-1\" data-magnific_type=\"image\" data-rl_title=\"\" data-rl_caption=\"\" title=\"\"><img loading=\"lazy\" decoding=\"async\" class=\"size-medium wp-image-2226 alignright\" alt=\"DSCN4265-www\" src=\"http:\/\/www.milosnicylasu.olsztyn.pl\/wp-content\/uploads\/2015\/10\/DSCN4265-www-300x225.jpg\" width=\"300\" height=\"225\" srcset=\"https:\/\/www.milosnicylasu.olsztyn.pl\/wp-content\/uploads\/2015\/10\/DSCN4265-www-300x225.jpg 300w, https:\/\/www.milosnicylasu.olsztyn.pl\/wp-content\/uploads\/2015\/10\/DSCN4265-www-400x300.jpg 400w, https:\/\/www.milosnicylasu.olsztyn.pl\/wp-content\/uploads\/2015\/10\/DSCN4265-www.jpg 1024w\" sizes=\"auto, (max-width: 300px) 100vw, 300px\" \/><\/a>W wystawie wzi\u0119\u0142y udzia\u0142 33 osoby, w tym nasza kole\u017canka z Ko\u0142a Czes\u0142awa Jab\u0142onowska, kt\u00f3ra z uwagi na stan zdrowia ju\u017c nie mo\u017ce aktywnie uczestniczy\u0107 w \u017cyciu KMLiM oraz Antoni Jarczyk, kt\u00f3ry nas na wystaw\u0119 zaprosi\u0142.<\/p>\n<p>Patronat nad wystaw\u0105 obj\u0105\u0142 rektor Uniwersytetu Warmi\u0144sko-Mazurskiego prof.dr hab. Ryszard G\u00f3recki.<\/p>\n<p><a href=\"http:\/\/www.milosnicylasu.olsztyn.pl\/wp-content\/uploads\/2015\/10\/DSCN4250-www.jpg\" data-rel=\"lightbox-image-2\" data-magnific_type=\"image\" data-rl_title=\"\" data-rl_caption=\"\" title=\"\"><img loading=\"lazy\" decoding=\"async\" class=\"alignleft size-medium wp-image-2227\" alt=\"DSCN4250-www\" src=\"http:\/\/www.milosnicylasu.olsztyn.pl\/wp-content\/uploads\/2015\/10\/DSCN4250-www-300x225.jpg\" width=\"300\" height=\"225\" srcset=\"https:\/\/www.milosnicylasu.olsztyn.pl\/wp-content\/uploads\/2015\/10\/DSCN4250-www-300x225.jpg 300w, https:\/\/www.milosnicylasu.olsztyn.pl\/wp-content\/uploads\/2015\/10\/DSCN4250-www-400x300.jpg 400w, https:\/\/www.milosnicylasu.olsztyn.pl\/wp-content\/uploads\/2015\/10\/DSCN4250-www.jpg 1024w\" sizes=\"auto, (max-width: 300px) 100vw, 300px\" \/><\/a>Pi\u0119kne jest motto wystawy <strong>&#8222;Bo pi\u0119kno na to jest, by zachwyca\u0142o&#8221;<\/strong> (Cyprian Kamil Norwid). Nas wystawa zachwyci\u0142a . Wszystkim gor\u0105co polecamy jej obejrzenie, chocia\u017cby dla zobaczenia jak r\u00f3\u017cni arty\u015bci ukazuj\u0105 posta\u0107 cz\u0142owieka, natur\u0119, przyrod\u0119&#8230;&#8230;&#8230;<\/p>\n","protected":false},"excerpt":{"rendered":"<p>14 pa\u017adziernika 2015 w galerii wystawienniczej Biblioteki Uniwersyteckiej odby\u0142 si\u0119 wernisa\u017c grupy Artystycznej Rezerwy Tw\u00f3rczej (A*R*T*). Zaprezentowane zosta\u0142y prace \u00a0zakresu malarstwa, grafiki, haftu, tkactwa, fotografiki, pergamano, decoupage. W wystawie wzi\u0119\u0142y udzia\u0142 33 osoby, w tym nasza kole\u017canka z Ko\u0142a Czes\u0142awa Jab\u0142onowska, kt\u00f3ra z uwagi na stan zdrowia ju\u017c nie mo\u017ce aktywnie uczestniczy\u0107 w \u017cyciu KMLiM [&hellip;]<\/p>\n","protected":false},"author":1,"featured_media":0,"comment_status":"open","ping_status":"open","sticky":false,"template":"","format":"standard","meta":{"footnotes":""},"categories":[1,9,4],"tags":[],"class_list":["post-2224","post","type-post","status-publish","format-standard","hentry","category-bez-kategorii","category-ciekawostki","category-wystawy"],"_links":{"self":[{"href":"https:\/\/www.milosnicylasu.olsztyn.pl\/index.php?rest_route=\/wp\/v2\/posts\/2224","targetHints":{"allow":["GET"]}}],"collection":[{"href":"https:\/\/www.milosnicylasu.olsztyn.pl\/index.php?rest_route=\/wp\/v2\/posts"}],"about":[{"href":"https:\/\/www.milosnicylasu.olsztyn.pl\/index.php?rest_route=\/wp\/v2\/types\/post"}],"author":[{"embeddable":true,"href":"https:\/\/www.milosnicylasu.olsztyn.pl\/index.php?rest_route=\/wp\/v2\/users\/1"}],"replies":[{"embeddable":true,"href":"https:\/\/www.milosnicylasu.olsztyn.pl\/index.php?rest_route=%2Fwp%2Fv2%2Fcomments&post=2224"}],"version-history":[{"count":2,"href":"https:\/\/www.milosnicylasu.olsztyn.pl\/index.php?rest_route=\/wp\/v2\/posts\/2224\/revisions"}],"predecessor-version":[{"id":2229,"href":"https:\/\/www.milosnicylasu.olsztyn.pl\/index.php?rest_route=\/wp\/v2\/posts\/2224\/revisions\/2229"}],"wp:attachment":[{"href":"https:\/\/www.milosnicylasu.olsztyn.pl\/index.php?rest_route=%2Fwp%2Fv2%2Fmedia&parent=2224"}],"wp:term":[{"taxonomy":"category","embeddable":true,"href":"https:\/\/www.milosnicylasu.olsztyn.pl\/index.php?rest_route=%2Fwp%2Fv2%2Fcategories&post=2224"},{"taxonomy":"post_tag","embeddable":true,"href":"https:\/\/www.milosnicylasu.olsztyn.pl\/index.php?rest_route=%2Fwp%2Fv2%2Ftags&post=2224"}],"curies":[{"name":"wp","href":"https:\/\/api.w.org\/{rel}","templated":true}]}}