{"id":2240,"date":"2015-10-20T07:03:11","date_gmt":"2015-10-20T05:03:11","guid":{"rendered":"http:\/\/www.milosnicylasu.olsztyn.pl\/?p=2240"},"modified":"2015-10-20T07:09:14","modified_gmt":"2015-10-20T05:09:14","slug":"dlaczego-opadaja-liscie-z-drzew","status":"publish","type":"post","link":"https:\/\/www.milosnicylasu.olsztyn.pl\/?p=2240","title":{"rendered":"Dlaczego opadaj\u0105 li\u015bcie z drzew"},"content":{"rendered":"<p><a href=\"http:\/\/www.milosnicylasu.olsztyn.pl\/wp-content\/uploads\/2015\/10\/DSCN4313-www.jpg\" data-rel=\"lightbox-image-0\" data-magnific_type=\"image\" data-rl_title=\"\" data-rl_caption=\"\" title=\"\"><img loading=\"lazy\" decoding=\"async\" class=\"alignleft size-medium wp-image-2237\" alt=\"DSCN4313-www\" src=\"http:\/\/www.milosnicylasu.olsztyn.pl\/wp-content\/uploads\/2015\/10\/DSCN4313-www-300x225.jpg\" width=\"300\" height=\"225\" srcset=\"https:\/\/www.milosnicylasu.olsztyn.pl\/wp-content\/uploads\/2015\/10\/DSCN4313-www-300x225.jpg 300w, https:\/\/www.milosnicylasu.olsztyn.pl\/wp-content\/uploads\/2015\/10\/DSCN4313-www-400x300.jpg 400w, https:\/\/www.milosnicylasu.olsztyn.pl\/wp-content\/uploads\/2015\/10\/DSCN4313-www.jpg 1024w\" sizes=\"auto, (max-width: 300px) 100vw, 300px\" \/><\/a>Jesie\u0144 jest pi\u0119knie kolorowa, nostalgiczna, zmierzaj\u0105ca ku zimie&#8230; R\u00f3\u017cnobarwno\u015b\u0107 tej pory roku widoczna jest w ro\u015blinnych li\u015bciach. We wrze\u015bniu rozpoczyna si\u0119 ten kolorowy spektakl.<\/p>\n<p>Ziele\u0144 powoli znika, ust\u0119puj\u0105c miejsca barwom \u017c\u00f3\u0142tym, br\u0105zowym, rudym i czerwonym. Drzewa i krzewy li\u015bciaste sukcesywnie pozbywaj\u0105 si\u0119 kolorowych\u00a0\u00a0li\u015bci, kt\u00f3re niczym barwny dywan za\u015bcie\u0142aj\u0105 ziemi\u0119. Dlaczego tak si\u0119 dzieje? Nie ma dot\u0105d jednoznacznej odpowiedzi.<\/p>\n<p>Zrzucanie li\u015bci jest dla ro\u015blin wa\u017cnym \u017cyciowo procesem fizjologicznym. W okresie wegetacji poprzez blaszki li\u015bciowe odbywa si\u0119 intensywna transpiracja (wyparowywanie wody), dzi\u0119ki kt\u00f3rej ro\u015bliny trac\u0105 ciep\u0142o i si\u0119 nie przegrzewaj\u0105. Pozostawienie li\u015bci na zim\u0119 grozi\u0142oby przemarzni\u0119ciem, dlatego ro\u015bliny przygotowuj\u0105c si\u0119 do zimy zawczasu pozbywaj\u0105 si\u0119 tych organ\u00f3w. Za barw\u0119 li\u015bci ro\u015blin\u00a0odpowiada mieszanka wielu pigment\u00f3w, kt\u00f3rych sk\u0142ad ilo\u015bciowy jest r\u00f3\u017cny u r\u00f3\u017cnych gatunk\u00f3w. W li\u015bciach zazwyczaj najwi\u0119cej jest chlorofili (barwnik\u00f3w zielonych), mniej jest ksantofili (barwnik\u00f3w \u017c\u00f3\u0142tych) i karoten\u00f3w (barwnik\u00f3w pomara\u0144czowych) oraz antocyjan\u00f3w (czerwonych, niebieskich i fioletowych). Li\u015bcie s\u0105 zielone z powodu przewagi chlorofili nad pozosta\u0142ymi barwnikami. Jesieni\u0105, gdy dni staj\u0105 si\u0119 kr\u00f3tsze i jest mniej \u015bwiat\u0142a do przeprowadzania fotosyntezy, chlorofile ulegaj\u0105 rozk\u0142adowi i wtedy w li\u015bciach uwidaczniaj\u0105 si\u0119 inne barwniki. Niekt\u00f3re gatunki jesieni\u0105 produkuj\u0105 nawet wi\u0119ksze ilo\u015bci antocyjan\u00f3w. Przypuszcza si\u0119, \u017ce \u017c\u00f3\u0142te i czerwone barwy li\u015bci mog\u0105 odstrasza\u0107 paso\u017cytnicze owady, aby w nich na zim\u0119 nie sk\u0142ada\u0142y jajeczek. Inna hipoteza stara si\u0119 wyja\u015bni\u0107 jesienn\u0105 produkcj\u0119 kolorowych barwnik\u00f3w jako ochron\u0119 przed powstaj\u0105cymi wolnymi rodnikami tlenowymi odpowiedzialnymi za starzenie si\u0119 organizm\u00f3w. <a href=\"http:\/\/www.milosnicylasu.olsztyn.pl\/wp-content\/uploads\/2015\/10\/DSCN4302-www.jpg\" data-rel=\"lightbox-image-1\" data-magnific_type=\"image\" data-rl_title=\"\" data-rl_caption=\"\" title=\"\"><img loading=\"lazy\" decoding=\"async\" class=\"size-medium wp-image-2238 alignright\" alt=\"DSCN4302-www\" src=\"http:\/\/www.milosnicylasu.olsztyn.pl\/wp-content\/uploads\/2015\/10\/DSCN4302-www-300x225.jpg\" width=\"300\" height=\"225\" srcset=\"https:\/\/www.milosnicylasu.olsztyn.pl\/wp-content\/uploads\/2015\/10\/DSCN4302-www-300x225.jpg 300w, https:\/\/www.milosnicylasu.olsztyn.pl\/wp-content\/uploads\/2015\/10\/DSCN4302-www-400x300.jpg 400w, https:\/\/www.milosnicylasu.olsztyn.pl\/wp-content\/uploads\/2015\/10\/DSCN4302-www.jpg 1024w\" sizes=\"auto, (max-width: 300px) 100vw, 300px\" \/><\/a><\/p>\n<p>Natura wie, co robi. Ta pora roku stanowi przecie\u017c po\u017cegnanie lata, jest czasem, kiedy przyroda zamiera przed zim\u0105, aby z pe\u0142n\u0105 si\u0142\u0105 odrodzi\u0107 si\u0119 na wiosn\u0119.<\/p>\n<p><strong><i>tekst: Maria Olszowska<\/i><i><br \/>\nAutorka jest emerytowan\u0105 nauczycielk\u0105 biologii. Pochodzi z Krakowa, od trzydziestu lat <\/i><i><span style=\"text-decoration: underline;\">mieszka<\/span><\/i><i> w Mr\u0105gowie.\u00a0<\/i><\/strong><\/p>\n<p><strong>zdj\u0119cia<\/strong>: <strong>\u00a0Anatol Leszczy\u0144ski \/<\/strong>zdj\u0119cia zrobione podczas sobotniego spaceru po Arboretum w Kudypach 17 pa\u017adziernika 2015 r.\/<\/p>\n","protected":false},"excerpt":{"rendered":"<p>Jesie\u0144 jest pi\u0119knie kolorowa, nostalgiczna, zmierzaj\u0105ca ku zimie&#8230; R\u00f3\u017cnobarwno\u015b\u0107 tej pory roku widoczna jest w ro\u015blinnych li\u015bciach. We wrze\u015bniu rozpoczyna si\u0119 ten kolorowy spektakl. Ziele\u0144 powoli znika, ust\u0119puj\u0105c miejsca barwom \u017c\u00f3\u0142tym, br\u0105zowym, rudym i czerwonym. Drzewa i krzewy li\u015bciaste sukcesywnie pozbywaj\u0105 si\u0119 kolorowych\u00a0\u00a0li\u015bci, kt\u00f3re niczym barwny dywan za\u015bcie\u0142aj\u0105 ziemi\u0119. Dlaczego tak si\u0119 dzieje? Nie ma [&hellip;]<\/p>\n","protected":false},"author":1,"featured_media":0,"comment_status":"open","ping_status":"open","sticky":false,"template":"","format":"standard","meta":{"footnotes":""},"categories":[1,9,2],"tags":[],"class_list":["post-2240","post","type-post","status-publish","format-standard","hentry","category-bez-kategorii","category-ciekawostki","category-rajdy"],"_links":{"self":[{"href":"https:\/\/www.milosnicylasu.olsztyn.pl\/index.php?rest_route=\/wp\/v2\/posts\/2240","targetHints":{"allow":["GET"]}}],"collection":[{"href":"https:\/\/www.milosnicylasu.olsztyn.pl\/index.php?rest_route=\/wp\/v2\/posts"}],"about":[{"href":"https:\/\/www.milosnicylasu.olsztyn.pl\/index.php?rest_route=\/wp\/v2\/types\/post"}],"author":[{"embeddable":true,"href":"https:\/\/www.milosnicylasu.olsztyn.pl\/index.php?rest_route=\/wp\/v2\/users\/1"}],"replies":[{"embeddable":true,"href":"https:\/\/www.milosnicylasu.olsztyn.pl\/index.php?rest_route=%2Fwp%2Fv2%2Fcomments&post=2240"}],"version-history":[{"count":3,"href":"https:\/\/www.milosnicylasu.olsztyn.pl\/index.php?rest_route=\/wp\/v2\/posts\/2240\/revisions"}],"predecessor-version":[{"id":2243,"href":"https:\/\/www.milosnicylasu.olsztyn.pl\/index.php?rest_route=\/wp\/v2\/posts\/2240\/revisions\/2243"}],"wp:attachment":[{"href":"https:\/\/www.milosnicylasu.olsztyn.pl\/index.php?rest_route=%2Fwp%2Fv2%2Fmedia&parent=2240"}],"wp:term":[{"taxonomy":"category","embeddable":true,"href":"https:\/\/www.milosnicylasu.olsztyn.pl\/index.php?rest_route=%2Fwp%2Fv2%2Fcategories&post=2240"},{"taxonomy":"post_tag","embeddable":true,"href":"https:\/\/www.milosnicylasu.olsztyn.pl\/index.php?rest_route=%2Fwp%2Fv2%2Ftags&post=2240"}],"curies":[{"name":"wp","href":"https:\/\/api.w.org\/{rel}","templated":true}]}}