{"id":2250,"date":"2015-10-26T10:23:55","date_gmt":"2015-10-26T09:23:55","guid":{"rendered":"http:\/\/www.milosnicylasu.olsztyn.pl\/?p=2250"},"modified":"2015-10-29T08:24:09","modified_gmt":"2015-10-29T07:24:09","slug":"wyjazdowa-edukacja-w-nadlesnictwie-lidzbark","status":"publish","type":"post","link":"https:\/\/www.milosnicylasu.olsztyn.pl\/?p=2250","title":{"rendered":"Wyjazdowa edukacja w Nadle\u015bnictwie Lidzbark"},"content":{"rendered":"<p><a href=\"http:\/\/www.milosnicylasu.olsztyn.pl\/wp-content\/uploads\/2015\/10\/DSCN4416-www.jpg\" data-rel=\"lightbox-image-0\" data-magnific_type=\"image\" data-rl_title=\"\" data-rl_caption=\"\" title=\"\"><img loading=\"lazy\" decoding=\"async\" class=\"alignleft size-medium wp-image-2251\" alt=\"DSCN4416-www\" src=\"http:\/\/www.milosnicylasu.olsztyn.pl\/wp-content\/uploads\/2015\/10\/DSCN4416-www-300x225.jpg\" width=\"300\" height=\"225\" srcset=\"https:\/\/www.milosnicylasu.olsztyn.pl\/wp-content\/uploads\/2015\/10\/DSCN4416-www-300x225.jpg 300w, https:\/\/www.milosnicylasu.olsztyn.pl\/wp-content\/uploads\/2015\/10\/DSCN4416-www-400x300.jpg 400w, https:\/\/www.milosnicylasu.olsztyn.pl\/wp-content\/uploads\/2015\/10\/DSCN4416-www.jpg 1024w\" sizes=\"auto, (max-width: 300px) 100vw, 300px\" \/><\/a><\/p>\n<p>&nbsp;<\/p>\n<p>24 pa\u017adziernika 2015 r., 52 cz\u0142onk\u00f3w Ko\u0142a Mi\u0142o\u015bnik\u00f3w Lasu i Militari\u00f3w LOK przy Akademii Trzeciego Wieku w Olsztynie, odwiedzi\u0142o Nadle\u015bnictwo Lidzbark.<\/p>\n<p>Bardzo go\u015bcinnie i serdecznie przyj\u0119li nas pracownicy Nadle\u015bnictwa, na czele \u00a0z Nadle\u015bniczym Panem Jackiem Folborskim, kt\u00f3ry wsp\u00f3lnie z Pani\u0105 Joann\u0105 Bilsk\u0105 zapozna\u0142 nas z histori\u0105 i obecnym zarz\u0105dzaniem Nadle\u015bnictwem.<a href=\"http:\/\/www.milosnicylasu.olsztyn.pl\/wp-content\/uploads\/2015\/10\/DSCN4358-www.jpg\" data-rel=\"lightbox-image-1\" data-magnific_type=\"image\" data-rl_title=\"\" data-rl_caption=\"\" title=\"\"><img loading=\"lazy\" decoding=\"async\" class=\"size-medium wp-image-2252 alignright\" alt=\"DSCN4358-www\" src=\"http:\/\/www.milosnicylasu.olsztyn.pl\/wp-content\/uploads\/2015\/10\/DSCN4358-www-300x225.jpg\" width=\"300\" height=\"225\" srcset=\"https:\/\/www.milosnicylasu.olsztyn.pl\/wp-content\/uploads\/2015\/10\/DSCN4358-www-300x225.jpg 300w, https:\/\/www.milosnicylasu.olsztyn.pl\/wp-content\/uploads\/2015\/10\/DSCN4358-www-400x300.jpg 400w, https:\/\/www.milosnicylasu.olsztyn.pl\/wp-content\/uploads\/2015\/10\/DSCN4358-www.jpg 1024w\" sizes=\"auto, (max-width: 300px) 100vw, 300px\" \/><\/a><\/p>\n<p>Historia samego Nadle\u015bnictwa Lidzbark jako jednostki administracyjnej si\u0119ga roku 1874, kiedy to Nadle\u015bnictwo Lidzbark powsta\u0142o jako Nadle\u015bnictwo Kr\u00f3lewskie.\u00a0Lasy Nadle\u015bnictwa<\/p>\n<p>Lasy Nadle\u015bnictwa Lidzbark zajmuj\u0105 powierzchni\u0119 blisko 26 000 ha. G\u0142\u00f3wnym gatunkiem tworz\u0105cym drzewostany w Nadle\u015bnictwie Lidzbark jest sosna, kt\u00f3ry zajmuje 87,15% powierzchni. Nast\u0119pnym gatunkiem pod wzgl\u0119dem wielko\u015bci zajmowanej powierzchni jest brzoza \u2013 3,98%, d\u0105b \u2013 3,17% oraz olsza \u2013 3,13%.<br \/>\nZdecydowanie najwi\u0119ksz\u0105 powierzchni\u0119 zajmuj\u0105 gatunki iglaste &#8211; 88,90%, gatunki li\u015bciaste zajmuj\u0105 \u2013 11,10%.<\/p>\n<p>Blisko 80 % las\u00f3w Nadle\u015bnictwa Lidzbark obj\u0119tych jest r\u00f3\u017cnymi formami ochrony przyrody. W\u015br\u00f3d nich s\u0105<span style=\"color: #333333; font-style: normal; font-weight: 300; line-height: 24.375px;\">\u00a04 rezerwaty przyrody, 2 parki krajobrazowe, 4 obszary Natura 2000 oraz liczne obszary chronionego krajobrazu. Zachowa\u0142y si\u0119 fragmenty drzewostan\u00f3w oraz mechowisk z bardzo rzadkimi gatunkami ro\u015blin. Obszar,ze wzgl\u0119du na obecno\u015b\u0107 jezior \/ok.30\/ i starszych drzewostan\u00f3w obfituje w liczne gatunki ptak\u00f3w drapie\u017cnych &#8211; \u00a0orliki krzykliwe, bieliki, rybo\u0142owy.<\/span><\/p>\n<p>To tylko niekt\u00f3re wiadomo\u015bci, kt\u00f3re zosta\u0142y nam przekazane podczas spotkania w sali edukacyjnej.<\/p>\n<p>Wiele informacji o lesie przekaza\u0142 nam Pan Nadle\u015bniczy podczas zwiedzania Muzeum Le\u015bnego powsta\u0142ego w 2005 roku. Zobaczyli\u015bmy m.in. zwierz\u0119ta wyst\u0119puj\u0105ce na terenie Nadle\u015bnictwa, zabytkowe \u00a0sprz\u0119ty stosowane kiedy\u015b w pracy le\u015bnik\u00f3w, a tak\u017ce pierwszy komputer Nadle\u015bnictwa, stara centralk\u0119 telefoniczn\u0105&#8230;&#8230;&#8230;<\/p>\n<p><a href=\"http:\/\/www.milosnicylasu.olsztyn.pl\/wp-content\/uploads\/2015\/10\/DSCN4409-www.jpg\" data-rel=\"lightbox-image-2\" data-magnific_type=\"image\" data-rl_title=\"\" data-rl_caption=\"\" title=\"\"><img loading=\"lazy\" decoding=\"async\" class=\"alignleft size-medium wp-image-2253\" alt=\"DSCN4409-www\" src=\"http:\/\/www.milosnicylasu.olsztyn.pl\/wp-content\/uploads\/2015\/10\/DSCN4409-www-300x225.jpg\" width=\"300\" height=\"225\" srcset=\"https:\/\/www.milosnicylasu.olsztyn.pl\/wp-content\/uploads\/2015\/10\/DSCN4409-www-300x225.jpg 300w, https:\/\/www.milosnicylasu.olsztyn.pl\/wp-content\/uploads\/2015\/10\/DSCN4409-www-400x300.jpg 400w, https:\/\/www.milosnicylasu.olsztyn.pl\/wp-content\/uploads\/2015\/10\/DSCN4409-www.jpg 1024w\" sizes=\"auto, (max-width: 300px) 100vw, 300px\" \/><\/a><\/p>\n<p>&nbsp;<\/p>\n<p>Z du\u017cym zainteresowaniem i podziwem ogl\u0105dali\u015bmy makiety dawnych grod\u00f3w, wykonane przez Pana Jacka Folborskiego. Gratulujemy pi\u0119knej pasji.<\/p>\n<p>&nbsp;<\/p>\n<p><a href=\"http:\/\/www.milosnicylasu.olsztyn.pl\/wp-content\/uploads\/2015\/10\/DSCN4389-www.jpg\" data-rel=\"lightbox-image-3\" data-magnific_type=\"image\" data-rl_title=\"\" data-rl_caption=\"\" title=\"\"><img loading=\"lazy\" decoding=\"async\" class=\"size-medium wp-image-2264 alignright\" alt=\"DSCN4389-www\" src=\"http:\/\/www.milosnicylasu.olsztyn.pl\/wp-content\/uploads\/2015\/10\/DSCN4389-www-300x225.jpg\" width=\"300\" height=\"225\" srcset=\"https:\/\/www.milosnicylasu.olsztyn.pl\/wp-content\/uploads\/2015\/10\/DSCN4389-www-300x225.jpg 300w, https:\/\/www.milosnicylasu.olsztyn.pl\/wp-content\/uploads\/2015\/10\/DSCN4389-www-400x300.jpg 400w, https:\/\/www.milosnicylasu.olsztyn.pl\/wp-content\/uploads\/2015\/10\/DSCN4389-www.jpg 1024w\" sizes=\"auto, (max-width: 300px) 100vw, 300px\" \/><\/a><\/p>\n<p><a href=\"http:\/\/www.milosnicylasu.olsztyn.pl\/wp-content\/uploads\/2015\/10\/DSCN4482-www.jpg\" data-rel=\"lightbox-image-4\" data-magnific_type=\"image\" data-rl_title=\"\" data-rl_caption=\"\" title=\"\"><img loading=\"lazy\" decoding=\"async\" class=\"size-medium wp-image-2254 alignright\" alt=\"DSCN4482-www\" src=\"http:\/\/www.milosnicylasu.olsztyn.pl\/wp-content\/uploads\/2015\/10\/DSCN4482-www-300x225.jpg\" width=\"300\" height=\"225\" srcset=\"https:\/\/www.milosnicylasu.olsztyn.pl\/wp-content\/uploads\/2015\/10\/DSCN4482-www-300x225.jpg 300w, https:\/\/www.milosnicylasu.olsztyn.pl\/wp-content\/uploads\/2015\/10\/DSCN4482-www-400x300.jpg 400w, https:\/\/www.milosnicylasu.olsztyn.pl\/wp-content\/uploads\/2015\/10\/DSCN4482-www.jpg 1024w\" sizes=\"auto, (max-width: 300px) 100vw, 300px\" \/><\/a><\/p>\n<p>&nbsp;<\/p>\n<p>&nbsp;<\/p>\n<p>Pani Joanna Bilska i \u017cona Pana Nadle\u015bniczego, Pani \u00a0Danuta Folborska, uzupe\u0142nia\u0142y informacje przekazywane przez Pana Jacka.<\/p>\n<p>&nbsp;<\/p>\n<p>&nbsp;<\/p>\n<p>&nbsp;<\/p>\n<p>Podczas tego wyjazdu zwiedzili\u015bmy r\u00f3wnie\u017c O\u015brodek Hodowli Zwierzyny Konopaty, gdzie le\u015bnicy w spos\u00f3b wzorcowy prowadz\u0105 gospodark\u0119 \u0142owieck\u0105.<\/p>\n<p>&nbsp;<\/p>\n<p><a href=\"http:\/\/www.milosnicylasu.olsztyn.pl\/wp-content\/uploads\/2015\/10\/DSCN4434-www.jpg\" data-rel=\"lightbox-image-5\" data-magnific_type=\"image\" data-rl_title=\"\" data-rl_caption=\"\" title=\"\"><img loading=\"lazy\" decoding=\"async\" class=\"alignleft size-medium wp-image-2263\" alt=\"DSCN4434-www\" src=\"http:\/\/www.milosnicylasu.olsztyn.pl\/wp-content\/uploads\/2015\/10\/DSCN4434-www-300x225.jpg\" width=\"300\" height=\"225\" srcset=\"https:\/\/www.milosnicylasu.olsztyn.pl\/wp-content\/uploads\/2015\/10\/DSCN4434-www-300x225.jpg 300w, https:\/\/www.milosnicylasu.olsztyn.pl\/wp-content\/uploads\/2015\/10\/DSCN4434-www-400x300.jpg 400w, https:\/\/www.milosnicylasu.olsztyn.pl\/wp-content\/uploads\/2015\/10\/DSCN4434-www.jpg 1024w\" sizes=\"auto, (max-width: 300px) 100vw, 300px\" \/><\/a><\/p>\n<p>&nbsp;<\/p>\n<p>&nbsp;<\/p>\n<p>Pan S\u0142awomir Wadecki &#8211; podle\u015bniczy w Le\u015bnictwie Bry\u0144sk, by\u0142 naszym przewodnikiem. <a href=\"http:\/\/www.milosnicylasu.olsztyn.pl\/wp-content\/uploads\/2015\/10\/DSCN4530-www.jpg\" data-rel=\"lightbox-image-6\" data-magnific_type=\"image\" data-rl_title=\"\" data-rl_caption=\"\" title=\"\"><img loading=\"lazy\" decoding=\"async\" class=\"size-medium wp-image-2267 alignright\" alt=\"DSCN4530-www\" src=\"http:\/\/www.milosnicylasu.olsztyn.pl\/wp-content\/uploads\/2015\/10\/DSCN4530-www-300x225.jpg\" width=\"300\" height=\"225\" srcset=\"https:\/\/www.milosnicylasu.olsztyn.pl\/wp-content\/uploads\/2015\/10\/DSCN4530-www-300x225.jpg 300w, https:\/\/www.milosnicylasu.olsztyn.pl\/wp-content\/uploads\/2015\/10\/DSCN4530-www-400x300.jpg 400w, https:\/\/www.milosnicylasu.olsztyn.pl\/wp-content\/uploads\/2015\/10\/DSCN4530-www.jpg 1024w\" sizes=\"auto, (max-width: 300px) 100vw, 300px\" \/><\/a><\/p>\n<p>&nbsp;<\/p>\n<p>&nbsp;<\/p>\n<p>&nbsp;<\/p>\n<p>&nbsp;<\/p>\n<p>&nbsp;<\/p>\n<p>&nbsp;<\/p>\n<p>&nbsp;<\/p>\n<p>&nbsp;<\/p>\n<p><a href=\"http:\/\/www.milosnicylasu.olsztyn.pl\/wp-content\/uploads\/2015\/10\/DSCN4523-www.jpg\" data-rel=\"lightbox-image-7\" data-magnific_type=\"image\" data-rl_title=\"\" data-rl_caption=\"\" title=\"\"><img loading=\"lazy\" decoding=\"async\" class=\"alignleft size-medium wp-image-2269\" alt=\"DSCN4523-www\" src=\"http:\/\/www.milosnicylasu.olsztyn.pl\/wp-content\/uploads\/2015\/10\/DSCN4523-www-300x225.jpg\" width=\"300\" height=\"225\" srcset=\"https:\/\/www.milosnicylasu.olsztyn.pl\/wp-content\/uploads\/2015\/10\/DSCN4523-www-300x225.jpg 300w, https:\/\/www.milosnicylasu.olsztyn.pl\/wp-content\/uploads\/2015\/10\/DSCN4523-www-400x300.jpg 400w, https:\/\/www.milosnicylasu.olsztyn.pl\/wp-content\/uploads\/2015\/10\/DSCN4523-www.jpg 1024w\" sizes=\"auto, (max-width: 300px) 100vw, 300px\" \/><\/a><\/p>\n<p>&nbsp;<\/p>\n<p>Dzielnie \u00a0pomaga\u0142\u00a0<span style=\"color: #333333; font-style: normal; font-weight: 300; line-height: 24.375px;\">mu\u00a0<\/span><span style=\"font-weight: 300;\">synek Julian, kt\u00f3ry mimo m\u0142odego wieku, zadziwia\u0142 nas wiedz\u0105 o lesie, o mieszka\u0144cach lasu.<\/span><\/p>\n<p>&nbsp;<\/p>\n<p>&nbsp;<\/p>\n<p><a href=\"http:\/\/www.milosnicylasu.olsztyn.pl\/wp-content\/uploads\/2015\/10\/DSCN4469-www.jpg\" data-rel=\"lightbox-image-8\" data-magnific_type=\"image\" data-rl_title=\"\" data-rl_caption=\"\" title=\"\"><img loading=\"lazy\" decoding=\"async\" class=\"size-medium wp-image-2255 alignright\" alt=\"DSCN4469-www\" src=\"http:\/\/www.milosnicylasu.olsztyn.pl\/wp-content\/uploads\/2015\/10\/DSCN4469-www-300x225.jpg\" width=\"300\" height=\"225\" srcset=\"https:\/\/www.milosnicylasu.olsztyn.pl\/wp-content\/uploads\/2015\/10\/DSCN4469-www-300x225.jpg 300w, https:\/\/www.milosnicylasu.olsztyn.pl\/wp-content\/uploads\/2015\/10\/DSCN4469-www-400x300.jpg 400w, https:\/\/www.milosnicylasu.olsztyn.pl\/wp-content\/uploads\/2015\/10\/DSCN4469-www.jpg 1024w\" sizes=\"auto, (max-width: 300px) 100vw, 300px\" \/><\/a><\/p>\n<p>&nbsp;<\/p>\n<p>&nbsp;<\/p>\n<p>Ze szczeg\u00f3lnym zainteresowaniem ogl\u0105dali\u015bmy hodowl\u0119 ba\u017cant\u00f3w \/ok.14.000 sztuk\/. Doros\u0142e ba\u017canty pochodz\u0105ce z hodowli zasilaj\u0105 dzikie populacje tego gatunku w Polsce i w innych krajach UE. Pani Irena Jarecka \u00a0z Zak\u0142adu Us\u0142ug Le\u015bnych, kt\u00f3ra wraz z m\u0119\u017cem opiekuje si\u0119 tymi pi\u0119knymi ptakami, oprowadza\u0142a nas \u00a0i opowiada\u0142a \u00a0o trudnej ale jak\u017ce ciekawej pracy.<\/p>\n<p><a href=\"http:\/\/www.milosnicylasu.olsztyn.pl\/wp-content\/uploads\/2015\/10\/DSCN4535-www.jpg\" data-rel=\"lightbox-image-9\" data-magnific_type=\"image\" data-rl_title=\"\" data-rl_caption=\"\" title=\"\"><img loading=\"lazy\" decoding=\"async\" class=\"size-medium wp-image-2256 alignright\" alt=\"DSCN4535-www\" src=\"http:\/\/www.milosnicylasu.olsztyn.pl\/wp-content\/uploads\/2015\/10\/DSCN4535-www-300x225.jpg\" width=\"300\" height=\"225\" srcset=\"https:\/\/www.milosnicylasu.olsztyn.pl\/wp-content\/uploads\/2015\/10\/DSCN4535-www-300x225.jpg 300w, https:\/\/www.milosnicylasu.olsztyn.pl\/wp-content\/uploads\/2015\/10\/DSCN4535-www-400x300.jpg 400w, https:\/\/www.milosnicylasu.olsztyn.pl\/wp-content\/uploads\/2015\/10\/DSCN4535-www.jpg 1024w\" sizes=\"auto, (max-width: 300px) 100vw, 300px\" \/><\/a><\/p>\n<p>&nbsp;<\/p>\n<p>W drodze powrotnej do Olsztyna przeszli\u015bmy star\u00f3wk\u0105 w Lidzbarku, zwiedzili\u015bmy ko\u015bci\u00f3\u0142 pod wezwaniem \u015awi\u0119tego Wojciecha.\u00a0<a href=\"http:\/\/www.milosnicylasu.olsztyn.pl\/wp-content\/uploads\/2015\/10\/DSCN4551-www.jpg\" data-rel=\"lightbox-image-10\" data-magnific_type=\"image\" data-rl_title=\"\" data-rl_caption=\"\" title=\"\"><img loading=\"lazy\" decoding=\"async\" class=\"alignleft size-medium wp-image-2257\" alt=\"DSCN4551-www\" src=\"http:\/\/www.milosnicylasu.olsztyn.pl\/wp-content\/uploads\/2015\/10\/DSCN4551-www-300x225.jpg\" width=\"300\" height=\"225\" srcset=\"https:\/\/www.milosnicylasu.olsztyn.pl\/wp-content\/uploads\/2015\/10\/DSCN4551-www-300x225.jpg 300w, https:\/\/www.milosnicylasu.olsztyn.pl\/wp-content\/uploads\/2015\/10\/DSCN4551-www-400x300.jpg 400w, https:\/\/www.milosnicylasu.olsztyn.pl\/wp-content\/uploads\/2015\/10\/DSCN4551-www.jpg 1024w\" sizes=\"auto, (max-width: 300px) 100vw, 300px\" \/><\/a><\/p>\n<p>&nbsp;<\/p>\n<p>&nbsp;<\/p>\n<p>&nbsp;<\/p>\n<p>A w Dzia\u0142dowie podziwiali\u015bmy ratusz<\/p>\n<p><b>Ratusz w Dzia\u0142dowie<\/b><span style=\"font-weight: 300;\"> \u2013 barokowy<\/span><span style=\"font-weight: 300;\">\u00a0budynek w centrum miasta Dzia\u0142dowo<\/span><span style=\"font-weight: 300;\">, na \u015brodku Placu Mickiewicza, wybudowany w 1796<\/span><span style=\"font-weight: 300;\">\u00a0na miejscu poprzedniego gotyckiego<\/span><span style=\"font-weight: 300;\">\u00a0ratusza, kt\u00f3ry od XIV wieku stanowi\u0142 siedzib\u0119 w\u0142adz miejskich.<\/span><\/p>\n<p><span style=\"font-weight: 300;\">i zamek pokrzy\u017cacki.<\/span><\/p>\n<p><span style=\"font-weight: 300;\"><a href=\"http:\/\/www.milosnicylasu.olsztyn.pl\/wp-content\/uploads\/2015\/10\/DSCN4561-www.jpg\" data-rel=\"lightbox-image-11\" data-magnific_type=\"image\" data-rl_title=\"\" data-rl_caption=\"\" title=\"\"><img loading=\"lazy\" decoding=\"async\" class=\"size-medium wp-image-2258 alignright\" alt=\"DSCN4561-www\" src=\"http:\/\/www.milosnicylasu.olsztyn.pl\/wp-content\/uploads\/2015\/10\/DSCN4561-www-300x225.jpg\" width=\"300\" height=\"225\" srcset=\"https:\/\/www.milosnicylasu.olsztyn.pl\/wp-content\/uploads\/2015\/10\/DSCN4561-www-300x225.jpg 300w, https:\/\/www.milosnicylasu.olsztyn.pl\/wp-content\/uploads\/2015\/10\/DSCN4561-www-400x300.jpg 400w, https:\/\/www.milosnicylasu.olsztyn.pl\/wp-content\/uploads\/2015\/10\/DSCN4561-www.jpg 1024w\" sizes=\"auto, (max-width: 300px) 100vw, 300px\" \/><\/a><\/span><\/p>\n<p>&nbsp;<\/p>\n<p><span style=\"color: #333333; font-style: normal; font-weight: 300; line-height: 24.375px;\">\u00a0Troch\u0119 zm\u0119czeni, ale pe\u0142ni wra\u017ce\u0144 wr\u00f3cili\u015bmy do domu.<\/span><\/p>\n<p>Dzi\u0119kujemy serdecznie Nadle\u015bniczemu Panu Jackowi Folborskiemu, Pani Joannie Bilskiej, innym pracownikom Nadle\u015bnictwa Lidzbark za go\u015bcin\u0119, za wiedz\u0119, za po\u015bwi\u0119cony czas.<\/p>\n","protected":false},"excerpt":{"rendered":"<p>&nbsp; 24 pa\u017adziernika 2015 r., 52 cz\u0142onk\u00f3w Ko\u0142a Mi\u0142o\u015bnik\u00f3w Lasu i Militari\u00f3w LOK przy Akademii Trzeciego Wieku w Olsztynie, odwiedzi\u0142o Nadle\u015bnictwo Lidzbark. Bardzo go\u015bcinnie i serdecznie przyj\u0119li nas pracownicy Nadle\u015bnictwa, na czele \u00a0z Nadle\u015bniczym Panem Jackiem Folborskim, kt\u00f3ry wsp\u00f3lnie z Pani\u0105 Joann\u0105 Bilsk\u0105 zapozna\u0142 nas z histori\u0105 i obecnym zarz\u0105dzaniem Nadle\u015bnictwem. Historia samego Nadle\u015bnictwa Lidzbark [&hellip;]<\/p>\n","protected":false},"author":1,"featured_media":0,"comment_status":"open","ping_status":"open","sticky":false,"template":"","format":"standard","meta":{"footnotes":""},"categories":[1,9,5],"tags":[],"class_list":["post-2250","post","type-post","status-publish","format-standard","hentry","category-bez-kategorii","category-ciekawostki","category-wycieczki"],"_links":{"self":[{"href":"https:\/\/www.milosnicylasu.olsztyn.pl\/index.php?rest_route=\/wp\/v2\/posts\/2250","targetHints":{"allow":["GET"]}}],"collection":[{"href":"https:\/\/www.milosnicylasu.olsztyn.pl\/index.php?rest_route=\/wp\/v2\/posts"}],"about":[{"href":"https:\/\/www.milosnicylasu.olsztyn.pl\/index.php?rest_route=\/wp\/v2\/types\/post"}],"author":[{"embeddable":true,"href":"https:\/\/www.milosnicylasu.olsztyn.pl\/index.php?rest_route=\/wp\/v2\/users\/1"}],"replies":[{"embeddable":true,"href":"https:\/\/www.milosnicylasu.olsztyn.pl\/index.php?rest_route=%2Fwp%2Fv2%2Fcomments&post=2250"}],"version-history":[{"count":7,"href":"https:\/\/www.milosnicylasu.olsztyn.pl\/index.php?rest_route=\/wp\/v2\/posts\/2250\/revisions"}],"predecessor-version":[{"id":2270,"href":"https:\/\/www.milosnicylasu.olsztyn.pl\/index.php?rest_route=\/wp\/v2\/posts\/2250\/revisions\/2270"}],"wp:attachment":[{"href":"https:\/\/www.milosnicylasu.olsztyn.pl\/index.php?rest_route=%2Fwp%2Fv2%2Fmedia&parent=2250"}],"wp:term":[{"taxonomy":"category","embeddable":true,"href":"https:\/\/www.milosnicylasu.olsztyn.pl\/index.php?rest_route=%2Fwp%2Fv2%2Fcategories&post=2250"},{"taxonomy":"post_tag","embeddable":true,"href":"https:\/\/www.milosnicylasu.olsztyn.pl\/index.php?rest_route=%2Fwp%2Fv2%2Ftags&post=2250"}],"curies":[{"name":"wp","href":"https:\/\/api.w.org\/{rel}","templated":true}]}}