{"id":2277,"date":"2015-11-11T14:08:59","date_gmt":"2015-11-11T13:08:59","guid":{"rendered":"http:\/\/www.milosnicylasu.olsztyn.pl\/?p=2277"},"modified":"2015-11-11T16:54:33","modified_gmt":"2015-11-11T15:54:33","slug":"nowy-konkurs","status":"publish","type":"post","link":"https:\/\/www.milosnicylasu.olsztyn.pl\/?p=2277","title":{"rendered":"Nowy konkurs"},"content":{"rendered":"<p><b>\u00a0<\/b><\/p>\n<p><strong>Czy znasz przyrod\u0119 Warmii i Mazur?<\/strong><\/p>\n<p>&nbsp;<\/p>\n<p>Przyroda i jej atrakcje maj\u0105 wiele twarzy do pokazania. Rozejrzyj si\u0119 tylko dooko\u0142a, czy co\u015b ci nie umkn\u0119\u0142o, czego\u015b nie omin\u0105\u0142e\u015b. By\u0107 mo\u017ce wiesz jak si\u0119 to nazywa lub gdzie to jest. Udowodnij, \u017ce masz doskona\u0142\u0105 pami\u0119\u0107, orientujesz si\u0119 w lokalizacji cennych przyrodniczo artefakt\u00f3w przyrody, gdzie to mo\u017cesz zobaczy\u0107.<\/p>\n<p>A wystarczy udzieli\u0107 prawid\u0142owo odpowiedzi na 10 pyta\u0144 testowych sk\u0142adaj\u0105cych si\u0119 \u00a0 \u00a0 \u00a0z\u00a0 3 odpowiedzi, w tym tylko 1 prawid\u0142owa. W przypadku wi\u0119kszej liczby prawid\u0142owych odpowiedzi, o kolejno\u015bci nagradzanych os\u00f3b b\u0119dzie decydowa\u0142 termin nadsy\u0142anych prawid\u0142owych odpowiedzi. Odpowiedzi wysy\u0142ajcie na adres poczty elektronicznej krystyna@kappa.pl &#8211; w tytule wpisuj\u0105c <b>Konkurs przyrody.<\/b><\/p>\n<p>Konkurs b\u0119dzie trwa\u0142 do 25 listopada 2015 roku.<\/p>\n<p><strong>Do wygrania \u2013 nagrody niespodzianki<\/strong><\/p>\n<p>&#8212;&#8212;&#8212;&#8212;&#8212;&#8212;&#8212;&#8212;&#8212;&#8212;&#8212;&#8212;&#8212;&#8212;&#8212;&#8212;&#8212;&#8212;&#8212;&#8212;&#8212;&#8212;&#8212;&#8212;&#8212;&#8212;&#8212;&#8212;&#8212;&#8212;&#8212;&#8212;&#8212;&#8212;&#8212;&#8212;&#8212;&#8211;<\/p>\n<p><strong><em>1. Najwy\u017csz\u0105 form\u0105 ochrony w Polsce jest<\/em>:<\/strong><\/p>\n<p>a) Park Krajobrazowy<\/p>\n<p>b) Park Narodowy<\/p>\n<p>c) Natura 2000<\/p>\n<p><strong>\u00a02. Poprawna nazwa prezentowanej formy przyrody to:<\/strong><\/p>\n<p>a) Mazurski Park Narodowy<\/p>\n<p>b) Mazurski Park Krajobrazowy<\/p>\n<p>c) Rezerwat Przyrody Warmii i Mazur<\/p>\n<p><strong>\u00a03. \u015awi\u0119to Mazurskiej D\u0142ubanki jest organizowane w (nadle\u015bnictwie):<\/strong><\/p>\n<p>a) Olsztynie<\/p>\n<p>b) Szczytnie<\/p>\n<p>c) Spychowie<\/p>\n<p><strong>\u00a04. Grzyb prezentowany na zdj\u0119ciu jest:<a href=\"http:\/\/www.milosnicylasu.olsztyn.pl\/wp-content\/uploads\/2015\/11\/a-www.jpg\" data-rel=\"lightbox-image-0\" data-magnific_type=\"image\" data-rl_title=\"\" data-rl_caption=\"\" title=\"\"><img loading=\"lazy\" decoding=\"async\" class=\"alignleft size-medium wp-image-2285\" alt=\"a-www\" src=\"http:\/\/www.milosnicylasu.olsztyn.pl\/wp-content\/uploads\/2015\/11\/a-www-300x278.jpg\" width=\"300\" height=\"278\" srcset=\"https:\/\/www.milosnicylasu.olsztyn.pl\/wp-content\/uploads\/2015\/11\/a-www-300x278.jpg 300w, https:\/\/www.milosnicylasu.olsztyn.pl\/wp-content\/uploads\/2015\/11\/a-www-323x300.jpg 323w, https:\/\/www.milosnicylasu.olsztyn.pl\/wp-content\/uploads\/2015\/11\/a-www.jpg 827w\" sizes=\"auto, (max-width: 300px) 100vw, 300px\" \/><\/a><\/strong><\/p>\n<p><strong>\u00a0<\/strong><\/p>\n<p>a) jadalny<\/p>\n<p>b) warunkowo jadalny<\/p>\n<p>c) truj\u0105cy<\/p>\n<p>&nbsp;<\/p>\n<p>&nbsp;<\/p>\n<p>&nbsp;<\/p>\n<p><strong><a href=\"http:\/\/www.milosnicylasu.olsztyn.pl\/wp-content\/uploads\/2015\/11\/b-www.jpg\" data-rel=\"lightbox-image-1\" data-magnific_type=\"image\" data-rl_title=\"\" data-rl_caption=\"\" title=\"\"><img loading=\"lazy\" decoding=\"async\" class=\"alignleft size-medium wp-image-2286\" alt=\"b-www\" src=\"http:\/\/www.milosnicylasu.olsztyn.pl\/wp-content\/uploads\/2015\/11\/b-www-300x238.jpg\" width=\"300\" height=\"238\" srcset=\"https:\/\/www.milosnicylasu.olsztyn.pl\/wp-content\/uploads\/2015\/11\/b-www-300x238.jpg 300w, https:\/\/www.milosnicylasu.olsztyn.pl\/wp-content\/uploads\/2015\/11\/b-www-377x300.jpg 377w, https:\/\/www.milosnicylasu.olsztyn.pl\/wp-content\/uploads\/2015\/11\/b-www.jpg 1024w\" sizes=\"auto, (max-width: 300px) 100vw, 300px\" \/><\/a>5. Zawilec gajowy:<\/strong><\/p>\n<p>a) podlega \u015bcis\u0142ej ochronie gatunkowej<\/p>\n<p>b) nie jest chroniony<\/p>\n<p>c) jest cz\u0119\u015bciowo chroniony<\/p>\n<p>&nbsp;<\/p>\n<p>&nbsp;<\/p>\n<p><strong>6. Najcz\u0119\u015bciej pojawiaj\u0105ce si\u0119 kwiaty w okresie spodzimku to:<\/strong><\/p>\n<p>a) fio\u0142ka polnego<\/p>\n<p>b) g\u0142ogu<\/p>\n<p>c) leszczyny<\/p>\n<p>&nbsp;<\/p>\n<p><a href=\"http:\/\/www.milosnicylasu.olsztyn.pl\/wp-content\/uploads\/2015\/11\/c-www.jpg\" data-rel=\"lightbox-image-2\" data-magnific_type=\"image\" data-rl_title=\"\" data-rl_caption=\"\" title=\"\"><img loading=\"lazy\" decoding=\"async\" class=\"alignleft size-medium wp-image-2287\" alt=\"c-www\" src=\"http:\/\/www.milosnicylasu.olsztyn.pl\/wp-content\/uploads\/2015\/11\/c-www-300x256.jpg\" width=\"300\" height=\"256\" srcset=\"https:\/\/www.milosnicylasu.olsztyn.pl\/wp-content\/uploads\/2015\/11\/c-www-300x256.jpg 300w, https:\/\/www.milosnicylasu.olsztyn.pl\/wp-content\/uploads\/2015\/11\/c-www-350x300.jpg 350w, https:\/\/www.milosnicylasu.olsztyn.pl\/wp-content\/uploads\/2015\/11\/c-www.jpg 1024w\" sizes=\"auto, (max-width: 300px) 100vw, 300px\" \/><\/a><strong><\/strong><\/p>\n<p>&nbsp;<\/p>\n<p><strong>7. Ro\u015blina na zdj\u0119ciu to:<\/strong><\/p>\n<p><strong>\u00a0<\/strong>a) fio\u0142ek le\u015bny<\/p>\n<p>b) chaber b\u0142awatek<\/p>\n<p>c) przylaszczka\u00a0 pospolita<\/p>\n<p>&nbsp;<\/p>\n<p>&nbsp;<\/p>\n<p>&nbsp;<\/p>\n<p><strong><a href=\"http:\/\/www.milosnicylasu.olsztyn.pl\/wp-content\/uploads\/2015\/11\/d-www.jpg\" data-rel=\"lightbox-image-3\" data-magnific_type=\"image\" data-rl_title=\"\" data-rl_caption=\"\" title=\"\"><img loading=\"lazy\" decoding=\"async\" class=\"alignleft size-medium wp-image-2288\" alt=\"d-www\" src=\"http:\/\/www.milosnicylasu.olsztyn.pl\/wp-content\/uploads\/2015\/11\/d-www-300x225.jpg\" width=\"300\" height=\"225\" srcset=\"https:\/\/www.milosnicylasu.olsztyn.pl\/wp-content\/uploads\/2015\/11\/d-www-300x225.jpg 300w, https:\/\/www.milosnicylasu.olsztyn.pl\/wp-content\/uploads\/2015\/11\/d-www-400x300.jpg 400w, https:\/\/www.milosnicylasu.olsztyn.pl\/wp-content\/uploads\/2015\/11\/d-www.jpg 1024w\" sizes=\"auto, (max-width: 300px) 100vw, 300px\" \/><\/a>8. Jakie nadle\u015bnictwo z terenu Warmii i Mazur przygotowa\u0142o mo\u017cliwo\u015b\u0107 korzystania \u00a0 \u00a0z grzyboparking\u00f3w (tam mo\u017cna zobaczy\u0107 przyk\u0142adowe tablice informacyjne):<\/strong><\/p>\n<p>a) Lidzbark<\/p>\n<p>b) Gi\u017cycko<\/p>\n<p>c) Mr\u0105gowo<\/p>\n<p><strong>\u00a0<a href=\"http:\/\/www.milosnicylasu.olsztyn.pl\/wp-content\/uploads\/2015\/11\/e-www.jpg\" data-rel=\"lightbox-image-4\" data-magnific_type=\"image\" data-rl_title=\"\" data-rl_caption=\"\" title=\"\"><img loading=\"lazy\" decoding=\"async\" class=\"alignleft size-medium wp-image-2289\" alt=\"e-www\" src=\"http:\/\/www.milosnicylasu.olsztyn.pl\/wp-content\/uploads\/2015\/11\/e-www-300x200.jpg\" width=\"300\" height=\"200\" srcset=\"https:\/\/www.milosnicylasu.olsztyn.pl\/wp-content\/uploads\/2015\/11\/e-www-300x200.jpg 300w, https:\/\/www.milosnicylasu.olsztyn.pl\/wp-content\/uploads\/2015\/11\/e-www-448x300.jpg 448w, https:\/\/www.milosnicylasu.olsztyn.pl\/wp-content\/uploads\/2015\/11\/e-www.jpg 1024w\" sizes=\"auto, (max-width: 300px) 100vw, 300px\" \/><\/a>9. Prezentowany budynek jest zwi\u0105zany z:<\/strong><\/p>\n<p>a) Muzeum Wiecherta<\/p>\n<p>b) izb\u0105 przyrodniczo-le\u015bn\u0105 w Nadle\u015bnictwie Ostro\u0142\u0119ka<\/p>\n<p>c) arboretum w Kudypach<\/p>\n<p><strong><a href=\"http:\/\/www.milosnicylasu.olsztyn.pl\/wp-content\/uploads\/2015\/11\/f-www.jpg\" data-rel=\"lightbox-image-5\" data-magnific_type=\"image\" data-rl_title=\"\" data-rl_caption=\"\" title=\"\"><img loading=\"lazy\" decoding=\"async\" class=\"alignleft size-medium wp-image-2290\" alt=\"f-www\" src=\"http:\/\/www.milosnicylasu.olsztyn.pl\/wp-content\/uploads\/2015\/11\/f-www-300x260.jpg\" width=\"300\" height=\"260\" srcset=\"https:\/\/www.milosnicylasu.olsztyn.pl\/wp-content\/uploads\/2015\/11\/f-www-300x260.jpg 300w, https:\/\/www.milosnicylasu.olsztyn.pl\/wp-content\/uploads\/2015\/11\/f-www.jpg 883w\" sizes=\"auto, (max-width: 300px) 100vw, 300px\" \/><\/a><\/strong><\/p>\n<p><strong>10. Znane pi\u0119trowe skrzy\u017cowanie dw\u00f3ch kana\u0142\u00f3w wodnych \u2013 El\u017cbiety i Kiermas, pod Olsztynem, znajduje si\u0119 w miejscowo\u015bci:<\/strong><\/p>\n<p>a) Bart\u0105g<\/p>\n<p>b) Silice<\/p>\n<p>c) Barczewo<\/p>\n<p>&nbsp;<\/p>\n<p>Konkurs opracowa\u0142 Adam Siemakowicz, a sponsorami nagr\u00f3d s\u0105: Marzena Kicowska Jaro\u0144, Adam Siemakowicz, zarz\u0105d Ko\u0142a.<\/p>\n","protected":false},"excerpt":{"rendered":"<p>\u00a0 Czy znasz przyrod\u0119 Warmii i Mazur? &nbsp; Przyroda i jej atrakcje maj\u0105 wiele twarzy do pokazania. Rozejrzyj si\u0119 tylko dooko\u0142a, czy co\u015b ci nie umkn\u0119\u0142o, czego\u015b nie omin\u0105\u0142e\u015b. By\u0107 mo\u017ce wiesz jak si\u0119 to nazywa lub gdzie to jest. Udowodnij, \u017ce masz doskona\u0142\u0105 pami\u0119\u0107, orientujesz si\u0119 w lokalizacji cennych przyrodniczo artefakt\u00f3w przyrody, gdzie to [&hellip;]<\/p>\n","protected":false},"author":1,"featured_media":0,"comment_status":"open","ping_status":"open","sticky":false,"template":"","format":"standard","meta":{"footnotes":""},"categories":[1,9,13],"tags":[],"class_list":["post-2277","post","type-post","status-publish","format-standard","hentry","category-bez-kategorii","category-ciekawostki","category-konkursy"],"_links":{"self":[{"href":"https:\/\/www.milosnicylasu.olsztyn.pl\/index.php?rest_route=\/wp\/v2\/posts\/2277","targetHints":{"allow":["GET"]}}],"collection":[{"href":"https:\/\/www.milosnicylasu.olsztyn.pl\/index.php?rest_route=\/wp\/v2\/posts"}],"about":[{"href":"https:\/\/www.milosnicylasu.olsztyn.pl\/index.php?rest_route=\/wp\/v2\/types\/post"}],"author":[{"embeddable":true,"href":"https:\/\/www.milosnicylasu.olsztyn.pl\/index.php?rest_route=\/wp\/v2\/users\/1"}],"replies":[{"embeddable":true,"href":"https:\/\/www.milosnicylasu.olsztyn.pl\/index.php?rest_route=%2Fwp%2Fv2%2Fcomments&post=2277"}],"version-history":[{"count":10,"href":"https:\/\/www.milosnicylasu.olsztyn.pl\/index.php?rest_route=\/wp\/v2\/posts\/2277\/revisions"}],"predecessor-version":[{"id":2300,"href":"https:\/\/www.milosnicylasu.olsztyn.pl\/index.php?rest_route=\/wp\/v2\/posts\/2277\/revisions\/2300"}],"wp:attachment":[{"href":"https:\/\/www.milosnicylasu.olsztyn.pl\/index.php?rest_route=%2Fwp%2Fv2%2Fmedia&parent=2277"}],"wp:term":[{"taxonomy":"category","embeddable":true,"href":"https:\/\/www.milosnicylasu.olsztyn.pl\/index.php?rest_route=%2Fwp%2Fv2%2Fcategories&post=2277"},{"taxonomy":"post_tag","embeddable":true,"href":"https:\/\/www.milosnicylasu.olsztyn.pl\/index.php?rest_route=%2Fwp%2Fv2%2Ftags&post=2277"}],"curies":[{"name":"wp","href":"https:\/\/api.w.org\/{rel}","templated":true}]}}