{"id":2278,"date":"2015-11-08T22:18:53","date_gmt":"2015-11-08T21:18:53","guid":{"rendered":"http:\/\/www.milosnicylasu.olsztyn.pl\/?p=2278"},"modified":"2015-11-09T05:45:37","modified_gmt":"2015-11-09T04:45:37","slug":"zebranie-sprawozdawczo-wyborcze","status":"publish","type":"post","link":"https:\/\/www.milosnicylasu.olsztyn.pl\/?p=2278","title":{"rendered":"Zebranie sprawozdawczo-wyborcze"},"content":{"rendered":"<p><a href=\"http:\/\/www.milosnicylasu.olsztyn.pl\/wp-content\/uploads\/2015\/11\/IMG_20151105_161338-www.jpg\" data-rel=\"lightbox-image-0\" data-magnific_type=\"image\" data-rl_title=\"\" data-rl_caption=\"\" title=\"\"><img loading=\"lazy\" decoding=\"async\" class=\"alignleft size-medium wp-image-2279\" alt=\"IMG_20151105_161338-www\" src=\"http:\/\/www.milosnicylasu.olsztyn.pl\/wp-content\/uploads\/2015\/11\/IMG_20151105_161338-www-300x225.jpg\" width=\"300\" height=\"225\" srcset=\"https:\/\/www.milosnicylasu.olsztyn.pl\/wp-content\/uploads\/2015\/11\/IMG_20151105_161338-www-300x225.jpg 300w, https:\/\/www.milosnicylasu.olsztyn.pl\/wp-content\/uploads\/2015\/11\/IMG_20151105_161338-www-400x300.jpg 400w, https:\/\/www.milosnicylasu.olsztyn.pl\/wp-content\/uploads\/2015\/11\/IMG_20151105_161338-www.jpg 1024w\" sizes=\"auto, (max-width: 300px) 100vw, 300px\" \/><\/a>5 listopada 2015 r. odby\u0142o si\u0119 zebranie sprawozdawczo-wyborcze Ko\u0142a Mi\u0142o\u015bnik\u00f3w Lasu i Militari\u00f3w LOK przy ATW w Olsztynie.<\/p>\n<p>W spotkaniu udzia\u0142 wzi\u0119li zaproszeni go\u015bcie Jerzy Kowalski &#8211; prezes Wojew\u00f3dzkiej Organizacji LOK i J\u00f3zef Klucz z Powiatowej \u00a0Organizacji LOK w Olsztynie.<\/p>\n<p>Podczas obrad, Prezes<span style=\"font-weight: 300;\">\u00a0Ko\u0142a Anatol Leszczy\u0144ski przedstawi\u0142 sprawozdanie z dzia\u0142alno\u015bci Zarz\u0105du w latach 2010-2015. A dzia\u0142o si\u0119 wiele&#8230;.W ci\u0105gu 5 lat odby\u0142o si\u0119 45 zebra\u0144 w RDLP w Olsztynie, wys\u0142uchali\u015bmy 40 &#8222;le\u015bnych&#8221; wyk\u0142ad\u00f3w, uczestniczyli\u015bmy w 40 konkursach o tematyce przyrodniczo-le\u015bnej, krajoznawczej i historycznej, 13 razy sprz\u0105tali\u015bmy las &#8211; zebrali\u015bmy 160 work\u00f3w \u015bmieci, sadzili\u015bmy lasy w Olsztynie, w Nadle\u015bnictwie Mr\u0105gowo, odbyli\u015bmy 186 rajd\u00f3w \u015bcie\u017ckami po Nadle\u015bnictwie Olsztyn i Kudypy,.byli\u015bmy na 24 wycieczkach &#8211; przeje\u017cd\u017caj\u0105c 14.000 km, odby\u0142y si\u0119 84 treningi strzeleckie, przeprowadzono 24 \u00a0razy zawody strzeleckie, p\u0142yn\u0119li\u015bmy \u0142odziami rzek\u0105 Krutyni\u0105, byli\u015bmy na wspania\u0142ych kuligach, bawili\u015bmy si\u0119 na balach. Podziwiali\u015bmy prace naszych cz\u0142onk\u00f3w z zakresu malarstwa, haftu na r\u00f3\u017cnych wystawach. Mi\u0142o\u015bnicy szach\u00f3w 18-krotnie \u00a0rozgrywali turnieje szachowe.<\/span><\/p>\n<p>Prezes podkre\u015bli\u0142,\u017ce tak szeroka dzia\u0142alno\u015b\u0107 \u00a0by\u0142a mo\u017cliwa dzi\u0119ki zaanga\u017cowaniu wielu cz\u0142onk\u00f3w Ko\u0142a i pomocy organizacji i zatrudnionych w tych organizacjach przyjaznych nam ludzi. Najwi\u0119kszym naszym darczy\u0144c\u0105 jest<strong> RDLP w Olsztynie i podleg\u0142e Dyrekcji Nadle\u015bnictwa.<\/strong> Mo\u017cemy te\u017c zawsze liczy\u0107 na przychylno\u015b\u0107 <strong>\u00a0Powiatowej i Wojew\u00f3dzkiej Organizacji LOK, Warmi\u0144sko &#8211; Mazurskiego Oddzia\u0142u LOP, Wojew\u00f3dzkiej Dyrekcji Ochrony \u015arodowiska w Olsztynie<\/strong>. Informatycznie wspiera nas <strong>firma Tomasza Kicowskiego KAPPA z \u0141odzi.<\/strong><\/p>\n<p>Na koniec swojego wyst\u0105pienia podzi\u0119kowa\u0142 cz\u0142onkom ust\u0119puj\u0105cego Zarz\u0105du i Komisji Rewizyjnej za \u00a0aktywn\u0105 prac\u0119 na rzecz rozwoju i realizacj\u0119 planu pracy. Wr\u0119czy\u0142 im medale <strong>Za Zas\u0142ugi Dla Ko\u0142a<\/strong>. Medale z\u0142ote otrzymali Teresa Go\u0142\u0119biewska, Krystyna Leszczy\u0144ska, Grzegorz Kluczek, Micha\u0142 K\u0142\u0119bukowski, Bogus\u0142aw Szut, medale srebrne Zofia Siemianowska i Adam Tabor, medale br\u0105zowe Danuta D\u0142ugoszewska i Renata Janicka.<\/p>\n<p>Zarz\u0105d Wojew\u00f3dzki LOK przyzna\u0142 odznaki : &#8222;<strong>Zas\u0142u\u017cony Dzia\u0142acz Ligi Obrony Kraju&#8221; <\/strong>dla nast\u0119puj\u0105cych os\u00f3b: Ryszard Chudziakiewicz, El\u017cbieta Piwo\u0144ska, Tadeusz Pampuch, Pawe\u0142 Tabor, Jolanta Gazda, Wies\u0142awa Filipek.<\/p>\n<p>Po uroczystym udekorowaniu odznaczonych odby\u0142y si\u0119 wybory Zarz\u0105du i Komisji Rewizyjnej.<\/p>\n<p><strong>Zarz\u0105d Ko\u0142a:<\/strong><\/p>\n<p>Anatol Leszczy\u0144ski \u00a0 \u00a0 &#8211; prezes Ko\u0142a<\/p>\n<p>Grzegorz Kluczek \u00a0 \u00a0 \u00a0 &#8211; v-ce prezes d\/s statutowych<\/p>\n<p>Micha\u0142 K\u0142\u0119bukowski \u00a0 \u00a0 &#8211; v-ce prezes d\/s organizacyjnych<\/p>\n<p>Stefania Jarczyk \u00a0 \u00a0 \u00a0 \u00a0 \u00a0&#8211; sekretarz<\/p>\n<p>Teresa Go\u0142\u0119biewska \u00a0 \u00a0&#8211; skarbnik<\/p>\n<p>Krystyna Leszczy\u0144ska \u00a0&#8211; odpowiedzialna za stron\u0119 internetow\u0105 Ko\u0142a<\/p>\n<p>Waldemar Chrzanowski &#8211; cz\u0142onek zarz\u0105du d\/s kulturalno &#8211; o\u015bwiatowych<\/p>\n<p>J\u00f3zef Gazda \u00a0 \u00a0 \u00a0 \u00a0 \u00a0 \u00a0 \u00a0 \u00a0 \u00a0&#8211; cz\u0142onek zarz\u0105du d\/s \u00a0sport\u00f3w obronnych<\/p>\n<p>Bogus\u0142aw Szut \u00a0 \u00a0 \u00a0 \u00a0 \u00a0 \u00a0 \u00a0 &#8211; cz\u0142onek zarz\u0105du<\/p>\n<p>Czes\u0142aw Bu\u0144kowski \u00a0 \u00a0 \u00a0&#8211; cz\u0142onek zarz\u0105du&#8217;<\/p>\n<p><strong>Komisja Rewizyjna<\/strong><\/p>\n<p>Adam Tabor &#8211; przewodnicz\u0105cy<\/p>\n<p>Anna Kukli\u0144ska &#8211; cz\u0142onek<\/p>\n<p>Ryszard Chudziakiewicz &#8211; cz\u0142onek<\/p>\n<p>Podczas czwartkowego zebrania cz\u0142onkowie Ko\u0142a wybrali \u00a0tez delegat\u00f3w na Zjazd Powiatowy Ligi obrony Kraju. B\u0119d\u0105 nas reprezentowa\u0142y nast\u0119puj\u0105ce osoby:<\/p>\n<p>Waldemar Chrzanowski, J\u00f3zef Gazda, Grzegorz Kluczek, Micha\u0142 K\u0142\u0119bukowski, Kukli\u0144ska Anna, Krystyna Leszczy\u0144ska, Anatol Leszczy\u0144ski.<\/p>\n<p>&nbsp;<\/p>\n<p>&nbsp;<\/p>\n<p>&nbsp;<\/p>\n","protected":false},"excerpt":{"rendered":"<p>5 listopada 2015 r. odby\u0142o si\u0119 zebranie sprawozdawczo-wyborcze Ko\u0142a Mi\u0142o\u015bnik\u00f3w Lasu i Militari\u00f3w LOK przy ATW w Olsztynie. W spotkaniu udzia\u0142 wzi\u0119li zaproszeni go\u015bcie Jerzy Kowalski &#8211; prezes Wojew\u00f3dzkiej Organizacji LOK i J\u00f3zef Klucz z Powiatowej \u00a0Organizacji LOK w Olsztynie. Podczas obrad, Prezes\u00a0Ko\u0142a Anatol Leszczy\u0144ski przedstawi\u0142 sprawozdanie z dzia\u0142alno\u015bci Zarz\u0105du w latach 2010-2015. A dzia\u0142o [&hellip;]<\/p>\n","protected":false},"author":1,"featured_media":0,"comment_status":"open","ping_status":"open","sticky":false,"template":"","format":"standard","meta":{"footnotes":""},"categories":[1,9,6,3],"tags":[],"class_list":["post-2278","post","type-post","status-publish","format-standard","hentry","category-bez-kategorii","category-ciekawostki","category-odznaczenia","category-zebrania"],"_links":{"self":[{"href":"https:\/\/www.milosnicylasu.olsztyn.pl\/index.php?rest_route=\/wp\/v2\/posts\/2278","targetHints":{"allow":["GET"]}}],"collection":[{"href":"https:\/\/www.milosnicylasu.olsztyn.pl\/index.php?rest_route=\/wp\/v2\/posts"}],"about":[{"href":"https:\/\/www.milosnicylasu.olsztyn.pl\/index.php?rest_route=\/wp\/v2\/types\/post"}],"author":[{"embeddable":true,"href":"https:\/\/www.milosnicylasu.olsztyn.pl\/index.php?rest_route=\/wp\/v2\/users\/1"}],"replies":[{"embeddable":true,"href":"https:\/\/www.milosnicylasu.olsztyn.pl\/index.php?rest_route=%2Fwp%2Fv2%2Fcomments&post=2278"}],"version-history":[{"count":3,"href":"https:\/\/www.milosnicylasu.olsztyn.pl\/index.php?rest_route=\/wp\/v2\/posts\/2278\/revisions"}],"predecessor-version":[{"id":2284,"href":"https:\/\/www.milosnicylasu.olsztyn.pl\/index.php?rest_route=\/wp\/v2\/posts\/2278\/revisions\/2284"}],"wp:attachment":[{"href":"https:\/\/www.milosnicylasu.olsztyn.pl\/index.php?rest_route=%2Fwp%2Fv2%2Fmedia&parent=2278"}],"wp:term":[{"taxonomy":"category","embeddable":true,"href":"https:\/\/www.milosnicylasu.olsztyn.pl\/index.php?rest_route=%2Fwp%2Fv2%2Fcategories&post=2278"},{"taxonomy":"post_tag","embeddable":true,"href":"https:\/\/www.milosnicylasu.olsztyn.pl\/index.php?rest_route=%2Fwp%2Fv2%2Ftags&post=2278"}],"curies":[{"name":"wp","href":"https:\/\/api.w.org\/{rel}","templated":true}]}}