{"id":2302,"date":"2015-11-15T17:10:14","date_gmt":"2015-11-15T16:10:14","guid":{"rendered":"http:\/\/www.milosnicylasu.olsztyn.pl\/?p=2302"},"modified":"2015-11-15T17:10:14","modified_gmt":"2015-11-15T16:10:14","slug":"sobotnie-rajdy-7-i-14-listopada","status":"publish","type":"post","link":"https:\/\/www.milosnicylasu.olsztyn.pl\/?p=2302","title":{"rendered":"Sobotnie rajdy 7 i 14 listopada"},"content":{"rendered":"<p>Listopadowe w\u0119dr\u00f3wki przebiega\u0142y przez lasy Le\u015bnictwa Stary Dw\u00f3r.<\/p>\n<p><a href=\"http:\/\/www.milosnicylasu.olsztyn.pl\/wp-content\/uploads\/2015\/11\/DSCN4655-www.jpg\" data-rel=\"lightbox-image-0\" data-magnific_type=\"image\" data-rl_title=\"\" data-rl_caption=\"\" title=\"\"><img loading=\"lazy\" decoding=\"async\" class=\"alignleft size-medium wp-image-2303\" alt=\"DSCN4655-www\" src=\"http:\/\/www.milosnicylasu.olsztyn.pl\/wp-content\/uploads\/2015\/11\/DSCN4655-www-300x225.jpg\" width=\"300\" height=\"225\" srcset=\"https:\/\/www.milosnicylasu.olsztyn.pl\/wp-content\/uploads\/2015\/11\/DSCN4655-www-300x225.jpg 300w, https:\/\/www.milosnicylasu.olsztyn.pl\/wp-content\/uploads\/2015\/11\/DSCN4655-www-400x300.jpg 400w, https:\/\/www.milosnicylasu.olsztyn.pl\/wp-content\/uploads\/2015\/11\/DSCN4655-www.jpg 1024w\" sizes=\"auto, (max-width: 300px) 100vw, 300px\" \/><\/a>7 listopada rajd poprowadzi\u0142 Micha\u0142 K\u0142\u0119bukowski \u00a0a 14 listopada Tolek Leszczy\u0144ski.<\/p>\n<p>Ju\u017c bardzo jesiennie, ale nie tak bardzo zimno. Te kilka godzin, kt\u00f3re sp\u0119dzamy w ka\u017cd\u0105 sobot\u0119, szybko mija. Jest coraz mniej kolorowo, mgli\u015bcie, tajemniczo, szczeg\u00f3lnie nad rozlewiskiem przy kt\u00f3rym &#8222;mamy swoj\u0105 wiat\u0119&#8221;<a href=\"http:\/\/www.milosnicylasu.olsztyn.pl\/wp-content\/uploads\/2015\/11\/DSCN4662-www.jpg\" data-rel=\"lightbox-image-1\" data-magnific_type=\"image\" data-rl_title=\"\" data-rl_caption=\"\" title=\"\"><img loading=\"lazy\" decoding=\"async\" class=\"size-medium wp-image-2304 alignright\" alt=\"DSCN4662-www\" src=\"http:\/\/www.milosnicylasu.olsztyn.pl\/wp-content\/uploads\/2015\/11\/DSCN4662-www-300x225.jpg\" width=\"300\" height=\"225\" srcset=\"https:\/\/www.milosnicylasu.olsztyn.pl\/wp-content\/uploads\/2015\/11\/DSCN4662-www-300x225.jpg 300w, https:\/\/www.milosnicylasu.olsztyn.pl\/wp-content\/uploads\/2015\/11\/DSCN4662-www-400x300.jpg 400w, https:\/\/www.milosnicylasu.olsztyn.pl\/wp-content\/uploads\/2015\/11\/DSCN4662-www.jpg 1024w\" sizes=\"auto, (max-width: 300px) 100vw, 300px\" \/><\/a>.<\/p>\n<p>&nbsp;<\/p>\n<p>Odpoczywali\u015bmy, piekli\u015bmy kie\u0142baski no i&#8230;. uczestniczyli\u015bmy w konkursie przygotowanym przez Zosi\u0119 Romanowsk\u0105 i Waldka Chrzanowskiego. A tematem konkursu by\u0142o \u015awi\u0119to Hubertusa .Gratulujemy zwyci\u0119zcom : Teresce \u017bemojcin, Benkowi Kuckiemu i J\u00f3zkowi Ga\u017adzie.<\/p>\n<p><a href=\"http:\/\/www.milosnicylasu.olsztyn.pl\/wp-content\/uploads\/2015\/11\/DSCN4657-www.jpg\" data-rel=\"lightbox-image-2\" data-magnific_type=\"image\" data-rl_title=\"\" data-rl_caption=\"\" title=\"\"><img loading=\"lazy\" decoding=\"async\" class=\"alignleft size-medium wp-image-2305\" alt=\"DSCN4657-www\" src=\"http:\/\/www.milosnicylasu.olsztyn.pl\/wp-content\/uploads\/2015\/11\/DSCN4657-www-300x225.jpg\" width=\"300\" height=\"225\" srcset=\"https:\/\/www.milosnicylasu.olsztyn.pl\/wp-content\/uploads\/2015\/11\/DSCN4657-www-300x225.jpg 300w, https:\/\/www.milosnicylasu.olsztyn.pl\/wp-content\/uploads\/2015\/11\/DSCN4657-www-400x300.jpg 400w, https:\/\/www.milosnicylasu.olsztyn.pl\/wp-content\/uploads\/2015\/11\/DSCN4657-www.jpg 1024w\" sizes=\"auto, (max-width: 300px) 100vw, 300px\" \/><\/a><\/p>\n<p>&nbsp;<\/p>\n<p>Ostatnie w tym roku grzyby?<\/p>\n<p>&nbsp;<\/p>\n","protected":false},"excerpt":{"rendered":"<p>Listopadowe w\u0119dr\u00f3wki przebiega\u0142y przez lasy Le\u015bnictwa Stary Dw\u00f3r. 7 listopada rajd poprowadzi\u0142 Micha\u0142 K\u0142\u0119bukowski \u00a0a 14 listopada Tolek Leszczy\u0144ski. Ju\u017c bardzo jesiennie, ale nie tak bardzo zimno. Te kilka godzin, kt\u00f3re sp\u0119dzamy w ka\u017cd\u0105 sobot\u0119, szybko mija. Jest coraz mniej kolorowo, mgli\u015bcie, tajemniczo, szczeg\u00f3lnie nad rozlewiskiem przy kt\u00f3rym &#8222;mamy swoj\u0105 wiat\u0119&#8221;. &nbsp; Odpoczywali\u015bmy, piekli\u015bmy kie\u0142baski [&hellip;]<\/p>\n","protected":false},"author":1,"featured_media":0,"comment_status":"open","ping_status":"open","sticky":false,"template":"","format":"standard","meta":{"footnotes":""},"categories":[1,9,13],"tags":[],"class_list":["post-2302","post","type-post","status-publish","format-standard","hentry","category-bez-kategorii","category-ciekawostki","category-konkursy"],"_links":{"self":[{"href":"https:\/\/www.milosnicylasu.olsztyn.pl\/index.php?rest_route=\/wp\/v2\/posts\/2302","targetHints":{"allow":["GET"]}}],"collection":[{"href":"https:\/\/www.milosnicylasu.olsztyn.pl\/index.php?rest_route=\/wp\/v2\/posts"}],"about":[{"href":"https:\/\/www.milosnicylasu.olsztyn.pl\/index.php?rest_route=\/wp\/v2\/types\/post"}],"author":[{"embeddable":true,"href":"https:\/\/www.milosnicylasu.olsztyn.pl\/index.php?rest_route=\/wp\/v2\/users\/1"}],"replies":[{"embeddable":true,"href":"https:\/\/www.milosnicylasu.olsztyn.pl\/index.php?rest_route=%2Fwp%2Fv2%2Fcomments&post=2302"}],"version-history":[{"count":1,"href":"https:\/\/www.milosnicylasu.olsztyn.pl\/index.php?rest_route=\/wp\/v2\/posts\/2302\/revisions"}],"predecessor-version":[{"id":2306,"href":"https:\/\/www.milosnicylasu.olsztyn.pl\/index.php?rest_route=\/wp\/v2\/posts\/2302\/revisions\/2306"}],"wp:attachment":[{"href":"https:\/\/www.milosnicylasu.olsztyn.pl\/index.php?rest_route=%2Fwp%2Fv2%2Fmedia&parent=2302"}],"wp:term":[{"taxonomy":"category","embeddable":true,"href":"https:\/\/www.milosnicylasu.olsztyn.pl\/index.php?rest_route=%2Fwp%2Fv2%2Fcategories&post=2302"},{"taxonomy":"post_tag","embeddable":true,"href":"https:\/\/www.milosnicylasu.olsztyn.pl\/index.php?rest_route=%2Fwp%2Fv2%2Ftags&post=2302"}],"curies":[{"name":"wp","href":"https:\/\/api.w.org\/{rel}","templated":true}]}}