{"id":2315,"date":"2015-11-17T07:49:41","date_gmt":"2015-11-17T06:49:41","guid":{"rendered":"http:\/\/www.milosnicylasu.olsztyn.pl\/?p=2315"},"modified":"2015-11-17T07:49:41","modified_gmt":"2015-11-17T06:49:41","slug":"w-niedziele-po-spacerze","status":"publish","type":"post","link":"https:\/\/www.milosnicylasu.olsztyn.pl\/?p=2315","title":{"rendered":"W niedziel\u0119, po spacerze&#8230;&#8230;&#8230;&#8230;"},"content":{"rendered":"<p>W niedziel\u0119, po ostatnim spacerze co\u015b mnie nasz\u0142o na pisanie.<\/p>\n<p>Wyszed\u0142 z tego taki wierszyk.<\/p>\n<p>&nbsp;<\/p>\n<p>POZDRAWIAM<\/p>\n<p>Benek Kucki<\/p>\n<p align=\"center\">\n<p align=\"center\">W naszej grupie sporo ludzi<\/p>\n<p align=\"center\">Cz\u0119sto lubi si\u0119 potrudzi\u0107.<\/p>\n<p align=\"center\">Od niedzieli do soboty<\/p>\n<p align=\"center\">Nabieraj\u0105 wci\u0105\u017c ochoty;<\/p>\n<p align=\"center\">By do lasu spacerowa\u0107,<\/p>\n<p align=\"center\">Zdrowie na d\u0142u\u017cej zachowa\u0107.<\/p>\n<p align=\"center\">Kiedy d\u0142u\u017cej spacerujesz,<\/p>\n<p align=\"center\">Dobrze zdrowie podratujesz.<\/p>\n<p align=\"center\">Pod gazet\u0105 ju\u017c le\u017cenie,<\/p>\n<p align=\"center\">Coraz bardziej nie jest w cenie.<\/p>\n<p align=\"center\">Te\u017c to wiadomo: le\u015bne powietrze,<\/p>\n<p align=\"center\">Jest od miejskiego o wiele lepsze.<\/p>\n<p align=\"center\">B\u0119d\u0105c cz\u0119\u015bciej po\u015br\u00f3d ludzi,<\/p>\n<p align=\"center\">Ich sympati\u0119 mo\u017cesz wzbudzi\u0107.<\/p>\n<p align=\"center\">Wi\u0119c przyja\u017anie tu powstaj\u0105,<\/p>\n<p align=\"center\">Kt\u00f3re nawet d\u0142ugo trwaj\u0105.<\/p>\n<p align=\"center\">Tu przepisy te\u017c podaj\u0105<\/p>\n<p align=\"center\">Kt\u00f3rzy do\u015bwiadczenie maj\u0105 \u2013<\/p>\n<p align=\"center\">Jak nalewki przygotowa\u0107<\/p>\n<p align=\"center\">I smacznego co\u015b gotowa\u0107.<\/p>\n<p align=\"center\">Wi\u0119c kolego nie sied\u017a w domu,<\/p>\n<p align=\"center\">Wyjd\u017a przed \u017con\u0105 po kryjomu,<\/p>\n<p align=\"center\">Lub te\u017c zabierz j\u0105 ze sob\u0105,<\/p>\n<p align=\"center\">Mo\u017ce by\u0107 grupy ozdob\u0105.<\/p>\n<p align=\"center\">Pa\u0144 wspania\u0142ych sporo mamy,<\/p>\n<p align=\"center\">Nowe ch\u0119tnie powitamy.<\/p>\n<p>&nbsp;<\/p>\n","protected":false},"excerpt":{"rendered":"<p>W niedziel\u0119, po ostatnim spacerze co\u015b mnie nasz\u0142o na pisanie. Wyszed\u0142 z tego taki wierszyk. &nbsp; POZDRAWIAM Benek Kucki W naszej grupie sporo ludzi Cz\u0119sto lubi si\u0119 potrudzi\u0107. Od niedzieli do soboty Nabieraj\u0105 wci\u0105\u017c ochoty; By do lasu spacerowa\u0107, Zdrowie na d\u0142u\u017cej zachowa\u0107. Kiedy d\u0142u\u017cej spacerujesz, Dobrze zdrowie podratujesz. Pod gazet\u0105 ju\u017c le\u017cenie, Coraz bardziej [&hellip;]<\/p>\n","protected":false},"author":1,"featured_media":0,"comment_status":"open","ping_status":"open","sticky":false,"template":"","format":"standard","meta":{"footnotes":""},"categories":[1,9,2,7],"tags":[],"class_list":["post-2315","post","type-post","status-publish","format-standard","hentry","category-bez-kategorii","category-ciekawostki","category-rajdy","category-wiersze"],"_links":{"self":[{"href":"https:\/\/www.milosnicylasu.olsztyn.pl\/index.php?rest_route=\/wp\/v2\/posts\/2315","targetHints":{"allow":["GET"]}}],"collection":[{"href":"https:\/\/www.milosnicylasu.olsztyn.pl\/index.php?rest_route=\/wp\/v2\/posts"}],"about":[{"href":"https:\/\/www.milosnicylasu.olsztyn.pl\/index.php?rest_route=\/wp\/v2\/types\/post"}],"author":[{"embeddable":true,"href":"https:\/\/www.milosnicylasu.olsztyn.pl\/index.php?rest_route=\/wp\/v2\/users\/1"}],"replies":[{"embeddable":true,"href":"https:\/\/www.milosnicylasu.olsztyn.pl\/index.php?rest_route=%2Fwp%2Fv2%2Fcomments&post=2315"}],"version-history":[{"count":1,"href":"https:\/\/www.milosnicylasu.olsztyn.pl\/index.php?rest_route=\/wp\/v2\/posts\/2315\/revisions"}],"predecessor-version":[{"id":2316,"href":"https:\/\/www.milosnicylasu.olsztyn.pl\/index.php?rest_route=\/wp\/v2\/posts\/2315\/revisions\/2316"}],"wp:attachment":[{"href":"https:\/\/www.milosnicylasu.olsztyn.pl\/index.php?rest_route=%2Fwp%2Fv2%2Fmedia&parent=2315"}],"wp:term":[{"taxonomy":"category","embeddable":true,"href":"https:\/\/www.milosnicylasu.olsztyn.pl\/index.php?rest_route=%2Fwp%2Fv2%2Fcategories&post=2315"},{"taxonomy":"post_tag","embeddable":true,"href":"https:\/\/www.milosnicylasu.olsztyn.pl\/index.php?rest_route=%2Fwp%2Fv2%2Ftags&post=2315"}],"curies":[{"name":"wp","href":"https:\/\/api.w.org\/{rel}","templated":true}]}}