{"id":2321,"date":"2015-11-22T08:08:43","date_gmt":"2015-11-22T07:08:43","guid":{"rendered":"http:\/\/www.milosnicylasu.olsztyn.pl\/?p=2321"},"modified":"2015-11-22T08:08:43","modified_gmt":"2015-11-22T07:08:43","slug":"240-lat-nadlesnictwa-kudypy","status":"publish","type":"post","link":"https:\/\/www.milosnicylasu.olsztyn.pl\/?p=2321","title":{"rendered":"240 lat Nadle\u015bnictwa Kudypy"},"content":{"rendered":"<p>20 listopada w Nadle\u015bnictwie Kudypy odby\u0142o si\u0119 spotkanie przedstawicieli Zarz\u0105du Ko\u0142a z Nadle\u015bniczym Nadle\u015bnictwa Panem Alfredem Szlaskim. Podczas spotkania, w imieniu wszystkich cz\u0142onk\u00f3w naszego Ko\u0142a, podzi\u0119kowano Panu Nadle\u015bniczemu za dotychczasow\u0105 wsp\u00f3\u0142prac\u0119.<a href=\"http:\/\/www.milosnicylasu.olsztyn.pl\/wp-content\/uploads\/2015\/11\/DSCN4664-www.jpg\" data-rel=\"lightbox-image-0\" data-magnific_type=\"image\" data-rl_title=\"\" data-rl_caption=\"\" title=\"\"><img loading=\"lazy\" decoding=\"async\" class=\"alignleft size-medium wp-image-2322\" alt=\"DSCN4664-www\" src=\"http:\/\/www.milosnicylasu.olsztyn.pl\/wp-content\/uploads\/2015\/11\/DSCN4664-www-300x225.jpg\" width=\"300\" height=\"225\" srcset=\"https:\/\/www.milosnicylasu.olsztyn.pl\/wp-content\/uploads\/2015\/11\/DSCN4664-www-300x225.jpg 300w, https:\/\/www.milosnicylasu.olsztyn.pl\/wp-content\/uploads\/2015\/11\/DSCN4664-www-400x300.jpg 400w, https:\/\/www.milosnicylasu.olsztyn.pl\/wp-content\/uploads\/2015\/11\/DSCN4664-www.jpg 1024w\" sizes=\"auto, (max-width: 300px) 100vw, 300px\" \/><\/a> Z\u0142o\u017cono gratulacje \u00a0z okazji pi\u0119knego jubileuszu i wr\u0119czono \u00a0obraz namalowany przez nasz\u0105 kole\u017cank\u0119 Basi\u0119 Kowalewsk\u0105.<\/p>\n<p><strong><em><a href=\"http:\/\/www.milosnicylasu.olsztyn.pl\/wp-content\/uploads\/2015\/11\/DSCN4665-www.jpg\" data-rel=\"lightbox-image-1\" data-magnific_type=\"image\" data-rl_title=\"\" data-rl_caption=\"\" title=\"\"><img loading=\"lazy\" decoding=\"async\" class=\"size-medium wp-image-2323 alignright\" alt=\"DSCN4665-www\" src=\"http:\/\/www.milosnicylasu.olsztyn.pl\/wp-content\/uploads\/2015\/11\/DSCN4665-www-300x225.jpg\" width=\"300\" height=\"225\" srcset=\"https:\/\/www.milosnicylasu.olsztyn.pl\/wp-content\/uploads\/2015\/11\/DSCN4665-www-300x225.jpg 300w, https:\/\/www.milosnicylasu.olsztyn.pl\/wp-content\/uploads\/2015\/11\/DSCN4665-www-400x300.jpg 400w, https:\/\/www.milosnicylasu.olsztyn.pl\/wp-content\/uploads\/2015\/11\/DSCN4665-www.jpg 1024w\" sizes=\"auto, (max-width: 300px) 100vw, 300px\" \/><\/a><\/em><\/strong><\/p>\n<p>&nbsp;<\/p>\n<p>&nbsp;<\/p>\n<p>&nbsp;<\/p>\n<p><strong><em>Wszystkim pracownikom Nadle\u015bnictwa Kudypy \u017cyczymy wszystkiego najlepszego, du\u017co zdrowia, zadowolenia i spe\u0142nienia le\u015bnych marze\u0144.<\/em><\/strong><\/p>\n<p><em><strong>Darz B\u00f3r<\/strong><\/em><\/p>\n","protected":false},"excerpt":{"rendered":"<p>20 listopada w Nadle\u015bnictwie Kudypy odby\u0142o si\u0119 spotkanie przedstawicieli Zarz\u0105du Ko\u0142a z Nadle\u015bniczym Nadle\u015bnictwa Panem Alfredem Szlaskim. Podczas spotkania, w imieniu wszystkich cz\u0142onk\u00f3w naszego Ko\u0142a, podzi\u0119kowano Panu Nadle\u015bniczemu za dotychczasow\u0105 wsp\u00f3\u0142prac\u0119. Z\u0142o\u017cono gratulacje \u00a0z okazji pi\u0119knego jubileuszu i wr\u0119czono \u00a0obraz namalowany przez nasz\u0105 kole\u017cank\u0119 Basi\u0119 Kowalewsk\u0105. &nbsp; &nbsp; &nbsp; Wszystkim pracownikom Nadle\u015bnictwa Kudypy \u017cyczymy wszystkiego [&hellip;]<\/p>\n","protected":false},"author":1,"featured_media":0,"comment_status":"open","ping_status":"open","sticky":false,"template":"","format":"standard","meta":{"footnotes":""},"categories":[1,9],"tags":[],"class_list":["post-2321","post","type-post","status-publish","format-standard","hentry","category-bez-kategorii","category-ciekawostki"],"_links":{"self":[{"href":"https:\/\/www.milosnicylasu.olsztyn.pl\/index.php?rest_route=\/wp\/v2\/posts\/2321","targetHints":{"allow":["GET"]}}],"collection":[{"href":"https:\/\/www.milosnicylasu.olsztyn.pl\/index.php?rest_route=\/wp\/v2\/posts"}],"about":[{"href":"https:\/\/www.milosnicylasu.olsztyn.pl\/index.php?rest_route=\/wp\/v2\/types\/post"}],"author":[{"embeddable":true,"href":"https:\/\/www.milosnicylasu.olsztyn.pl\/index.php?rest_route=\/wp\/v2\/users\/1"}],"replies":[{"embeddable":true,"href":"https:\/\/www.milosnicylasu.olsztyn.pl\/index.php?rest_route=%2Fwp%2Fv2%2Fcomments&post=2321"}],"version-history":[{"count":1,"href":"https:\/\/www.milosnicylasu.olsztyn.pl\/index.php?rest_route=\/wp\/v2\/posts\/2321\/revisions"}],"predecessor-version":[{"id":2324,"href":"https:\/\/www.milosnicylasu.olsztyn.pl\/index.php?rest_route=\/wp\/v2\/posts\/2321\/revisions\/2324"}],"wp:attachment":[{"href":"https:\/\/www.milosnicylasu.olsztyn.pl\/index.php?rest_route=%2Fwp%2Fv2%2Fmedia&parent=2321"}],"wp:term":[{"taxonomy":"category","embeddable":true,"href":"https:\/\/www.milosnicylasu.olsztyn.pl\/index.php?rest_route=%2Fwp%2Fv2%2Fcategories&post=2321"},{"taxonomy":"post_tag","embeddable":true,"href":"https:\/\/www.milosnicylasu.olsztyn.pl\/index.php?rest_route=%2Fwp%2Fv2%2Ftags&post=2321"}],"curies":[{"name":"wp","href":"https:\/\/api.w.org\/{rel}","templated":true}]}}